{"id":1000,"date":"2008-08-06T20:35:25","date_gmt":"2008-08-07T01:35:25","guid":{"rendered":"https:\/\/eloficiodehistoriar.com.mx\/?p=1000"},"modified":"2008-08-06T20:35:25","modified_gmt":"2008-08-07T01:35:25","slug":"indice-del-observador-en-esta-semana","status":"publish","type":"post","link":"http:\/\/eloficiodehistoriar.com.mx\/?p=1000","title":{"rendered":"Indice del Observador en esta semana&#8230;"},"content":{"rendered":"<p><strong><img loading=\"lazy\" decoding=\"async\" border=\"0\" align=\"left\" width=\"70\" src=\"http:\/\/www.elobservadorenlinea.com\/images\/stories\/elobservador_ico.gif\" hspace=\"6\" alt=\"Image\" height=\"68\" title=\"Image\" \/>Hoy en la edici\u00f3n impresa de El Observador publicamos&#8230;<\/strong><\/p>\n<ol>\n<li>P\u00d3RTICO &#8211; Sucesor de los ap\u00f3stoles \/ Por Jaime Septi\u00e9n<\/li>\n<li>PORTADA &#8211; En la reforma energ\u00e9tica deben primar los\u00a0 criterios de solidaridad y de bien com\u00fan\u00a0 \/ Por Sergio Estrada \/ Corresponsal de El Observador en M\u00e9xico, D.F.<\/li>\n<li>PORTADA &#8211; Sobre la marcha<\/li>\n<li>MIRADAS &#8211; Iglesia en el mundo<\/li>\n<li>RINC\u00d3N DE LECTURA &#8211; Un mensajero en la noche \/ Por Jaime Septi\u00e9n<\/li>\n<li>MIRADAS &#8211; Por las di\u00f3cesis de M\u00e9xico<\/li>\n<li>REPORTAJE &#8211; El incansable profeta de la Paz \/ Por Fernando Pascual\u00a0<\/li>\n<li>INTERNACIONAL &#8211; Las mujeres del Vaticano<\/li>\n<li>Y RAZONES &#8211; El embri\u00f3n humano y su justicia \/ Jorge E. Traslosheros<\/li>\n<li>DOCUMENTOS PARA LA HISTORIA &#8211; Controversias sin fruto<\/li>\n<li>CONTEXTO ECLESIAL DOMINGO XVIII DEL TIEMPO ORDINARIO &#8211; Pan para todos (mt 14, 13-21). \/ Por el padre Umberto Marsich, m.x.<\/li>\n<li>TESTIMONIO FLOR DE HARINA (Sal 147, 14) &#8211; Caminar, caminar \/ Por el P. Justo L\u00f3pez Mel\u00fas<\/li>\n<li>\u00bfPOR QU\u00c9 ME HICE SACERDOTE? &#8211; \u00abDios ha dispuesto de todo y en todo ha estado pendiente\u00bb<\/li>\n<li>TESTIMONIO\u00a0 &#8211; A un paso, la canonizaci\u00f3n del ap\u00f3stol de los leprosos<\/li>\n<li>TESTIMONIO &#8211; Jim Caviezel revela que adopt\u00f3 a dos ni\u00f1os discapacitados<\/li>\n<li>REFLEXIONES &#8211; Actitud ante las vocaciones \/ Por el Padre Nicol\u00e1s Schwizer<\/li>\n<li>DEBATE &#8211; China y las Olimpiadas: la otra cara de las medallas<\/li>\n<li>DEBATE &#8211; S\u00f3lo un caso entre muchos<\/li>\n<li>TEMAS DE HOY HOMBRE NUEVO &#8211; Su \u00fanico tesoro \/ Por Jos\u00e9 Manuel Otaolaurruchi, L.C.\u00a0<\/li>\n<li>CONTRACULTURA &#8211; Feliz cumplea\u00f1os Mandela \/ Por Ignacio Navarro Valle \/\u00a0 Zapopan, Jal.<\/li>\n<li>BIO\u00c9TICA &#8211; Diferentes y en di\u00e1logo \/ Por Fernando Pascual \/ Roma<\/li>\n<li>TEMAS DE HOY &#8211; Crimen de lesa humanidad \/ Miguel Rivilla San Mart\u00edn\u00a0<\/li>\n<li>PROMOCI\u00d3N HUMANA DESDE MI PARROQUIA DE PUEBLO &#8211; Don Dimas Ruiz, de Santa Luc\u00eda \/ Por el padre Melesio Dom\u00ednguez R. \/ Parroquia de Santa Luc\u00eda, di\u00f3cesis de Quer\u00e9taro<\/li>\n<li>AL MARGEN\u2026 &#8211; Descartes vivo \/ Por Juan Carlos Moreno Romo<\/li>\n<li>ALACENA &#8211; Amor, dos impulsos y un solo latido \/ Por Carlos D\u00edaz \/ Espa\u00f1a<\/li>\n<li>CULTURA LUCES Y AMORES &#8211; Fieles en lo poco \/ Por\u00a0 Alejandro Soriano Vall\u00e9s<\/li>\n<li>CON PERMISO &#8211; El \u00faltimo lugar de la tierra \/ Por Miguel Aranguren<\/li>\n<li>ENSAYOS CRISTIANOS &#8211; La ciudad del olvido \/ Por el padre Juan Jes\u00fas Priego \/ San Luis Potos\u00ed<\/li>\n<li>MEDIOS DE COMUNICACI\u00d3N &#8211; CINE: LO QUE S\u00cd HAY QUE VER (O VOLVER A VER)- Humberto D<\/li>\n<li>MEDIOS DE COMUNICACI\u00d3N &#8211; Curso virtual sobre san Pablo y su vigencia en la Iglesia<\/li>\n<li>MEDIOS DE COMUNICACI\u00d3N &#8211; Dibujos animados sobre la infancia de san Josemar\u00eda Escriv\u00e1 estar\u00e1n listos en octubre<\/li>\n<li>FAMILIA PINCELADAS &#8211; El raj\u00e1 y su tesorero \/ Por el padre Justo L\u00f3pez Mel\u00fas<\/li>\n<li>FAMILIA &#8211; \u00bfMujeres objeto? No toda la culpa es de los hombres<\/li>\n<li>LOS MENSAJES DE SAN PABLO &#8211; El tesoro de la Verdad \/ Por\u00a0 Walter Turnbull<\/li>\n<li>J\u00d3VENES &#8211; \u00a1El Papa encuentra el rostro joven de la Iglesia en Australia! \/ Por Sandra Ram\u00edrez \/ Roma<\/li>\n<li>J\u00d3VENES &#8211; Un espa\u00f1ol de 21 a\u00f1os podr\u00eda llegar a los altares<\/li>\n<li>NI\u00d1OS &#8211; \u00bfTe gusta quejarte y criticar?<\/li>\n<li>NI\u00d1OS \u2013 Chispitas<\/li>\n<\/ol>\n","protected":false},"excerpt":{"rendered":"<p>Hoy en la edici\u00f3n impresa de El Observador publicamos&#8230; P\u00d3RTICO &#8211; Sucesor de los ap\u00f3stoles \/ Por Jaime Septi\u00e9n PORTADA &#8211; En la reforma energ\u00e9tica deben primar los\u00a0 criterios de solidaridad y de bien com\u00fan\u00a0 \/ Por Sergio Estrada \/ Corresponsal de El Observador en M\u00e9xico, D.F. PORTADA &#8211; Sobre la marcha MIRADAS &#8211; Iglesia [&hellip;]<\/p>\n","protected":false},"author":249,"featured_media":0,"comment_status":"open","ping_status":"closed","sticky":false,"template":"","format":"standard","meta":{"footnotes":""},"categories":[26],"tags":[],"class_list":["post-1000","post","type-post","status-publish","format-standard","hentry","category-mundo"],"_links":{"self":[{"href":"http:\/\/eloficiodehistoriar.com.mx\/index.php?rest_route=\/wp\/v2\/posts\/1000","targetHints":{"allow":["GET"]}}],"collection":[{"href":"http:\/\/eloficiodehistoriar.com.mx\/index.php?rest_route=\/wp\/v2\/posts"}],"about":[{"href":"http:\/\/eloficiodehistoriar.com.mx\/index.php?rest_route=\/wp\/v2\/types\/post"}],"author":[{"embeddable":true,"href":"http:\/\/eloficiodehistoriar.com.mx\/index.php?rest_route=\/wp\/v2\/users\/249"}],"replies":[{"embeddable":true,"href":"http:\/\/eloficiodehistoriar.com.mx\/index.php?rest_route=%2Fwp%2Fv2%2Fcomments&post=1000"}],"version-history":[{"count":0,"href":"http:\/\/eloficiodehistoriar.com.mx\/index.php?rest_route=\/wp\/v2\/posts\/1000\/revisions"}],"wp:attachment":[{"href":"http:\/\/eloficiodehistoriar.com.mx\/index.php?rest_route=%2Fwp%2Fv2%2Fmedia&parent=1000"}],"wp:term":[{"taxonomy":"category","embeddable":true,"href":"http:\/\/eloficiodehistoriar.com.mx\/index.php?rest_route=%2Fwp%2Fv2%2Fcategories&post=1000"},{"taxonomy":"post_tag","embeddable":true,"href":"http:\/\/eloficiodehistoriar.com.mx\/index.php?rest_route=%2Fwp%2Fv2%2Ftags&post=1000"}],"curies":[{"name":"wp","href":"https:\/\/api.w.org\/{rel}","templated":true}]}}