{"id":1005,"date":"2008-08-07T05:59:26","date_gmt":"2008-08-07T10:59:26","guid":{"rendered":"https:\/\/eloficiodehistoriar.com.mx\/?p=1005"},"modified":"2008-08-07T06:01:28","modified_gmt":"2008-08-07T11:01:28","slug":"60-anos-de-vida-y-36-dedicados-a-la-promocion-cultural","status":"publish","type":"post","link":"http:\/\/eloficiodehistoriar.com.mx\/?p=1005","title":{"rendered":"60 a\u00f1os de vida y 36 dedicados a la promoci\u00f3n cultural"},"content":{"rendered":"<p><a href=\"https:\/\/eloficiodehistoriar.com.mx\/wp-content\/uploads\/2008\/08\/jfz-072.jpg\" title=\"jfz-072.jpg\"><img decoding=\"async\" src=\"https:\/\/eloficiodehistoriar.com.mx\/wp-content\/uploads\/2008\/08\/jfz-072.thumbnail.jpg\" alt=\"jfz-072.jpg\" \/><\/a><a href=\"https:\/\/eloficiodehistoriar.com.mx\/wp-content\/uploads\/2008\/08\/jfz-062.jpg\" title=\"jfz-062.jpg\"><img decoding=\"async\" src=\"https:\/\/eloficiodehistoriar.com.mx\/wp-content\/uploads\/2008\/08\/jfz-062.thumbnail.jpg\" alt=\"jfz-062.jpg\" \/><\/a><a href=\"https:\/\/eloficiodehistoriar.com.mx\/wp-content\/uploads\/2008\/08\/jfz-326.jpg\" title=\"jfz-326.jpg\"><img decoding=\"async\" src=\"https:\/\/eloficiodehistoriar.com.mx\/wp-content\/uploads\/2008\/08\/jfz-326.thumbnail.jpg\" alt=\"jfz-326.jpg\" \/><\/a><a href=\"https:\/\/eloficiodehistoriar.com.mx\/wp-content\/uploads\/2008\/08\/jfz-1-6.jpg\" title=\"jfz-1-6.jpg\"><img decoding=\"async\" src=\"https:\/\/eloficiodehistoriar.com.mx\/wp-content\/uploads\/2008\/08\/jfz-1-6.thumbnail.jpg\" alt=\"jfz-1-6.jpg\" \/><\/a><a href=\"https:\/\/eloficiodehistoriar.com.mx\/wp-content\/uploads\/2008\/08\/jfz-332.jpg\" title=\"jfz-332.jpg\"><img decoding=\"async\" src=\"https:\/\/eloficiodehistoriar.com.mx\/wp-content\/uploads\/2008\/08\/jfz-332.thumbnail.jpg\" alt=\"jfz-332.jpg\" \/><\/a><a href=\"https:\/\/eloficiodehistoriar.com.mx\/wp-content\/uploads\/2008\/08\/jfz-054.jpg\" title=\"jfz-054.jpg\"><img decoding=\"async\" src=\"https:\/\/eloficiodehistoriar.com.mx\/wp-content\/uploads\/2008\/08\/jfz-054.thumbnail.jpg\" alt=\"jfz-054.jpg\" \/><\/a><a href=\"https:\/\/eloficiodehistoriar.com.mx\/wp-content\/uploads\/2008\/08\/jfz-1-32.jpg\" title=\"jfz-1-32.jpg\"><img decoding=\"async\" src=\"https:\/\/eloficiodehistoriar.com.mx\/wp-content\/uploads\/2008\/08\/jfz-1-32.thumbnail.jpg\" alt=\"jfz-1-32.jpg\" \/><\/a><a href=\"https:\/\/eloficiodehistoriar.com.mx\/wp-content\/uploads\/2008\/08\/jfz-1-1.jpg\" title=\"jfz-1-1.jpg\"><img decoding=\"async\" src=\"https:\/\/eloficiodehistoriar.com.mx\/wp-content\/uploads\/2008\/08\/jfz-1-1.thumbnail.jpg\" alt=\"jfz-1-1.jpg\" \/><\/a><a href=\"https:\/\/eloficiodehistoriar.com.mx\/wp-content\/uploads\/2008\/08\/jfz-050.jpg\" title=\"jfz-050.jpg\"><img decoding=\"async\" src=\"https:\/\/eloficiodehistoriar.com.mx\/wp-content\/uploads\/2008\/08\/jfz-050.thumbnail.jpg\" alt=\"jfz-050.jpg\" \/><\/a><a href=\"https:\/\/eloficiodehistoriar.com.mx\/wp-content\/uploads\/2008\/08\/jfz-288.jpg\" title=\"jfz-288.jpg\"><img decoding=\"async\" src=\"https:\/\/eloficiodehistoriar.com.mx\/wp-content\/uploads\/2008\/08\/jfz-288.thumbnail.jpg\" alt=\"jfz-288.jpg\" \/><\/a><a href=\"https:\/\/eloficiodehistoriar.com.mx\/wp-content\/uploads\/2008\/08\/jfz-339.jpg\" title=\"jfz-339.jpg\"><img decoding=\"async\" src=\"https:\/\/eloficiodehistoriar.com.mx\/wp-content\/uploads\/2008\/08\/jfz-339.thumbnail.jpg\" alt=\"jfz-339.jpg\" \/><\/a><a href=\"https:\/\/eloficiodehistoriar.com.mx\/wp-content\/uploads\/2008\/08\/jfz-394.jpg\" title=\"jfz-394.jpg\"><img decoding=\"async\" src=\"https:\/\/eloficiodehistoriar.com.mx\/wp-content\/uploads\/2008\/08\/jfz-394.thumbnail.jpg\" alt=\"jfz-394.jpg\" \/><\/a><a href=\"https:\/\/eloficiodehistoriar.com.mx\/wp-content\/uploads\/2008\/08\/tatis-006.jpg\" title=\"tatis-006.jpg\"><img decoding=\"async\" src=\"https:\/\/eloficiodehistoriar.com.mx\/wp-content\/uploads\/2008\/08\/tatis-006.thumbnail.jpg\" alt=\"tatis-006.jpg\" \/><\/a><a href=\"https:\/\/eloficiodehistoriar.com.mx\/wp-content\/uploads\/2008\/08\/tlachinolli.jpg\" title=\"tlachinolli.jpg\"><img decoding=\"async\" src=\"https:\/\/eloficiodehistoriar.com.mx\/wp-content\/uploads\/2008\/08\/tlachinolli.thumbnail.jpg\" alt=\"tlachinolli.jpg\" \/><\/a><a href=\"https:\/\/eloficiodehistoriar.com.mx\/wp-content\/uploads\/2008\/08\/jfz-126.jpg\" title=\"jfz-126.jpg\"><img decoding=\"async\" src=\"https:\/\/eloficiodehistoriar.com.mx\/wp-content\/uploads\/2008\/08\/jfz-126.thumbnail.jpg\" alt=\"jfz-126.jpg\" \/><\/a><a href=\"https:\/\/eloficiodehistoriar.com.mx\/wp-content\/uploads\/2008\/08\/jfz-120.jpg\" title=\"jfz-120.jpg\"><img decoding=\"async\" src=\"https:\/\/eloficiodehistoriar.com.mx\/wp-content\/uploads\/2008\/08\/jfz-120.thumbnail.jpg\" alt=\"jfz-120.jpg\" \/><\/a><a href=\"https:\/\/eloficiodehistoriar.com.mx\/wp-content\/uploads\/2008\/08\/jfz-1-50.jpg\" title=\"jfz-1-50.jpg\"><img decoding=\"async\" src=\"https:\/\/eloficiodehistoriar.com.mx\/wp-content\/uploads\/2008\/08\/jfz-1-50.thumbnail.jpg\" alt=\"jfz-1-50.jpg\" \/><\/a><a href=\"https:\/\/eloficiodehistoriar.com.mx\/wp-content\/uploads\/2008\/08\/jfz-1-40.jpg\" title=\"jfz-1-40.jpg\"><img decoding=\"async\" src=\"https:\/\/eloficiodehistoriar.com.mx\/wp-content\/uploads\/2008\/08\/jfz-1-40.thumbnail.jpg\" alt=\"jfz-1-40.jpg\" \/><\/a><a href=\"https:\/\/eloficiodehistoriar.com.mx\/wp-content\/uploads\/2008\/08\/jfz-1-21.jpg\" title=\"jfz-1-21.jpg\"><img decoding=\"async\" src=\"https:\/\/eloficiodehistoriar.com.mx\/wp-content\/uploads\/2008\/08\/jfz-1-21.thumbnail.jpg\" alt=\"jfz-1-21.jpg\" \/><\/a><a href=\"https:\/\/eloficiodehistoriar.com.mx\/wp-content\/uploads\/2008\/08\/jfz-1-24.jpg\" title=\"jfz-1-24.jpg\"><img decoding=\"async\" src=\"https:\/\/eloficiodehistoriar.com.mx\/wp-content\/uploads\/2008\/08\/jfz-1-24.thumbnail.jpg\" alt=\"jfz-1-24.jpg\" \/><\/a><a href=\"https:\/\/eloficiodehistoriar.com.mx\/wp-content\/uploads\/2008\/08\/jfz-1-15.jpg\" title=\"jfz-1-15.jpg\"><img decoding=\"async\" src=\"https:\/\/eloficiodehistoriar.com.mx\/wp-content\/uploads\/2008\/08\/jfz-1-15.thumbnail.jpg\" alt=\"jfz-1-15.jpg\" \/><\/a><a href=\"https:\/\/eloficiodehistoriar.com.mx\/wp-content\/uploads\/2008\/08\/jfz-1-10.jpg\" title=\"jfz-1-10.jpg\"><img decoding=\"async\" src=\"https:\/\/eloficiodehistoriar.com.mx\/wp-content\/uploads\/2008\/08\/jfz-1-10.thumbnail.jpg\" alt=\"jfz-1-10.jpg\" \/><\/a><a href=\"https:\/\/eloficiodehistoriar.com.mx\/wp-content\/uploads\/2008\/08\/jfz-1-5.jpg\" title=\"jfz-1-5.jpg\"><img decoding=\"async\" src=\"https:\/\/eloficiodehistoriar.com.mx\/wp-content\/uploads\/2008\/08\/jfz-1-5.thumbnail.jpg\" alt=\"jfz-1-5.jpg\" \/><\/a><a href=\"https:\/\/eloficiodehistoriar.com.mx\/wp-content\/uploads\/2008\/08\/jfz-1-4.jpg\" title=\"jfz-1-4.jpg\"><img decoding=\"async\" src=\"https:\/\/eloficiodehistoriar.com.mx\/wp-content\/uploads\/2008\/08\/jfz-1-4.thumbnail.jpg\" alt=\"jfz-1-4.jpg\" \/><\/a><a href=\"https:\/\/eloficiodehistoriar.com.mx\/wp-content\/uploads\/2008\/08\/01-1.jpg\" title=\"01-1.jpg\"><img decoding=\"async\" src=\"https:\/\/eloficiodehistoriar.com.mx\/wp-content\/uploads\/2008\/08\/01-1.thumbnail.jpg\" alt=\"01-1.jpg\" \/><\/a><a href=\"https:\/\/eloficiodehistoriar.com.mx\/wp-content\/uploads\/2008\/08\/jfz-1-3.jpg\" title=\"jfz-1-3.jpg\"><img decoding=\"async\" src=\"https:\/\/eloficiodehistoriar.com.mx\/wp-content\/uploads\/2008\/08\/jfz-1-3.thumbnail.jpg\" alt=\"jfz-1-3.jpg\" \/><\/a><a href=\"https:\/\/eloficiodehistoriar.com.mx\/wp-content\/uploads\/2008\/08\/foto-6.jpg\" title=\"foto-6.jpg\"><img decoding=\"async\" src=\"https:\/\/eloficiodehistoriar.com.mx\/wp-content\/uploads\/2008\/08\/foto-6.thumbnail.jpg\" alt=\"foto-6.jpg\" \/><\/a><a href=\"https:\/\/eloficiodehistoriar.com.mx\/wp-content\/uploads\/2008\/08\/foto-3.jpg\" title=\"foto-3.jpg\"><img decoding=\"async\" src=\"https:\/\/eloficiodehistoriar.com.mx\/wp-content\/uploads\/2008\/08\/foto-3.thumbnail.jpg\" alt=\"foto-3.jpg\" \/><\/a><a href=\"https:\/\/eloficiodehistoriar.com.mx\/wp-content\/uploads\/2008\/08\/jfz-323.jpg\" title=\"jfz-323.jpg\"><img decoding=\"async\" src=\"https:\/\/eloficiodehistoriar.com.mx\/wp-content\/uploads\/2008\/08\/jfz-323.thumbnail.jpg\" alt=\"jfz-323.jpg\" \/><\/a><a href=\"https:\/\/eloficiodehistoriar.com.mx\/wp-content\/uploads\/2008\/08\/luis-gonzalez-y-gonzalez.jpg\" title=\"luis-gonzalez-y-gonzalez.jpg\"><img decoding=\"async\" src=\"https:\/\/eloficiodehistoriar.com.mx\/wp-content\/uploads\/2008\/08\/luis-gonzalez-y-gonzalez.thumbnail.jpg\" alt=\"luis-gonzalez-y-gonzalez.jpg\" \/><\/a><a href=\"https:\/\/eloficiodehistoriar.com.mx\/wp-content\/uploads\/2008\/08\/jfz-024.jpg\" title=\"jfz-024.jpg\"><img decoding=\"async\" src=\"https:\/\/eloficiodehistoriar.com.mx\/wp-content\/uploads\/2008\/08\/jfz-024.thumbnail.jpg\" alt=\"jfz-024.jpg\" \/><\/a><a href=\"https:\/\/eloficiodehistoriar.com.mx\/wp-content\/uploads\/2008\/08\/jfz-1-17.jpg\" title=\"jfz-1-17.jpg\"><img decoding=\"async\" src=\"https:\/\/eloficiodehistoriar.com.mx\/wp-content\/uploads\/2008\/08\/jfz-1-17.thumbnail.jpg\" alt=\"jfz-1-17.jpg\" \/><\/a><a href=\"https:\/\/eloficiodehistoriar.com.mx\/wp-content\/uploads\/2008\/08\/escaneo-001.jpg\" title=\"escaneo-001.jpg\"><img decoding=\"async\" src=\"https:\/\/eloficiodehistoriar.com.mx\/wp-content\/uploads\/2008\/08\/escaneo-001.thumbnail.jpg\" alt=\"escaneo-001.jpg\" \/><\/a><a href=\"https:\/\/eloficiodehistoriar.com.mx\/wp-content\/uploads\/2008\/08\/jfz-228.jpg\" title=\"jfz-228.jpg\"><img decoding=\"async\" src=\"https:\/\/eloficiodehistoriar.com.mx\/wp-content\/uploads\/2008\/08\/jfz-228.thumbnail.jpg\" alt=\"jfz-228.jpg\" \/><\/a><a href=\"https:\/\/eloficiodehistoriar.com.mx\/wp-content\/uploads\/2008\/08\/escudo-pagina-155.jpg\" title=\"escudo-pagina-155.jpg\"><img decoding=\"async\" src=\"https:\/\/eloficiodehistoriar.com.mx\/wp-content\/uploads\/2008\/08\/escudo-pagina-155.thumbnail.jpg\" alt=\"escudo-pagina-155.jpg\" \/><\/a><\/p>\n<p>Dijo el Profesor Eduardo Loarca Castillo, Cronista de la ciudad de Quer\u00e9taro, m\u00fasico eminente, Director del Conservatorio de M\u00fasica y del Museo Regional de Quer\u00e9taro:<\/p>\n<p>\u00abAl leer el libro de JOSE FELIX ZAVALA, me he puesto a pensar que desgraciadamente en muchas acciones, nosotros hemos ido dejando que las cosas se pierdan.<\/p>\n<p>Yo pienso que la obra de JOSE FELIX ZAVALA es una cosa importante que \u00e9l ha hecho y que debemos seguir todos y debemos seguirla porque la tradici\u00f3n, es parte de nosotros mismos, la imagen de nuestra forma de ser, de nuestra ideosincracia que esta metida en todas esas cosas peque\u00f1as que nosotros creemos que no tienen trascendencia.<\/p>\n<p>Yo por eso felicito a mi amigo JOSE FELIX ZAVALA de que nos haya removido un poco el coraz\u00f3n y la conciencia para que nos propongamos todos, cuidar lo m\u00e1s valioso que tenemos, que es nuestra TRADICI\u00d3N y es nuestra personalidad\u00bb<\/p>\n<p>Este a\u00f1o tambien se cumplen 20 a\u00f1os de salir a la luz el primer libro sobre Quer\u00e9taro de JOSE FELIX ZAVALA \u00abLa Tradici\u00f3n\u00bb, con cinco ediciones\u00a0 y una gran cantidad de reediciones, m\u00e1s otros 25 libros m\u00e1s.<\/p>\n<p>36 a\u00f1os de que un 12 de agosto de 1972 inaugurara en la ciudad de Oaxaca, el Centro Cultural \u00abEl Quijote\u00bb.<\/p>\n<p>22 a\u00f1os de haber sido el primer corresponsal de ese gran diario que es \u00abLa Jornada\u00bb<\/p>\n<p>24 a\u00f1os de integrarse como editorialista de los diarios locales<\/p>\n<p>22 a\u00f1os de haber fundado el Archivo Hist\u00f3rico Municipal de la ciudad de Quer\u00e9taro<\/p>\n<p>12 a\u00f1os de impartir el taller \u00abEl Oficio de historiar\u00bb<\/p>\n","protected":false},"excerpt":{"rendered":"<p>Dijo el Profesor Eduardo Loarca Castillo, Cronista de la ciudad de Quer\u00e9taro, m\u00fasico eminente, Director del Conservatorio de M\u00fasica y del Museo Regional de Quer\u00e9taro: \u00abAl leer el libro de JOSE FELIX ZAVALA, me he puesto a pensar que desgraciadamente en muchas acciones, nosotros hemos ido dejando que las cosas se pierdan. Yo pienso que [&hellip;]<\/p>\n","protected":false},"author":249,"featured_media":0,"comment_status":"open","ping_status":"closed","sticky":false,"template":"","format":"standard","meta":{"footnotes":""},"categories":[8,11,10],"tags":[],"class_list":["post-1005","post","type-post","status-publish","format-standard","hentry","category-ciudad-de-queretaro","category-fotografia","category-historia"],"_links":{"self":[{"href":"http:\/\/eloficiodehistoriar.com.mx\/index.php?rest_route=\/wp\/v2\/posts\/1005","targetHints":{"allow":["GET"]}}],"collection":[{"href":"http:\/\/eloficiodehistoriar.com.mx\/index.php?rest_route=\/wp\/v2\/posts"}],"about":[{"href":"http:\/\/eloficiodehistoriar.com.mx\/index.php?rest_route=\/wp\/v2\/types\/post"}],"author":[{"embeddable":true,"href":"http:\/\/eloficiodehistoriar.com.mx\/index.php?rest_route=\/wp\/v2\/users\/249"}],"replies":[{"embeddable":true,"href":"http:\/\/eloficiodehistoriar.com.mx\/index.php?rest_route=%2Fwp%2Fv2%2Fcomments&post=1005"}],"version-history":[{"count":0,"href":"http:\/\/eloficiodehistoriar.com.mx\/index.php?rest_route=\/wp\/v2\/posts\/1005\/revisions"}],"wp:attachment":[{"href":"http:\/\/eloficiodehistoriar.com.mx\/index.php?rest_route=%2Fwp%2Fv2%2Fmedia&parent=1005"}],"wp:term":[{"taxonomy":"category","embeddable":true,"href":"http:\/\/eloficiodehistoriar.com.mx\/index.php?rest_route=%2Fwp%2Fv2%2Fcategories&post=1005"},{"taxonomy":"post_tag","embeddable":true,"href":"http:\/\/eloficiodehistoriar.com.mx\/index.php?rest_route=%2Fwp%2Fv2%2Ftags&post=1005"}],"curies":[{"name":"wp","href":"https:\/\/api.w.org\/{rel}","templated":true}]}}