{"id":1041,"date":"2008-08-07T09:00:46","date_gmt":"2008-08-07T14:00:46","guid":{"rendered":"https:\/\/eloficiodehistoriar.com.mx\/?p=1041"},"modified":"2008-08-07T09:00:46","modified_gmt":"2008-08-07T14:00:46","slug":"somos-lo-que-hacemos-en-los-medios","status":"publish","type":"post","link":"http:\/\/eloficiodehistoriar.com.mx\/?p=1041","title":{"rendered":"SOMOS LO QUE HACEMOS&#8230; En los medios"},"content":{"rendered":"<p><strong><span style=\"font-size: 9pt; color: black; font-family: Arial\">Somos lo que hacemos para cambiar lo que somos.<\/span><\/strong><strong><span style=\"color: black; font-family: Arial\"> <\/span><\/strong><span style=\"color: black; font-family: Arial\"><br \/>\n<\/span><strong><span style=\"font-size: 9pt; color: black; font-family: Arial\">E. Galeano<o:p><\/o:p><\/span><\/strong><\/p>\n<p align=\"center\" style=\"margin: 0cm 0cm 0pt; text-align: center\" class=\"MsoNormal\"><strong><span style=\"font-size: 18pt; color: black; font-family: Arial\"><\/span><\/strong><\/p>\n<p align=\"center\" style=\"margin: 0cm 0cm 0pt; text-align: center\" class=\"MsoNormal\"><strong><span style=\"font-size: 18pt; color: black; font-family: Arial\"><\/span><\/strong><\/p>\n<p align=\"center\" style=\"margin: 0cm 0cm 0pt; text-align: center\" class=\"MsoNormal\"><strong><span style=\"font-size: 18pt; color: black; font-family: Arial\">Libertad de prensa, <\/span><\/strong><\/p>\n<p align=\"center\" style=\"margin: 0cm 0cm 0pt; text-align: center\" class=\"MsoNormal\"><strong><span style=\"font-size: 18pt; color: black; font-family: Arial\"><\/span><\/strong><\/p>\n<p align=\"center\" style=\"margin: 0cm 0cm 0pt; text-align: center\" class=\"MsoNormal\"><strong><span style=\"font-size: 18pt; color: black; font-family: Arial\"><\/span><\/strong><\/p>\n<p align=\"center\" style=\"margin: 0cm 0cm 0pt; text-align: center\" class=\"MsoNormal\"><strong><span style=\"font-size: 18pt; color: black; font-family: Arial\"><\/span><\/strong><\/p>\n<p><strong><span style=\"font-size: 18pt; color: black; font-family: Arial\">\u00bfLa de 1951, con Alem\u00e1n?<o:p><\/o:p><\/span><\/strong><strong><span style=\"color: black; font-family: Arial\"><o:p><\/o:p><\/span><\/strong><strong><span style=\"color: black; font-family: Arial\"><o:p>\u00a0<\/o:p><\/span><\/strong><\/p>\n<p style=\"margin: 0cm 0cm 0pt; text-align: justify\" class=\"MsoNormal\"><strong><span style=\"color: black; font-family: Arial\"><\/span><\/strong><\/p>\n<p style=\"margin: 0cm 0cm 0pt; text-align: justify\" class=\"MsoNormal\"><strong><span style=\"color: black; font-family: Arial\"><\/span><\/strong><\/p>\n<p style=\"margin: 0cm 0cm 0pt; text-align: justify\" class=\"MsoNormal\"><strong><span style=\"color: black; font-family: Arial\"><\/span><\/strong><\/p>\n<p><strong><span style=\"color: black; font-family: Arial\">\u00bfLimitarla o ampliarla?<o:p><\/o:p><\/span><\/strong><\/p>\n<p style=\"margin: 0cm 0cm 0pt; text-align: justify\" class=\"MsoNormal\"><strong><span style=\"color: black; font-family: Arial\"><\/span><\/strong><\/p>\n<p><strong><span style=\"color: black; font-family: Arial\">\u00bfControlarla o liberarla?<o:p><\/o:p><\/span><\/strong><\/p>\n<p style=\"margin: 0cm 0cm 0pt; text-align: justify\" class=\"MsoNormal\"><strong><span style=\"color: black; font-family: Arial\"><\/span><\/strong><\/p>\n<p><strong><span style=\"color: black; font-family: Arial\">\u00bfCensura o autocensura?<o:p><\/o:p><\/span><\/strong><\/p>\n<p style=\"margin: 0cm 0cm 0pt; text-align: justify\" class=\"MsoNormal\"><strong><span style=\"color: black; font-family: Arial\"><\/span><\/strong><\/p>\n<p><strong><span style=\"color: black; font-family: Arial\">\u00bfResponsabilidad privada o p\u00fablica?<o:p><\/o:p><\/span><\/strong><\/p>\n<p style=\"margin: 0cm 0cm 0pt; text-align: justify\" class=\"MsoNormal\"><strong><span style=\"color: black; font-family: Arial\"><\/span><\/strong><\/p>\n<p><strong><span style=\"color: black; font-family: Arial\">\u00bfNormarla o demandarla?<o:p><\/o:p><\/span><\/strong><\/p>\n<p style=\"margin: 0cm 0cm 0pt; text-align: justify\" class=\"MsoNormal\"><strong><span style=\"color: black; font-family: Arial\"><\/span><\/strong><\/p>\n<p><strong><span style=\"color: black; font-family: Arial\">\u00bfParcialidad o medias verdades?<o:p><\/o:p><\/span><\/strong><\/p>\n<p style=\"margin: 0cm 0cm 0pt; text-align: justify\" class=\"MsoNormal\"><strong><span style=\"color: black; font-family: Arial\"><\/span><\/strong><\/p>\n<p><strong><span style=\"color: black; font-family: Arial\">\u00bfFalsedad o hechos?<o:p><\/o:p><\/span><\/strong><\/p>\n<p style=\"margin: 0cm 0cm 0pt; text-align: justify\" class=\"MsoNormal\"><strong><span style=\"color: black; font-family: Arial\"><\/span><\/strong><\/p>\n<p><strong><span style=\"color: black; font-family: Arial\">\u00bfChismes o noticias?<o:p><\/o:p><\/span><\/strong><\/p>\n<p style=\"margin: 0cm 0cm 0pt; text-align: justify\" class=\"MsoNormal\"><strong><span style=\"color: black; font-family: Arial\"><\/span><\/strong><\/p>\n<p><strong><span style=\"color: black; font-family: Arial\">\u00bfAsuntos privados o de inter\u00e9s p\u00fablico?<o:p><\/o:p><\/span><\/strong><\/p>\n<p style=\"margin: 0cm 0cm 0pt\" class=\"MsoNormal\"><strong><span style=\"color: black; font-family: Arial\"><\/span><\/strong><\/p>\n<p><strong><span style=\"color: black; font-family: Arial\">\u00bfFiltraciones o resultado de investigaciones? <o:p><\/o:p><\/span><\/strong><span style=\"color: black; font-family: Arial\"><o:p>\u00a0<\/o:p><\/span><span style=\"color: black; font-family: Arial\"><o:p>\u00a0<\/o:p><\/span><span style=\"color: black; font-family: Arial\"><o:p>\u00a0<\/o:p><\/span><\/p>\n<p style=\"margin: 0cm 0cm 0pt\" class=\"MsoNormal\"><span style=\"color: black; font-family: Arial\"><\/span><\/p>\n<p><span style=\"color: black; font-family: Arial\">Quiero abordar el tema relativo al papel protag\u00f3nico que los medios de comunicaci\u00f3n y sus hacedores, tienen en relaci\u00f3n a lo que podr\u00edamos nombrar como: \u00ab<strong>creaci\u00f3n de ciudadan\u00eda\u00bb.<\/p>\n<p><\/strong><\/span><span style=\"color: black; font-family: Arial\"><o:p><\/o:p><\/span><\/p>\n<p style=\"margin: 0cm 0cm 0pt; text-align: justify\" class=\"MsoNormal\"><span style=\"color: black; font-family: Arial\"><\/span><\/p>\n<p><span style=\"color: black; font-family: Arial\">La evaluaci\u00f3n cr\u00edtica de los medios parte del presupuesto de que para construir ciudadan\u00eda, es decir para propiciar una ecuaci\u00f3n de deberes y derechos, en favor de la condici\u00f3n de ciudadan\u00eda, se requiere de una mayor equidad, igualdad y libertad.<o:p><\/o:p><\/span><span style=\"color: black; font-family: Arial\"><o:p>\u00a0<\/o:p><\/span><\/p>\n<p style=\"margin: 0cm 0cm 0pt; text-align: justify\" class=\"MsoNormal\"><span style=\"color: black; font-family: Arial\"><\/span><\/p>\n<p><span style=\"color: black; font-family: Arial\">Por esa raz\u00f3n, entendiendo la importancia de los medios y la responsabilidad social que tiene su ejercicio, no se puede eludir, el ser exigentes con su ejercicio cr\u00edtico.<o:p><\/o:p><\/span><span style=\"color: black; font-family: Arial\"><o:p>\u00a0<\/o:p><\/span><\/p>\n<p style=\"margin: 0cm 0cm 0pt; text-align: justify\" class=\"MsoNormal\"><span style=\"color: black; font-family: Arial\"><\/span><\/p>\n<p><span style=\"color: black; font-family: Arial\">Se requiere superar la ostentaci\u00f3n de presentarlos gen\u00e9ricamente como \u00abbuenos\u00bb y benevolentes, porque cumplen con el rol de preservar la democracia y la pluralidad de opciones.<o:p><\/o:p><\/span><span style=\"color: black; font-family: Arial\"><o:p>\u00a0<\/o:p><\/span><\/p>\n<p style=\"margin: 0cm 0cm 0pt; text-align: justify\" class=\"MsoNormal\"><span style=\"color: black; font-family: Arial\"><\/span><\/p>\n<p><span style=\"color: black; font-family: Arial\">Ya que muchas veces incurren en comunicaciones perversas y en lugar de medios, se transforman en centros ideol\u00f3gicos, que aprovechados de su notoriedad, protagonismo y poder, buscan imponer sus criterios e intereses.<\/p>\n<p><\/span><span style=\"color: black; font-family: Arial\"><o:p><\/o:p><\/span><\/p>\n<p style=\"margin: 0cm 0cm 0pt; text-align: justify\" class=\"MsoNormal\"><span style=\"color: black; font-family: Arial\"><\/span><\/p>\n<p><span style=\"color: black; font-family: Arial\">Y en relaci\u00f3n con la idea de ciudadan\u00eda,<span>\u00a0 <\/span>concepto<span>\u00a0 <\/span>ligado<span>\u00a0 <\/span>a los derechos civiles (de opini\u00f3n, expresi\u00f3n y asociaci\u00f3n),<span>\u00a0 <\/span>pol\u00edticos (a ejercer su voto y a ser representado en los poderes p\u00fablicos) y m\u00e1s recientemente a los derechos de<span>\u00a0 <\/span>al trabajo, a la salud, a la educaci\u00f3n, a un ingreso digno, a un medio ambiente sano.<o:p><\/o:p><\/span><span style=\"color: black; font-family: Arial\"><o:p>\u00a0<\/o:p><\/span><\/p>\n<p style=\"margin: 0cm 0cm 0pt\" class=\"MsoNormal\"><span style=\"color: black; font-family: Arial\"><\/span><\/p>\n<p><span style=\"color: black; font-family: Arial\">El replanteo de los medios de comunicaci\u00f3n debe centrarse en el horizonte de<span>\u00a0 <\/span>igualdad, libertad y equidad, porque el uso del espacio medi\u00e1tico,<span>\u00a0 <\/span>permite que se sean solo un actor frente a otros actores.<\/p>\n<p><\/span><span style=\"color: black; font-family: Arial\"><o:p><\/o:p><\/span><\/p>\n<p style=\"margin: 0cm 0cm 0pt; text-align: justify\" class=\"MsoNormal\"><span style=\"color: black; font-family: Arial\"><\/span><\/p>\n<p><span style=\"color: black; font-family: Arial\">Este es el punto clave, porque cuando se piensa en generar ciudadan\u00eda y disminuir la exclusi\u00f3n social no puede obviarse <span>\u00a0<\/span>que los medios de comunicaci\u00f3n act\u00faan dentro de un conjunto de posibilidades educativas, culturales, etc. en una palabra posibilidades<span>\u00a0 <\/span>ciudadanas, pero al mismo tiempo representan un riesgo, cuando se colocan al servicio de prop\u00f3sitos perversos. <o:p><\/o:p><\/span><\/p>\n<p style=\"margin: 0cm 0cm 0pt; text-align: justify\" class=\"MsoNormal\"><span style=\"color: black; font-family: Arial\"><\/span><\/p>\n<p style=\"margin: 0cm 0cm 0pt; text-align: justify\" class=\"MsoNormal\"><span style=\"color: black; font-family: Arial\"><\/span><\/p>\n<p style=\"margin: 0cm 0cm 0pt; text-align: justify\" class=\"MsoNormal\"><span style=\"color: black; font-family: Arial\">Los medios masivos cumplen la indispensable labor de informar y de auspiciar la comunicaci\u00f3n, claves de la democracia, pero al mismo tiempo, utilizados como v\u00edas de propaganda<span>\u00a0 <\/span>llegan a convertirse en fuentes de conflicto y de multiplicaci\u00f3n de las tensiones.<\/span><span style=\"font-size: 11pt; color: black; font-family: Arial\"><\/p>\n<p><\/span><\/p>\n<p><span style=\"color: black; font-family: Arial\"><o:p><\/o:p><\/span><\/p>\n<p style=\"margin: 0cm 0cm 0pt; text-align: justify\" class=\"MsoNormal\"><span style=\"color: black; font-family: Arial\"><\/span><\/p>\n<p><span style=\"color: black; font-family: Arial\">El reto est\u00e1 en superar las comunicaciones perversas y en propiciar una comunicaci\u00f3n al servicio de la ciudadan\u00eda, de la cultura de los derechos humanos fundamentales, y eso implica, por una parte, denunciar y criticar el uso abusivo de los medios.<o:p><\/o:p><\/span><span style=\"color: black; font-family: Arial\"><o:p>\u00a0<\/o:p><\/span><\/p>\n<p style=\"margin: 0cm 0cm 0pt; text-align: justify\" class=\"MsoNormal\"><span style=\"color: black; font-family: Arial\"><\/span><\/p>\n<p style=\"margin: 0cm 0cm 0pt; text-align: justify\" class=\"MsoNormal\"><span style=\"color: black; font-family: Arial\"><\/span><\/p>\n<p><span style=\"color: black; font-family: Arial\">Lo mismo que el af\u00e1n recurrente de transmitir mensajes que se hacen pasar como opini\u00f3n o informaci\u00f3n y son propaganda que incita al odio y a la violencia<o:p><\/o:p><\/span><span style=\"color: black; font-family: Arial\">y no a la pr\u00e1ctica de reconstruir el tejido social<o:p><\/o:p><\/span><span style=\"color: black; font-family: Arial\"><o:p>\u00a0<\/o:p><\/span><\/p>\n<p style=\"margin: 0cm 0cm 0pt; text-align: justify\" class=\"MsoNormal\"><span style=\"color: black; font-family: Arial\"><\/span><\/p>\n<p><span style=\"color: black; font-family: Arial\">Sino que deben los medios a mi real saber y entender apuntalar una comunicaci\u00f3n que act\u00fae conscientemente en beneficio de la sociedad, para crear diversos espacios de negociaci\u00f3n de conflictos, para reconocer el protagonismo de muchos actores, y<span>\u00a0 <\/span>generar una sensibilidad que favorezca los valores de la democracia y de los derechos humanos.<\/p>\n<p><\/span><span style=\"color: black; font-family: Arial\"><o:p><\/o:p><\/span><\/p>\n<p style=\"margin: 0cm 0cm 0pt; text-align: justify\" class=\"MsoNormal\"><span style=\"color: black; font-family: Arial\"><\/span><\/p>\n<p><span style=\"color: black; font-family: Arial\">Ahora que se discute la parcialidad de los medios de comunicaci\u00f3n, faltar\u00eda una discusi\u00f3n ampliada que clarifique su papel social, estableciendo reglas expl\u00edcitas, fijadas dentro de los l\u00edmites del marco de la ley.<\/p>\n<p><\/span><span style=\"color: black; font-family: Arial\"><o:p><\/o:p><\/span><\/p>\n<p style=\"margin: 0cm 0cm 0pt; text-align: justify\" class=\"MsoNormal\"><span style=\"color: black; font-family: Arial\"><\/span><\/p>\n<p><span style=\"color: black; font-family: Arial\">El debate ha llegado a centrarse en el cuestionamiento de que si los medios pueden evaluar al gobierno, a los consumidores, a los ciudadanos y a terceros.<o:p><\/o:p><\/span><span style=\"color: black; font-family: Arial\"><o:p>\u00a0<\/o:p><\/span><\/p>\n<p style=\"margin: 0cm 0cm 0pt; text-align: justify\" class=\"MsoNormal\"><span style=\"color: black; font-family: Arial\"><\/span><\/p>\n<p><span style=\"color: black; font-family: Arial\">\u00bfQui\u00e9n cr\u00edtica o puede evaluar pues a los medios de comunicaci\u00f3n?<o:p><\/o:p><\/span><span style=\"color: black; font-family: Arial\"><o:p>\u00a0<\/o:p><\/span><\/p>\n<p style=\"margin: 0cm 0cm 0pt; text-align: justify\" class=\"MsoNormal\"><span style=\"color: black; font-family: Arial\"><\/span><\/p>\n<p><span style=\"color: black; font-family: Arial\">No olvidemos que si hay malos en esta pel\u00edcula, es por la concentraci\u00f3n de su poder. Se necesita un juez y este es la ciudadan\u00eda organizada.<span>\u00a0\u00a0\u00a0 <\/span><span>\u00a0<\/span><o:p><\/o:p><\/span><span style=\"color: black; font-family: Arial\"><o:p>\u00a0<\/o:p><\/span><\/p>\n<p style=\"margin: 0cm 0cm 0pt\" class=\"MsoNormal\"><span style=\"color: black; font-family: Arial\"><\/span><\/p>\n<p><span style=\"color: black; font-family: Arial\">Para ello se requiere la creaci\u00f3n de una l\u00f3gica de empoderamiento ciudadano, de la participaci\u00f3n de muchos, una red de redes de lo que ya se ha hecho com\u00fan denominar: La sociedad civil.<\/p>\n<p><\/span><span style=\"color: black; font-family: Arial\"><o:p><\/o:p><\/span><\/p>\n<p style=\"margin: 0cm 0cm 0pt; text-align: justify\" class=\"MsoNormal\"><span style=\"color: black; font-family: Arial\"><\/span><\/p>\n<p><span style=\"color: black; font-family: Arial\">El examen de la comunicaci\u00f3n masiva resulta indispensable porque de muchas maneras incide en las representaciones sociales a partir de las cuales se puede construir la convivencia humana, pues para lograr acuerdos y entendimientos resulta indispensable que prevalezca la l\u00f3gica del di\u00e1logo.<\/p>\n<p><\/span><span style=\"color: black; font-family: Arial\"><o:p><\/o:p><\/span><\/p>\n<p style=\"margin: 0cm 0cm 0pt; text-align: justify\" class=\"MsoNormal\"><span style=\"color: black; font-family: Arial\"><\/span><\/p>\n<p><span style=\"color: black; font-family: Arial\">El problema est\u00e1 en que desde el campo medi\u00e1tico en demasiadas ocasiones en lugar de propiciar el acuerdo se estimula el conflicto, porque se intenta condicionar a trav\u00e9s de las noticias e informaciones, y de sus emisiones, las soluciones que se deben adoptar para superar los conflictos, eso hace que muchas veces los medios sean parte, e incluso el centro de la disputa.<\/p>\n<p><\/span><span style=\"color: black; font-family: Arial\"><o:p><\/o:p><\/span><\/p>\n<p style=\"margin: 0cm 0cm 0pt; text-align: justify\" class=\"MsoNormal\"><span style=\"color: black; font-family: Arial\"><\/span><\/p>\n<p><span style=\"color: black; font-family: Arial\">El Gobernador del estado de Quer\u00e9taro en tiempos idos, al ser interrogado por un servidor sobre \u00bfHasta donde le es posible a un simple periodista llegar en la denuncia? La respuesta fue \u201cHasta donde tu Director te lo permita\u201d<o:p><\/o:p><\/span><span style=\"color: black; font-family: Arial\"><o:p>\u00a0<\/o:p><\/span><span style=\"color: black; font-family: Arial\"><o:p>\u00a0<\/o:p><\/span><\/p>\n<p align=\"right\" style=\"margin: 0cm 0cm 0pt; text-align: right\" class=\"MsoNormal\"><span style=\"font-size: 9pt; color: black; font-family: Arial\"><\/span><\/p>\n<p><span style=\"font-size: 9pt; color: black; font-family: Arial\">Texto totalmente descontextualizado de Javier L\u00f3pez por J.F.Z. <o:p><\/o:p><\/span><\/p>\n","protected":false},"excerpt":{"rendered":"<p>Somos lo que hacemos para cambiar lo que somos. E. Galeano Libertad de prensa, \u00bfLa de 1951, con Alem\u00e1n?\u00a0 \u00bfLimitarla o ampliarla? \u00bfControlarla o liberarla? \u00bfCensura o autocensura? \u00bfResponsabilidad privada o p\u00fablica? \u00bfNormarla o demandarla? \u00bfParcialidad o medias verdades? \u00bfFalsedad o hechos? \u00bfChismes o noticias? \u00bfAsuntos privados o de inter\u00e9s p\u00fablico? \u00bfFiltraciones o resultado de [&hellip;]<\/p>\n","protected":false},"author":249,"featured_media":0,"comment_status":"open","ping_status":"closed","sticky":false,"template":"","format":"standard","meta":{"footnotes":""},"categories":[26],"tags":[],"class_list":["post-1041","post","type-post","status-publish","format-standard","hentry","category-mundo"],"_links":{"self":[{"href":"http:\/\/eloficiodehistoriar.com.mx\/index.php?rest_route=\/wp\/v2\/posts\/1041","targetHints":{"allow":["GET"]}}],"collection":[{"href":"http:\/\/eloficiodehistoriar.com.mx\/index.php?rest_route=\/wp\/v2\/posts"}],"about":[{"href":"http:\/\/eloficiodehistoriar.com.mx\/index.php?rest_route=\/wp\/v2\/types\/post"}],"author":[{"embeddable":true,"href":"http:\/\/eloficiodehistoriar.com.mx\/index.php?rest_route=\/wp\/v2\/users\/249"}],"replies":[{"embeddable":true,"href":"http:\/\/eloficiodehistoriar.com.mx\/index.php?rest_route=%2Fwp%2Fv2%2Fcomments&post=1041"}],"version-history":[{"count":0,"href":"http:\/\/eloficiodehistoriar.com.mx\/index.php?rest_route=\/wp\/v2\/posts\/1041\/revisions"}],"wp:attachment":[{"href":"http:\/\/eloficiodehistoriar.com.mx\/index.php?rest_route=%2Fwp%2Fv2%2Fmedia&parent=1041"}],"wp:term":[{"taxonomy":"category","embeddable":true,"href":"http:\/\/eloficiodehistoriar.com.mx\/index.php?rest_route=%2Fwp%2Fv2%2Fcategories&post=1041"},{"taxonomy":"post_tag","embeddable":true,"href":"http:\/\/eloficiodehistoriar.com.mx\/index.php?rest_route=%2Fwp%2Fv2%2Ftags&post=1041"}],"curies":[{"name":"wp","href":"https:\/\/api.w.org\/{rel}","templated":true}]}}