{"id":1042,"date":"2008-08-07T09:04:52","date_gmt":"2008-08-07T14:04:52","guid":{"rendered":"https:\/\/eloficiodehistoriar.com.mx\/?p=1042"},"modified":"2008-08-07T09:04:52","modified_gmt":"2008-08-07T14:04:52","slug":"el-estudiante-en-los-colegios-jesuitas-siglo-xvlll","status":"publish","type":"post","link":"http:\/\/eloficiodehistoriar.com.mx\/?p=1042","title":{"rendered":"El estudiante en los colegios jesuitas. Siglo XVlll"},"content":{"rendered":"<p align=\"center\" style=\"margin: 0cm 0cm 0pt; text-align: center\" class=\"MsoNormal\"><strong><span style=\"font-size: 22pt; color: black; font-family: Arial\">El Estudiante <\/span><\/strong><\/p>\n<p align=\"center\" style=\"margin: 0cm 0cm 0pt; text-align: center\" class=\"MsoNormal\"><strong><span style=\"font-size: 22pt; color: black; font-family: Arial\"><\/span><\/strong><\/p>\n<p align=\"center\" style=\"margin: 0cm 0cm 0pt; text-align: center\" class=\"MsoNormal\"><strong><span style=\"font-size: 22pt; color: black; font-family: Arial\"><\/span><\/strong><\/p>\n<p align=\"center\" style=\"margin: 0cm 0cm 0pt; text-align: center\" class=\"MsoNormal\"><strong><span style=\"font-size: 22pt; color: black; font-family: Arial\">en los Antiguos Colegios <\/span><\/strong><\/p>\n<p align=\"center\" style=\"margin: 0cm 0cm 0pt; text-align: center\" class=\"MsoNormal\"><strong><span style=\"font-size: 22pt; color: black; font-family: Arial\"><\/span><\/strong><\/p>\n<p align=\"center\" style=\"margin: 0cm 0cm 0pt; text-align: center\" class=\"MsoNormal\"><strong><span style=\"font-size: 22pt; color: black; font-family: Arial\"><\/span><\/strong><\/p>\n<p><strong><span style=\"font-size: 22pt; color: black; font-family: Arial\">Jesuitas de Quer\u00e9taro<o:p><\/o:p><\/span><\/strong><\/p>\n<p align=\"center\" style=\"margin: 0cm 0cm 0pt; text-align: center\" class=\"MsoNormal\"><strong><span style=\"color: black; font-family: Arial\"><\/span><\/strong><\/p>\n<p align=\"center\" style=\"margin: 0cm 0cm 0pt; text-align: center\" class=\"MsoNormal\"><strong><span style=\"color: black; font-family: Arial\"><\/span><\/strong><\/p>\n<p align=\"center\" style=\"margin: 0cm 0cm 0pt; text-align: center\" class=\"MsoNormal\"><strong><span style=\"color: black; font-family: Arial\"><\/span><\/strong><\/p>\n<p><strong><span style=\"color: black; font-family: Arial\">Jos\u00e9 F\u00e9lix Zavala<o:p><\/o:p><\/span><\/strong><strong><span style=\"color: black; font-family: Arial\"><o:p>\u00a0<\/o:p><\/span><\/strong><\/p>\n<p style=\"margin: 0cm 0cm 0pt; text-align: justify\" class=\"MsoNormal\"><span style=\"color: black; font-family: Arial\"><\/span><\/p>\n<p style=\"margin: 0cm 0cm 0pt; text-align: justify\" class=\"MsoNormal\"><span style=\"color: black; font-family: Arial\"><\/span><\/p>\n<p><span style=\"color: black; font-family: Arial\">Hace unos d\u00edas estuve en el sal\u00f3n de sesiones del Consejo Universitario de <st1:personname ProductID=\"la UAQ\" w:st=\"on\">la UAQ<\/st1:personname> y leyendo la lista de los rectores del Colegio Jesuita de San Francisco Javier, antecedente del Colegio Eclesi\u00e1stico, del Colegio Civil y finalmente de nuestra querida universidad, me acord\u00e9 de algunos p\u00e1rrafos de las Constituciones de los Colegios Jesuitas escritas por su fundador Ignacio de Loyola:<o:p><\/o:p><\/span><span style=\"color: black; font-family: Arial\"><o:p>\u00a0<\/o:p><\/span><\/p>\n<p style=\"margin: 0cm 0cm 0pt; text-align: justify\" class=\"MsoNormal\"><span style=\"color: black; font-family: Arial\"><span><\/span><\/span><\/p>\n<p><span style=\"color: black; font-family: Arial\"><span>\u00a0<\/span>\u201cNo estudien los que no son aptos.- Primeramente porque no todos los que quieren estar en esta compa\u00f1\u00eda tienen talento para los estudios, por faltarles ingenio o memoria o tambi\u00e9n por no tener salud corporal que sufra el trabajo de estudiar. A los incapaces para el estudio les toca ayudar a los otros\u201d<o:p><\/o:p><\/span><span style=\"color: black; font-family: Arial\"><o:p>\u00a0<\/o:p><\/span><\/p>\n<p style=\"margin: 0cm 0cm 0pt; text-align: justify\" class=\"MsoNormal\"><span style=\"color: black; font-family: Arial\"><\/span><\/p>\n<p><span style=\"color: black; font-family: Arial\">Entre otros muchos vers\u00edculos de estas constituciones se puede leer: \u201cLas facultades que todos deben aprender son: Humanidades, L\u00f3gica, Filosof\u00eda, Matem\u00e1ticas, Moral, Metaf\u00edsica, Teolog\u00eda y Sagrada Escritura. Todos procuren leer bien y escribir, y en especial se hagan buenos latinos y estudien griego y hebreo con el permiso del rector\u201d<o:p><\/o:p><\/span><span style=\"color: black; font-family: Arial\"><o:p>\u00a0<\/o:p><\/span><\/p>\n<p style=\"margin: 0cm 0cm 0pt; text-align: justify\" class=\"MsoNormal\"><span style=\"color: black; font-family: Arial\"><\/span><\/p>\n<p><span style=\"color: black; font-family: Arial\">\u201cTodos antes de ir a sus clases estudien lo que ha de verse para que entiendan mejor lo que el maestro habr\u00e1 de leer\u201d<o:p><\/o:p><\/span><span style=\"color: black; font-family: Arial\"><o:p>\u00a0<\/o:p><\/span><\/p>\n<p style=\"margin: 0cm 0cm 0pt; text-align: justify\" class=\"MsoNormal\"><span style=\"color: black; font-family: Arial\"><\/span><\/p>\n<p><span style=\"color: black; font-family: Arial\">Sobre los maestros se\u00f1ala Ignacio de Loyola: \u201cProcuren ser doctos y diligentes, asiduos y procuren ganarse la voluntad de los estudiantes para que estos puedan aclarar las dificultades que encuentren en sus estudios\u201d<o:p><\/o:p><\/span><span style=\"color: black; font-family: Arial\"><o:p>\u00a0<\/o:p><\/span><\/p>\n<p style=\"margin: 0cm 0cm 0pt; text-align: justify\" class=\"MsoNormal\"><span style=\"color: black; font-family: Arial\"><\/span><\/p>\n<p><span style=\"color: black; font-family: Arial\">Ser\u00eda muy loable que el Consejo Universitario, el Rector y todos los Acad\u00e9micos tuvieran presente este c\u00f3digo de los famosos Colegios Jesuitas, para que <st1:personname ProductID=\"la OCDE\" w:st=\"on\">la OCDE<\/st1:personname> no nos tenga a los mexicanos, en los que desde luego nos encontramos los queretanos, en el \u00faltimo lugar en los sistemas educativos de este grupo de naciones<o:p><\/o:p><\/span><span style=\"color: black; font-family: Arial\"><o:p>\u00a0<\/o:p><\/span><\/p>\n<p style=\"margin: 0cm 0cm 0pt; text-align: justify\" class=\"MsoNormal\"><span style=\"color: black; font-family: Arial\"><span><\/span><\/span><\/p>\n<p><span style=\"color: black; font-family: Arial\"><span>\u00a0<\/span>\u201cLos gram\u00e1ticos y humanistas tendr\u00e1n un d\u00eda a la semana reuni\u00f3n, para escuchar entre ellos a los m\u00e1s destacados en la literatura y la poes\u00eda para bien de los que menos saben. En otro d\u00eda se reunir\u00e1n para ser jueces entre ellos mismos para que al recitar sus ensayos puedan ser discutidos. Que estos gram\u00e1ticos ejerciten su estilo para escribir, especialmente en sus cartas y ensayos.<o:p><\/o:p><\/span><span style=\"color: black; font-family: Arial\"><o:p>\u00a0<\/o:p><\/span><\/p>\n<p style=\"margin: 0cm 0cm 0pt; text-align: justify\" class=\"MsoNormal\"><span style=\"color: black; font-family: Arial\"><\/span><\/p>\n<p><span style=\"color: black; font-family: Arial\">Leyendo la gu\u00eda para el examen general a los aspirantes a <st1:personname ProductID=\"la Licenciaturas\" w:st=\"on\">la Licenciaturas<\/st1:personname> en nuestra Universidad Aut\u00f3noma de Quer\u00e9taro, pareciera ser que su intenci\u00f3n es facilitar el ingreso m\u00e1s que buscar en los aspirantes un gusto por el conocimiento y la investigaci\u00f3n que tanta falta nos hace.<o:p><\/o:p><\/span><span style=\"color: black; font-family: Arial\"><o:p>\u00a0<\/o:p><\/span><\/p>\n<p style=\"margin: 0cm 0cm 0pt; text-align: justify\" class=\"MsoNormal\"><span style=\"color: black; font-family: Arial\"><\/span><\/p>\n<p><span style=\"color: black; font-family: Arial\">Por otro lado son muchos los aspirantes y pocos los lugares disponibles, de tal suerte que tambi\u00e9n no parece buscarse la excelencia sino la decepci\u00f3n de quienes han sido llevados desde el Jard\u00edn de Ni\u00f1os hasta el Bachillerato crey\u00e9ndose dignos de los diplomas que en estas diferentes etapas han recibido <o:p><\/o:p><\/span><span style=\"color: black; font-family: Arial\"><o:p>\u00a0<\/o:p><\/span><span style=\"color: black; font-family: Arial\"><o:p>\u00a0<\/o:p><\/span><span style=\"color: black; font-family: Arial\"><o:p>\u00a0<\/o:p><\/span><span style=\"color: black; font-family: Arial\"><o:p>\u00a0<\/o:p><\/span><\/p>\n","protected":false},"excerpt":{"rendered":"<p>El Estudiante en los Antiguos Colegios Jesuitas de Quer\u00e9taro Jos\u00e9 F\u00e9lix Zavala\u00a0 Hace unos d\u00edas estuve en el sal\u00f3n de sesiones del Consejo Universitario de la UAQ y leyendo la lista de los rectores del Colegio Jesuita de San Francisco Javier, antecedente del Colegio Eclesi\u00e1stico, del Colegio Civil y finalmente de nuestra querida universidad, me [&hellip;]<\/p>\n","protected":false},"author":249,"featured_media":0,"comment_status":"open","ping_status":"closed","sticky":false,"template":"","format":"standard","meta":{"footnotes":""},"categories":[8,10],"tags":[],"class_list":["post-1042","post","type-post","status-publish","format-standard","hentry","category-ciudad-de-queretaro","category-historia"],"_links":{"self":[{"href":"http:\/\/eloficiodehistoriar.com.mx\/index.php?rest_route=\/wp\/v2\/posts\/1042","targetHints":{"allow":["GET"]}}],"collection":[{"href":"http:\/\/eloficiodehistoriar.com.mx\/index.php?rest_route=\/wp\/v2\/posts"}],"about":[{"href":"http:\/\/eloficiodehistoriar.com.mx\/index.php?rest_route=\/wp\/v2\/types\/post"}],"author":[{"embeddable":true,"href":"http:\/\/eloficiodehistoriar.com.mx\/index.php?rest_route=\/wp\/v2\/users\/249"}],"replies":[{"embeddable":true,"href":"http:\/\/eloficiodehistoriar.com.mx\/index.php?rest_route=%2Fwp%2Fv2%2Fcomments&post=1042"}],"version-history":[{"count":0,"href":"http:\/\/eloficiodehistoriar.com.mx\/index.php?rest_route=\/wp\/v2\/posts\/1042\/revisions"}],"wp:attachment":[{"href":"http:\/\/eloficiodehistoriar.com.mx\/index.php?rest_route=%2Fwp%2Fv2%2Fmedia&parent=1042"}],"wp:term":[{"taxonomy":"category","embeddable":true,"href":"http:\/\/eloficiodehistoriar.com.mx\/index.php?rest_route=%2Fwp%2Fv2%2Fcategories&post=1042"},{"taxonomy":"post_tag","embeddable":true,"href":"http:\/\/eloficiodehistoriar.com.mx\/index.php?rest_route=%2Fwp%2Fv2%2Ftags&post=1042"}],"curies":[{"name":"wp","href":"https:\/\/api.w.org\/{rel}","templated":true}]}}