{"id":1043,"date":"2008-08-07T09:09:16","date_gmt":"2008-08-07T14:09:16","guid":{"rendered":"https:\/\/eloficiodehistoriar.com.mx\/?p=1043"},"modified":"2008-08-07T09:09:16","modified_gmt":"2008-08-07T14:09:16","slug":"carlos-garcia-tort","status":"publish","type":"post","link":"http:\/\/eloficiodehistoriar.com.mx\/?p=1043","title":{"rendered":"Carlos Garc\u00eda TORT&#8230;"},"content":{"rendered":"<p><strong><span style=\"font-size: 18pt; color: black; font-family: Arial\">Carlos Garc\u00eda Tort<\/span><\/strong><strong><span style=\"font-size: 24pt; color: black\"><o:p><\/o:p><\/span><\/strong><\/p>\n<p style=\"margin: 0cm 0cm 0pt\" class=\"MsoNormal\"><strong><span style=\"color: black; font-family: Arial\"><\/span><\/strong><\/p>\n<p style=\"margin: 0cm 0cm 0pt\" class=\"MsoNormal\"><strong><span style=\"color: black; font-family: Arial\"><\/span><\/strong><\/p>\n<p style=\"margin: 0cm 0cm 0pt\" class=\"MsoNormal\"><strong><span style=\"color: black; font-family: Arial\"><\/span><\/strong><\/p>\n<p><strong><span style=\"color: black; font-family: Arial\">H<\/span><\/strong><span style=\"color: black; font-family: Arial\">ombre amable, hospitalario, extremadamente inteligente y con una bondad natural, entre otras virtudes.<o:p><\/o:p><\/span><\/p>\n<p style=\"margin: 0cm 0cm 0pt\" class=\"MsoNormal\"><span style=\"color: black; font-family: Arial\"><\/span><\/p>\n<p style=\"margin: 0cm 0cm 0pt\" class=\"MsoNormal\"><span style=\"color: black; font-family: Arial\"><\/span><\/p>\n<p style=\"margin: 0cm 0cm 0pt\" class=\"MsoNormal\"><span style=\"color: black; font-family: Arial\"><\/span><\/p>\n<p><span style=\"color: black; font-family: Arial\">Carlos Garc\u00eda Tort pose\u00eda el don de la indignaci\u00f3n, una fuerza que atra\u00eda en ciertos contextos intelectuales, donde la complacencia con lo que ocurre era mayoritaria y la autocomplacencia un bien com\u00fan.<o:p><\/o:p><\/span><\/p>\n<p style=\"margin: 0cm 0cm 0pt\" class=\"MsoNormal\"><span style=\"color: black; font-family: Arial\"><\/span><\/p>\n<p style=\"margin: 0cm 0cm 0pt\" class=\"MsoNormal\"><span style=\"color: black; font-family: Arial\"><\/span><\/p>\n<p><span style=\"color: black; font-family: Arial\">Carlos la controlaba con eso que, m\u00e1s que un don, es un talento: la paciencia, en \u00e9l proveniente de una memoria antigua.<o:p><\/o:p><\/span><\/p>\n<p style=\"margin: 0cm 0cm 0pt\" class=\"MsoNormal\"><span style=\"color: black; font-family: Arial\"><\/span><\/p>\n<p style=\"margin: 0cm 0cm 0pt\" class=\"MsoNormal\"><span style=\"color: black; font-family: Arial\"><\/span><\/p>\n<p><span style=\"color: black; font-family: Arial\">Corr\u00edan los a\u00f1os ochentas, al principio. Cuando era dif\u00edcil soportar una realidad donde en apariencia \u00abno pasaba nada\u00bb.<o:p><\/o:p><\/span><\/p>\n<p style=\"margin: 0cm 0cm 0pt; text-align: justify\" class=\"MsoNormal\"><span style=\"color: black; font-family: Arial\"><\/span><\/p>\n<p style=\"margin: 0cm 0cm 0pt; text-align: justify\" class=\"MsoNormal\"><span style=\"color: black; font-family: Arial\"><\/span><\/p>\n<p><span style=\"color: black; font-family: Arial\">Carlos, un al\u00e9rgico a toda forma de prepotencia y de injusticia, era un descontento natural.<o:p><\/o:p><\/span><span style=\"color: black; font-family: Arial\">Esto es normal en un poeta con una sensibilidad agud\u00edsima y algo que no necesariamente acompa\u00f1a al talento. Me refiero a la profundidad, capacidad de internarse, como de caer. Y mucho m\u00e1s normal en Carlos que ten\u00eda un talento po\u00e9tico fuera de serie.<o:p><\/o:p><\/span><\/p>\n<p style=\"margin: 0cm 0cm 0pt; text-align: justify\" class=\"MsoNormal\"><span style=\"color: black; font-family: Arial\"><\/span><\/p>\n<p style=\"margin: 0cm 0cm 0pt; text-align: justify\" class=\"MsoNormal\"><span style=\"color: black; font-family: Arial\"><\/span><\/p>\n<p style=\"margin: 0cm 0cm 0pt; text-align: justify\" class=\"MsoNormal\"><span style=\"color: black; font-family: Arial\"><\/span><\/p>\n<p><span style=\"color: black; font-family: Arial\">Cuando le\u00ed y rese\u00f1\u00e9 <em>El efrit<\/em> <em>dentro de su botella<\/em> me llam\u00f3 poderosamente la atenci\u00f3n su fuga de toda forma de ret\u00f3rica, su rechazo a la dicci\u00f3n po\u00e9tica opulenta y dominante. Era muy raro entre sus pares de generaci\u00f3n.<o:p><\/o:p><\/span><\/p>\n<p style=\"margin: 0cm 0cm 0pt; text-align: justify\" class=\"MsoNormal\"><span style=\"color: black; font-family: Arial\"><\/span><\/p>\n<p style=\"margin: 0cm 0cm 0pt; text-align: justify\" class=\"MsoNormal\"><span style=\"color: black; font-family: Arial\"><\/span><\/p>\n<p><span style=\"color: black; font-family: Arial\">Y \u00e9l lo sab\u00eda. A esta altura, cuando la perplejidad por su muerte rodea como un \u00e1nimo desolador y doloroso, no recuerdo si volv\u00ed a leer unos poemas in\u00e9ditos suyos que \u00e9l me pas\u00f3 o los estoy inventando en la memoria. Lo que s\u00ed s\u00e9 es que no volv\u00ed a leer un libro suyo editado. L\u00e1stima para m\u00ed y p\u00e9rdida para la poes\u00eda latinoamericana.<\/span><span style=\"color: black\"><o:p><\/o:p><\/span><o:p><font face=\"Times New Roman\">\u00a0<\/font><\/o:p><\/p>\n","protected":false},"excerpt":{"rendered":"<p>Carlos Garc\u00eda Tort Hombre amable, hospitalario, extremadamente inteligente y con una bondad natural, entre otras virtudes. Carlos Garc\u00eda Tort pose\u00eda el don de la indignaci\u00f3n, una fuerza que atra\u00eda en ciertos contextos intelectuales, donde la complacencia con lo que ocurre era mayoritaria y la autocomplacencia un bien com\u00fan. Carlos la controlaba con eso que, m\u00e1s [&hellip;]<\/p>\n","protected":false},"author":249,"featured_media":0,"comment_status":"open","ping_status":"closed","sticky":false,"template":"","format":"standard","meta":{"footnotes":""},"categories":[26],"tags":[],"class_list":["post-1043","post","type-post","status-publish","format-standard","hentry","category-mundo"],"_links":{"self":[{"href":"http:\/\/eloficiodehistoriar.com.mx\/index.php?rest_route=\/wp\/v2\/posts\/1043","targetHints":{"allow":["GET"]}}],"collection":[{"href":"http:\/\/eloficiodehistoriar.com.mx\/index.php?rest_route=\/wp\/v2\/posts"}],"about":[{"href":"http:\/\/eloficiodehistoriar.com.mx\/index.php?rest_route=\/wp\/v2\/types\/post"}],"author":[{"embeddable":true,"href":"http:\/\/eloficiodehistoriar.com.mx\/index.php?rest_route=\/wp\/v2\/users\/249"}],"replies":[{"embeddable":true,"href":"http:\/\/eloficiodehistoriar.com.mx\/index.php?rest_route=%2Fwp%2Fv2%2Fcomments&post=1043"}],"version-history":[{"count":0,"href":"http:\/\/eloficiodehistoriar.com.mx\/index.php?rest_route=\/wp\/v2\/posts\/1043\/revisions"}],"wp:attachment":[{"href":"http:\/\/eloficiodehistoriar.com.mx\/index.php?rest_route=%2Fwp%2Fv2%2Fmedia&parent=1043"}],"wp:term":[{"taxonomy":"category","embeddable":true,"href":"http:\/\/eloficiodehistoriar.com.mx\/index.php?rest_route=%2Fwp%2Fv2%2Fcategories&post=1043"},{"taxonomy":"post_tag","embeddable":true,"href":"http:\/\/eloficiodehistoriar.com.mx\/index.php?rest_route=%2Fwp%2Fv2%2Ftags&post=1043"}],"curies":[{"name":"wp","href":"https:\/\/api.w.org\/{rel}","templated":true}]}}