{"id":1045,"date":"2008-08-07T10:05:38","date_gmt":"2008-08-07T15:05:38","guid":{"rendered":"https:\/\/eloficiodehistoriar.com.mx\/?p=1045"},"modified":"2008-08-07T10:05:38","modified_gmt":"2008-08-07T15:05:38","slug":"conferencia-internacional-sobre-el-sida","status":"publish","type":"post","link":"http:\/\/eloficiodehistoriar.com.mx\/?p=1045","title":{"rendered":"Conferencia Internacional sobre el SIDA"},"content":{"rendered":"<p>El SIDA como enfermedad cr\u00f3nica<\/p>\n<p>Los retrovirales y su alcance<\/p>\n<p>No hay vacuna pr\u00f3xima<\/p>\n<p>CONFERENCIA INTERNACIONAL SOBRE EL SIDA<\/p>\n<p>CON M\u00c1S DE 22,000 ASISTENTES<\/p>\n<p>\u00a0175 pa\u00edses representados<\/p>\n<p>2000 periodistas<\/p>\n<p>1750 voluntarios<\/p>\n<p>7714 res\u00famenes de investigaci\u00f3n presentados<\/p>\n<p>9000 visitantes en la ciudad de M\u00e9xico a la Aldea<\/p>\n<p>500 sesiones, reuniones y actividades<\/p>\n<p><a href=\"http:\/\/null\/ls-cara.html\" title=\"Ir al suplemento\"><\/a><\/p>\n","protected":false},"excerpt":{"rendered":"<p>El SIDA como enfermedad cr\u00f3nica Los retrovirales y su alcance No hay vacuna pr\u00f3xima CONFERENCIA INTERNACIONAL SOBRE EL SIDA CON M\u00c1S DE 22,000 ASISTENTES \u00a0175 pa\u00edses representados 2000 periodistas 1750 voluntarios 7714 res\u00famenes de investigaci\u00f3n presentados 9000 visitantes en la ciudad de M\u00e9xico a la Aldea 500 sesiones, reuniones y actividades<\/p>\n","protected":false},"author":249,"featured_media":0,"comment_status":"open","ping_status":"closed","sticky":false,"template":"","format":"standard","meta":{"footnotes":""},"categories":[26],"tags":[],"class_list":["post-1045","post","type-post","status-publish","format-standard","hentry","category-mundo"],"_links":{"self":[{"href":"http:\/\/eloficiodehistoriar.com.mx\/index.php?rest_route=\/wp\/v2\/posts\/1045","targetHints":{"allow":["GET"]}}],"collection":[{"href":"http:\/\/eloficiodehistoriar.com.mx\/index.php?rest_route=\/wp\/v2\/posts"}],"about":[{"href":"http:\/\/eloficiodehistoriar.com.mx\/index.php?rest_route=\/wp\/v2\/types\/post"}],"author":[{"embeddable":true,"href":"http:\/\/eloficiodehistoriar.com.mx\/index.php?rest_route=\/wp\/v2\/users\/249"}],"replies":[{"embeddable":true,"href":"http:\/\/eloficiodehistoriar.com.mx\/index.php?rest_route=%2Fwp%2Fv2%2Fcomments&post=1045"}],"version-history":[{"count":0,"href":"http:\/\/eloficiodehistoriar.com.mx\/index.php?rest_route=\/wp\/v2\/posts\/1045\/revisions"}],"wp:attachment":[{"href":"http:\/\/eloficiodehistoriar.com.mx\/index.php?rest_route=%2Fwp%2Fv2%2Fmedia&parent=1045"}],"wp:term":[{"taxonomy":"category","embeddable":true,"href":"http:\/\/eloficiodehistoriar.com.mx\/index.php?rest_route=%2Fwp%2Fv2%2Fcategories&post=1045"},{"taxonomy":"post_tag","embeddable":true,"href":"http:\/\/eloficiodehistoriar.com.mx\/index.php?rest_route=%2Fwp%2Fv2%2Ftags&post=1045"}],"curies":[{"name":"wp","href":"https:\/\/api.w.org\/{rel}","templated":true}]}}