{"id":1059,"date":"2008-08-08T11:45:01","date_gmt":"2008-08-08T16:45:01","guid":{"rendered":"https:\/\/eloficiodehistoriar.com.mx\/?p=1059"},"modified":"2008-08-08T11:53:11","modified_gmt":"2008-08-08T16:53:11","slug":"el-centro-de-la-ciudad-de-queretaro-2","status":"publish","type":"post","link":"http:\/\/eloficiodehistoriar.com.mx\/?p=1059","title":{"rendered":"El Centro de la ciudad de Quer\u00e9taro"},"content":{"rendered":"<p style=\"margin: 0cm 0cm 0pt; text-align: justify\" class=\"MsoNormal\"><strong><span style=\"font-size: 10pt; color: black; font-family: Arial\"><a href=\"https:\/\/eloficiodehistoriar.com.mx\/wp-content\/uploads\/2008\/08\/centro-queretaro.jpg\" title=\"centro-queretaro.jpg\"><img decoding=\"async\" src=\"https:\/\/eloficiodehistoriar.com.mx\/wp-content\/uploads\/2008\/08\/centro-queretaro.thumbnail.jpg\" alt=\"centro-queretaro.jpg\" \/><\/a><a href=\"https:\/\/eloficiodehistoriar.com.mx\/wp-content\/uploads\/2008\/08\/centro-queretaro-001.jpg\" title=\"centro-queretaro-001.jpg\"><img decoding=\"async\" src=\"https:\/\/eloficiodehistoriar.com.mx\/wp-content\/uploads\/2008\/08\/centro-queretaro-001.thumbnail.jpg\" alt=\"centro-queretaro-001.jpg\" \/><\/a><a href=\"https:\/\/eloficiodehistoriar.com.mx\/wp-content\/uploads\/2008\/08\/centro-queretaro-002.jpg\" title=\"centro-queretaro-002.jpg\"><img decoding=\"async\" src=\"https:\/\/eloficiodehistoriar.com.mx\/wp-content\/uploads\/2008\/08\/centro-queretaro-002.thumbnail.jpg\" alt=\"centro-queretaro-002.jpg\" \/><\/a>\u00a0<\/span><\/strong><\/p>\n<p style=\"margin: 0cm 0cm 0pt; text-align: justify\" class=\"MsoNormal\"><strong><span style=\"font-size: 10pt; color: black; font-family: Arial\"><\/span><\/strong><\/p>\n<p style=\"margin: 0cm 0cm 0pt; text-align: justify\" class=\"MsoNormal\"><strong><span style=\"font-size: 10pt; color: black; font-family: Arial\"><\/span><\/strong><\/p>\n<p style=\"margin: 0cm 0cm 0pt; text-align: justify\" class=\"MsoNormal\"><strong><span style=\"font-size: 10pt; color: black; font-family: Arial\"><\/span><\/strong><\/p>\n<p style=\"margin: 0cm 0cm 0pt; text-align: justify\" class=\"MsoNormal\"><strong><span style=\"font-size: 10pt; color: black; font-family: Arial\"><\/span><\/strong><\/p>\n<p><strong><span style=\"font-size: 10pt; color: black; font-family: Arial\"><\/span><\/strong><\/p>\n<p><strong><span style=\"font-size: 10pt; color: black; font-family: Arial\"><\/span><\/strong><\/p>\n<p><span style=\"color: black; font-family: Arial\"><o:p>\u00a0<\/o:p><\/span><span style=\"color: black; font-family: Arial\"><o:p><strong><span style=\"font-size: 10pt; color: black; font-family: Arial\">Circunferencia de <st1:personname ProductID=\"la Ciudad\" w:st=\"on\">la Ciudad<\/st1:personname><o:p><\/o:p><\/span><\/strong><em><span style=\"font-size: 10pt; color: black; font-family: Arial\"><o:p>\u00a0<\/o:p><\/span><\/em><\/p>\n<p style=\"margin: 0cm 0cm 0pt; text-align: justify\" class=\"MsoNormal\"><span style=\"font-size: 10pt; color: black; font-family: Arial\"><\/span><\/p>\n<p style=\"margin: 0cm 0cm 0pt; text-align: justify\" class=\"MsoNormal\"><span style=\"font-size: 10pt; color: black; font-family: Arial\"><\/span><\/p>\n<p><span style=\"font-size: 10pt; color: black; font-family: Arial\">\u201cSe halla tener dicha ciudad de circunferencia: 14 288 varas y una tercia, que componen dos leguas y tres cuartas de otra, con mas de 538 varas y una tercia. Va de la esquina del barrio que llaman de Path\u00e9, mirando al oriente y rumbo al poniente hasta el Barrio de Santa Catarina, hasta ser <span>\u00a0<\/span>frente a <st1:personname ProductID=\"la Garita\" w:st=\"on\">la Garita<\/st1:personname>\u00b7\u201d<o:p><\/o:p><\/span><span style=\"font-size: 10pt; color: black; font-family: Arial\"><o:p>\u00a0<\/o:p><\/span><\/p>\n<p style=\"margin: 0cm 0cm 0pt; text-align: justify\" class=\"MsoNormal\"><span style=\"font-size: 10pt; color: black; font-family: Arial\"><\/span><\/p>\n<p><span style=\"font-size: 10pt; color: black; font-family: Arial\">\u201cDicha ciudad en su material f\u00e1brica, con los suntuosos templos que la componen, tres principales plazas que la adornan y con 138 calles que la dilatan y hermosean\u201d<o:p><\/o:p><\/span><strong><span style=\"font-size: 22pt; color: black; font-family: Arial\"><o:p>\u00a0<\/o:p><\/span><\/strong><\/p>\n<p align=\"center\" style=\"margin: 0cm 0cm 0pt; text-align: center\" class=\"MsoNormal\"><strong><span style=\"font-size: 18pt; color: black; font-family: Arial\"><\/span><\/strong><\/p>\n<p align=\"center\" style=\"margin: 0cm 0cm 0pt; text-align: center\" class=\"MsoNormal\"><strong><span style=\"font-size: 18pt; color: black; font-family: Arial\"><\/span><\/strong><\/p>\n<p><strong><span style=\"font-size: 18pt; color: black; font-family: Arial\">El Centro de <st1:personname ProductID=\"la Ciudad\" w:st=\"on\">la Ciudad<\/st1:personname> de Quer\u00e9taro<o:p><\/o:p><\/span><\/strong><\/p>\n<p align=\"center\" style=\"margin: 0cm 0cm 0pt; text-align: center\" class=\"MsoNormal\"><strong><span style=\"color: black; font-family: Arial\"><\/span><\/strong><\/p>\n<p align=\"center\" style=\"margin: 0cm 0cm 0pt; text-align: center\" class=\"MsoNormal\"><strong><span style=\"color: black; font-family: Arial\"><\/span><\/strong><\/p>\n<p><strong><span style=\"color: black; font-family: Arial\">Jos\u00e9 F\u00e9lix Zavala<o:p><\/o:p><\/span><\/strong><strong><span style=\"color: black; font-family: Arial\"><o:p>\u00a0<\/o:p><\/span><\/strong><span style=\"font-size: 11pt; color: black; font-family: Arial\">A partir de los \u00faltimos 50 a\u00f1os, <span>\u00a0<\/span><st1:personname ProductID=\"la Ciudad\" w:st=\"on\">La Ciudad<\/st1:personname> de Quer\u00e9taro dej\u00f3 un acusado abandono y un deterioro progresivo en que se mantuvo desde 1810 hasta 1950 aproximadamente y a pesar de ese despegue desarrollista, su centro o ciudad antigua es, de todo el territorio municipal, el que mayor n\u00famero de problemas mantiene en la actualidad.<o:p><\/o:p><\/span><span style=\"font-size: 11pt; color: black; font-family: Arial\"><o:p>\u00a0<\/o:p><\/span><\/p>\n<p style=\"margin: 0cm 0cm 0pt; text-align: justify\" class=\"MsoNormal\"><span style=\"font-size: 11pt; color: black; font-family: Arial\"><\/span><\/p>\n<p><span style=\"font-size: 11pt; color: black; font-family: Arial\">En \u00e9l encontramos lo m\u00e1s representativo de las instituciones de nuestra ciudad, sean de orden pol\u00edtico, econ\u00f3mico, cultural o arquitect\u00f3nico; es el espacio donde se conjugan los valores y s\u00edmbolos de nuestra comunidad urbana, donde se da una gran actividad comercial y artesanal y un marcado abandono de su vocaci\u00f3n primaria que fue residencial.<o:p><\/o:p><\/span><span style=\"font-size: 11pt; color: black; font-family: Arial\"><o:p>\u00a0<\/o:p><\/span><\/p>\n<p style=\"margin: 0cm 0cm 0pt; text-align: justify\" class=\"MsoNormal\"><span style=\"font-size: 11pt; color: black; font-family: Arial\"><\/span><\/p>\n<p><span style=\"font-size: 11pt; color: black; font-family: Arial\">Es imperante por su trascendencia, rescatar para las generaciones presentes y futuras, el centro de nuestra ciudad, porque es el espejo de su vida y la expresi\u00f3n de su diversidad, contiene las ra\u00edces vivas de la comunidad, nos da significado, identidad, nos sit\u00faa en el tiempo y en el espacio, y su valor est\u00e9tico cumple un lugar privilegiado dentro de las m\u00faltiples ciudades de nuestro pa\u00eds y del mundo.<o:p><\/o:p><\/span><span style=\"font-size: 11pt; color: black; font-family: Arial\"><o:p>\u00a0<\/o:p><\/span><\/p>\n<p style=\"margin: 0cm 0cm 0pt; text-align: justify\" class=\"MsoNormal\"><span style=\"font-size: 11pt; color: black; font-family: Arial\"><\/span><\/p>\n<p><span style=\"font-size: 11pt; color: black; font-family: Arial\">Es urgente que nuestra ciudad perviva a trav\u00e9s de la preservaci\u00f3n rigurosa de la ciudad antigua, consistente en el centro con sus barrios ancestrales y tradicionales, formados durante 250 a\u00f1os y abandonados a su suerte durante el S. XIX y la primera mitad del S. XX y allanados por el \u201cprogreso\u201d desde 1950 hasta nuestros d\u00edas.<o:p><\/o:p><\/span><span style=\"font-size: 11pt; color: black; font-family: Arial\"><o:p>\u00a0<\/o:p><\/span><\/p>\n<p style=\"margin: 0cm 0cm 0pt; text-align: justify\" class=\"MsoNormal\"><span style=\"font-size: 11pt; color: black; font-family: Arial\"><\/span><\/p>\n<p><span style=\"font-size: 11pt; color: black; font-family: Arial\">No olvidemos que la ciudad antigua o el centro de nuestra ciudad, es un conjunto de bienes monumentales, resultado de un trabajo colectivo a trav\u00e9s del esfuerzo de muchas generaciones y que pertenece a sus habitantes, por la historia a los del pasado, por nuestras m\u00faltiples necesidades a los del presente y por compromiso a las del futuro, por lo tanto es necesario permanentemente, restaurarlo y conservarlo, si no queremos que lo m\u00e1s importante de nosotros mismos sea perentorio.<o:p><\/o:p><\/span><\/p>\n<p style=\"margin: 0cm 0cm 0pt; text-align: justify\" class=\"MsoNormal\"><span style=\"font-size: 11pt; color: black; font-family: Arial\"><\/span><\/p>\n<p style=\"margin: 0cm 0cm 0pt; text-align: justify\" class=\"MsoNormal\"><span style=\"font-size: 11pt; color: black; font-family: Arial\"><\/span><\/p>\n<p style=\"margin: 0cm 0cm 0pt; text-align: justify\" class=\"MsoNormal\"><span style=\"font-size: 11pt; color: black; font-family: Arial\"><\/span><\/p>\n<p><span style=\"font-size: 11pt; color: black; font-family: Arial\">La antigua ciudad o centro, ocupa un poco m\u00e1s del 2% del territorio municipal, esto es <st1:metricconverter ProductID=\"18 kil?metros\" w:st=\"on\">18 kil\u00f3metros<\/st1:metricconverter> cuadrados, dentro de una extensi\u00f3n municipal, un poco superior a los 750 km2. Este peque\u00f1o espacio puede desaparecer aunque nos parezca amarillista la noticia, si seguimos provocando el abandono habitacional de sus antiguos barrios, si permitimos un tr\u00e1fico vehicular indebido y si le damos nuevos usos, sobre todo innecesarios <span>\u00a0<\/span>a los edificios que la componen.<o:p><\/o:p><\/span><span style=\"font-size: 11pt; color: black; font-family: Arial\"><o:p>\u00a0<\/o:p><\/span><\/p>\n<p style=\"margin: 0cm 0cm 0pt; text-align: justify\" class=\"MsoNormal\"><span style=\"font-size: 11pt; color: black; font-family: Arial\"><\/span><\/p>\n<p><span style=\"font-size: 11pt; color: black; font-family: Arial\">Con el objeto de salvarle la vida a la ciudad que construimos durante los siglos XVI, XVII y XVIII, <st1:personname ProductID=\"la UNESCO\" w:st=\"on\">la UNESCO<\/st1:personname> la declar\u00f3 Patrimonio Cultural de <st1:personname ProductID=\"la Humanidad\" w:st=\"on\">la Humanidad<\/st1:personname> el 5 de Diciembre de <st1:metricconverter ProductID=\"1996, a\" w:st=\"on\">1996, a<\/st1:metricconverter> este entorno que conocemos como el centro o la ciudad antigua, para su protecci\u00f3n y restauraci\u00f3n de sus expresiones arquitect\u00f3nicas que son un extraordinario patrimonio del que adem\u00e1s de depositarios somos responsables.<o:p><\/o:p><\/span><span style=\"font-size: 11pt; color: black; font-family: Arial\"><o:p>\u00a0<\/o:p><\/span><\/p>\n<p style=\"margin: 0cm 0cm 0pt; text-align: justify\" class=\"MsoNormal\"><span style=\"font-size: 11pt; color: black; font-family: Arial\"><\/span><\/p>\n<p><span style=\"font-size: 11pt; color: black; font-family: Arial\">El centro de la ciudad con sus 17 monumentales conventos y 11 barrios, nos da un escenario de arquitectura mexicana del siglo XVIII que a\u00fan no perdemos y no valoramos lo suficiente, pero que estamos en grave riesgo de no tener y de no heredar a las nuevas generaciones.<o:p><\/o:p><\/span><span style=\"font-size: 11pt; color: black; font-family: Arial\"><o:p>\u00a0<\/o:p><\/span><\/p>\n<p style=\"margin: 0cm 0cm 0pt; text-align: justify\" class=\"MsoNormal\"><span style=\"font-size: 11pt; color: black; font-family: Arial\"><\/span><\/p>\n<p><span style=\"font-size: 11pt; color: black; font-family: Arial\">La ciudad antigua es un bien p\u00fablico, que hemos recibido como herencia que nos permite los v\u00ednculos sociales y la quiebra del anonimato de la vida ciudadana.<o:p><\/o:p><\/span><span style=\"font-size: 11pt; color: black; font-family: Arial\"><o:p>\u00a0<\/o:p><\/span><\/p>\n<p style=\"margin: 0cm 0cm 0pt; text-align: justify\" class=\"MsoNormal\"><span style=\"font-size: 11pt; color: black; font-family: Arial\"><\/span><\/p>\n<p><span style=\"font-size: 11pt; color: black; font-family: Arial\">Es urgente e indispensable salvar el R\u00edo Quer\u00e9taro, que viene desde el Cerro del Zamorano, pasando por <st1:personname ProductID=\"La Ca?ada\" w:st=\"on\">La Ca\u00f1ada<\/st1:personname>, cruzando y dividiendo nuestra ciudad, en dos bandas, ya que fue, despu\u00e9s de la ca\u00edda de la ciudad prehisp\u00e1nica, quien dotara de agua potable a la nueva ciudad a trav\u00e9s de acequias, hechos sucedidos en los albores del siglo XVl, por ello es una obligaci\u00f3n nuestra su recuperaci\u00f3n.<o:p><\/o:p><\/span><span style=\"font-size: 11pt; color: black; font-family: Arial\"><o:p>\u00a0<\/o:p><\/span><\/p>\n<p style=\"margin: 0cm 0cm 0pt; text-align: justify\" class=\"MsoNormal\"><span style=\"font-size: 11pt; color: black; font-family: Arial\"><\/span><\/p>\n<p><span style=\"font-size: 11pt; color: black; font-family: Arial\">Los varios kil\u00f3metros del ducto que desde los ojos de agua del Capul\u00edn, en <st1:personname ProductID=\"La Ca?ada\" w:st=\"on\">La Ca\u00f1ada<\/st1:personname> viene y por los maravillosos 74 arcos, <span>\u00a0<\/span>sortea el vado de Carretas,<span>\u00a0 <\/span>conduciendo el agua limpia a Quer\u00e9taro, en la primera mitad del S. XVIII, cuando la enfermedad destrozaba a su poblaci\u00f3n, en medio del j\u00fabilo de sus habitantes fue recibida esta obra hidr\u00e1ulica que debe conservarse y restaurarse y es otra de nuestras obligaciones generacionales.<o:p><\/o:p><\/span><span style=\"font-size: 11pt; color: black; font-family: Arial\"><o:p>\u00a0<\/o:p><\/span><\/p>\n<p style=\"margin: 0cm 0cm 0pt; text-align: justify\" class=\"MsoNormal\"><span style=\"font-size: 11pt; color: black; font-family: Arial\"><\/span><\/p>\n<p><span style=\"font-size: 11pt; color: black; font-family: Arial\">Son \u201cLos Arcos\u201d tambi\u00e9n parte del patrimonio que debemos conservar y restaurar. Lo mismo hay que decir de los edificios m\u00e1s notables que los tenemos en gran cantidad y lujo, los varios portales, sus iglesias, conventos, calles, callejones, que nos permiten llevar en nuestros ojos una imagen de lo que hemos sido y podemos seguir siendo.<o:p><\/o:p><\/span><span style=\"font-size: 11pt; color: black; font-family: Arial\"><o:p>\u00a0<\/o:p><\/span><\/p>\n<p style=\"margin: 0cm 0cm 0pt; text-align: justify\" class=\"MsoNormal\"><span style=\"font-size: 11pt; color: black; font-family: Arial\"><\/span><\/p>\n<p><span style=\"font-size: 11pt; color: black; font-family: Arial\">Si miramos nuestro valle, desde lo m\u00e1s alto de la pir\u00e1mide monumental del Cerrito, que nos muestra a la ciudad en sus or\u00edgenes, estimados desde el a\u00f1o <st1:metricconverter ProductID=\"300 a\" w:st=\"on\">300 a<\/st1:metricconverter>.C. nos obliga a la conservaci\u00f3n y mantenimiento de nuestro centro o ciudad antigua junto con los monumentos que en sus cercan\u00edas le dan esplendor.<o:p><\/o:p><\/span><span style=\"font-size: 11pt; color: black; font-family: Arial\"><o:p>\u00a0<\/o:p><\/span><\/p>\n<p style=\"margin: 0cm 0cm 0pt; text-align: justify\" class=\"MsoNormal\"><span style=\"font-size: 11pt; color: black; font-family: Arial\"><\/span><\/p>\n<p><span style=\"font-size: 11pt; color: black; font-family: Arial\">Si recordamos que desde la era prehisp\u00e1nica hasta la actualidad <st1:personname ProductID=\"la Ciudad\" w:st=\"on\">la Ciudad<\/st1:personname> de Quer\u00e9taro es garganta de tierra adentro y el cruce de los caminos que vienen del Pac\u00edfico,<span>\u00a0 <\/span>Norte y<span>\u00a0 <\/span>Golfo, para volverse a distribuir a partir de nuestros valles, hacia <st1:personname ProductID=\"la Costa Chica\" w:st=\"on\">la Costa Chica<\/st1:personname>,<span>\u00a0 <\/span>Sur y<span>\u00a0 <\/span>Sureste de nuestra naci\u00f3n, nos debe hacernos sentir obligados a cumplir las leyes y decretos que nuestra moralidad nos exige.<o:p><\/o:p><\/span><span style=\"font-size: 11pt; color: black; font-family: Arial\"><o:p>\u00a0<\/o:p><\/span><\/p>\n<p style=\"margin: 0cm 0cm 0pt; text-align: justify\" class=\"MsoNormal\"><span style=\"font-size: 11pt; color: black; font-family: Arial\"><\/span><\/p>\n<p><span style=\"font-size: 11pt; color: black; font-family: Arial\">Respetar en beneficio de nosotros mismos y de las futuras generaciones, conservando y restaurando el centro o la ciudad antigua de Quer\u00e9taro, nuestro hogar com\u00fan, es una obligaci\u00f3n que debe llevarse sin dilaci\u00f3n ni distracci\u00f3n.<o:p><\/o:p><\/span><span style=\"font-size: 11pt; color: black; font-family: Arial\"><o:p>\u00a0<\/o:p><\/span><\/p>\n<p style=\"margin: 0cm 0cm 0pt; text-align: justify\" class=\"MsoNormal\"><span style=\"font-size: 11pt; color: black; font-family: Arial\"><\/span><\/p>\n<p><span style=\"font-size: 11pt; color: black; font-family: Arial\">Sea que miremos a Quer\u00e9taro desde <st1:personname ProductID=\"la Plaza\" w:st=\"on\">la Plaza<\/st1:personname> de Arriba, custodiada por los Portales de Samaniego, de Dolores, o del Portal Quemado, o desde <st1:personname ProductID=\"la Plaza\" w:st=\"on\">la Plaza<\/st1:personname> de Abajo, donde en sus cercan\u00edas encontramos el Portal de Panaderos, el Portal Bueno, el Portal de Peregrinos, o el Portal de<span>\u00a0 <\/span>las Tamaleras, nos invitar\u00e1 a recordar que a partir de la esquina de <st1:personname ProductID=\"la Av.\" w:st=\"on\">la Av.<\/st1:personname> de 5 Se\u00f1ores y la salida del Camino Real (Esquina de las calles Ju\u00e1rez y Madero) naci\u00f3 el nuevo Quer\u00e9taro a principios del S. XVI y permiti\u00f3 en sus entra\u00f1as ser el escenario de los acontecimientos m\u00e1s importantes de nuestra patria.<o:p><\/o:p><\/span>\u00a0<\/p>\n<p><\/o:p><\/span><\/p>\n","protected":false},"excerpt":{"rendered":"<p>\u00a0 \u00a0Circunferencia de la Ciudad\u00a0 \u201cSe halla tener dicha ciudad de circunferencia: 14 288 varas y una tercia, que componen dos leguas y tres cuartas de otra, con mas de 538 varas y una tercia. Va de la esquina del barrio que llaman de Path\u00e9, mirando al oriente y rumbo al poniente hasta el Barrio [&hellip;]<\/p>\n","protected":false},"author":249,"featured_media":0,"comment_status":"open","ping_status":"closed","sticky":false,"template":"","format":"standard","meta":{"footnotes":""},"categories":[8,11,10],"tags":[],"class_list":["post-1059","post","type-post","status-publish","format-standard","hentry","category-ciudad-de-queretaro","category-fotografia","category-historia"],"_links":{"self":[{"href":"http:\/\/eloficiodehistoriar.com.mx\/index.php?rest_route=\/wp\/v2\/posts\/1059","targetHints":{"allow":["GET"]}}],"collection":[{"href":"http:\/\/eloficiodehistoriar.com.mx\/index.php?rest_route=\/wp\/v2\/posts"}],"about":[{"href":"http:\/\/eloficiodehistoriar.com.mx\/index.php?rest_route=\/wp\/v2\/types\/post"}],"author":[{"embeddable":true,"href":"http:\/\/eloficiodehistoriar.com.mx\/index.php?rest_route=\/wp\/v2\/users\/249"}],"replies":[{"embeddable":true,"href":"http:\/\/eloficiodehistoriar.com.mx\/index.php?rest_route=%2Fwp%2Fv2%2Fcomments&post=1059"}],"version-history":[{"count":0,"href":"http:\/\/eloficiodehistoriar.com.mx\/index.php?rest_route=\/wp\/v2\/posts\/1059\/revisions"}],"wp:attachment":[{"href":"http:\/\/eloficiodehistoriar.com.mx\/index.php?rest_route=%2Fwp%2Fv2%2Fmedia&parent=1059"}],"wp:term":[{"taxonomy":"category","embeddable":true,"href":"http:\/\/eloficiodehistoriar.com.mx\/index.php?rest_route=%2Fwp%2Fv2%2Fcategories&post=1059"},{"taxonomy":"post_tag","embeddable":true,"href":"http:\/\/eloficiodehistoriar.com.mx\/index.php?rest_route=%2Fwp%2Fv2%2Ftags&post=1059"}],"curies":[{"name":"wp","href":"https:\/\/api.w.org\/{rel}","templated":true}]}}