{"id":1063,"date":"2008-08-08T12:02:08","date_gmt":"2008-08-08T17:02:08","guid":{"rendered":"https:\/\/eloficiodehistoriar.com.mx\/?p=1063"},"modified":"2008-08-08T12:02:08","modified_gmt":"2008-08-08T17:02:08","slug":"pensar-la-vida-y-la-muerte","status":"publish","type":"post","link":"http:\/\/eloficiodehistoriar.com.mx\/?p=1063","title":{"rendered":"Pensar la vida y la muerte"},"content":{"rendered":"<p><em><span style=\"font-size: 20pt; font-family: Arial\">Pensar <st1:personname ProductID=\"La Vida\" w:st=\"on\">La Vida<\/st1:personname> y la muerte<o:p><\/o:p><\/span><\/em><\/p>\n<p style=\"text-align: justify\"><st1:personname ProductID=\"La Vida\" w:st=\"on\"><strong><em><span style=\"font-family: Arial\">\u00a0<\/span><\/em><\/strong><\/st1:personname><\/p>\n<p><st1:personname ProductID=\"La Vida\" w:st=\"on\"><strong><em><span style=\"font-family: Arial\">La Vida<\/span><\/em><\/strong><\/st1:personname><strong><em><span style=\"font-family: Arial\"> es una enfermedad hereditaria<o:p><\/o:p><\/span><\/em><\/strong><\/p>\n<p style=\"text-align: justify\"><strong><em><span style=\"font-family: Arial\"><\/span><\/em><\/strong><\/p>\n<p><strong><em><span style=\"font-family: Arial\">La muerte es el mejor \u201cpas\u00f3n\u201d, por eso se guarda para el final<o:p><\/o:p><\/span><\/em><\/strong><\/p>\n<p align=\"center\" style=\"text-align: center\"><strong><span style=\"font-family: Arial\"><\/span><\/strong><\/p>\n<p align=\"center\" style=\"text-align: center\"><strong><span style=\"font-family: Arial\"><\/span><\/strong><\/p>\n<p><strong><span style=\"font-family: Arial\">Miguel Le\u00f3n Portilla<o:p><\/o:p><\/span><\/strong><\/p>\n<p style=\"text-align: justify\"><span style=\"font-family: Arial\"><\/span><\/p>\n<p style=\"text-align: justify\"><span style=\"font-family: Arial\"><\/span><\/p>\n<p><span style=\"font-family: Arial\">Los grafiti pueden ser abominables expresiones de lo peor de la naturaleza humana o peque\u00f1as joyas de sabidur\u00eda.<o:p><\/o:p><\/span><\/p>\n<p style=\"text-align: justify\"><span style=\"font-family: Arial\"><\/span><\/p>\n<p><span style=\"font-family: Arial\">Uno visto por ah\u00ed, asevera de manera francamente acortada que \u201cla vida es una enfermedad hereditaria\u201d. Uno m\u00e1s, no pod\u00eda ser en otro sitio sino en Los Angeles, afirmaba que \u201cla muerte es el mejor <em><span style=\"font-family: Arial\">pas\u00f3n<\/span><\/em>, y que por eso se guarda hasta el final\u201d.<o:p><\/o:p><\/span><\/p>\n<p style=\"text-align: justify\"><span style=\"font-family: Arial\"><\/span><\/p>\n<p><span style=\"font-family: Arial\">Escogimos la idea de \u201cPensar la vida\u201d para intitular un simposio multidisciplinario organizado por nosotros en el seno de El Colegio Nacional.<o:p><\/o:p><\/span><\/p>\n<p style=\"text-align: justify\"><span style=\"font-family: Arial\"><\/span><\/p>\n<p><span style=\"font-family: Arial\">Pensar la vida puede significar, entre otras cosas, so\u00f1ar, meditar, arriesgar ideas, rumiarlas&#8230;, hacerlo tambi\u00e9n desde m\u00faltiples experiencias y vivencias de la vida profesional y cultural de quienes tomaremos parte en este simposio.<o:p><\/o:p><\/span><\/p>\n<p style=\"text-align: justify\"><span style=\"font-family: Arial\"><\/span><\/p>\n<p><span style=\"font-family: Arial\">La vida, don de los Dioses seg\u00fan los antiguos, resultado en todas sus formas de la evoluci\u00f3n por medio de la selecci\u00f3n natural, como nos ense\u00f1a la ciencia, confiere al planeta Tierra su realidad m\u00e1s preciada.<o:p><\/o:p><\/span><\/p>\n<p style=\"text-align: justify\"><span style=\"font-family: Arial\"><\/span><\/p>\n<p><span style=\"font-family: Arial\">En este simposio, que se desarrollar\u00e1 la semana del 27 al 31 de este mes, participar\u00e1n 16 miembros de El Colegio Nacional y tres distinguidos invitados. <o:p><\/o:p><\/span><\/p>\n<p style=\"text-align: justify\"><strong><span style=\"font-family: Arial\"><\/span><\/strong><\/p>\n<p><strong><span style=\"font-family: Arial\">En una primera sesi\u00f3n vamos a pensar la vida partiendo de los mitos acerca de sus or\u00edgenes. Nos fijaremos en lo que se expres\u00f3 acerca de ella en Mesoam\u00e9rica (Miguel Le\u00f3n-Portilla y Eduardo Matos Moctezuma), en Egipto y Mesopotamia (Linda Manzanilla) y en Grecia y Roma (Ram\u00f3n Xirau).<o:p><\/o:p><\/span><\/strong><\/p>\n<p style=\"text-align: justify\"><span style=\"font-family: Arial\"><\/span><\/p>\n<p><span style=\"font-family: Arial\">En una segunda sesi\u00f3n nos acercaremos a varias inc\u00f3gnitas y problemas: las posibilidades de la vida en el universo que habitamos (Antonio Lazcano) y la b\u00fasqueda de la vida inteligente en el \u00e1mbito extraterrestre (Luis Felipe Rodr\u00edguez).<o:p><\/o:p><\/span><\/p>\n<p style=\"text-align: justify\"><span style=\"font-family: Arial\"><\/span><\/p>\n<p><span style=\"font-family: Arial\">Logros, pero asimismo problemas, son los que se refieren a la creaci\u00f3n de formas de vida previamente inexistentes por obra de la ingenier\u00eda gen\u00e9tica (Francisco Bol\u00edvar Zapata) y c\u00f3mo se organiza en los constituyentes b\u00e1sicos de un organismo vivo: las c\u00e9lulas (Adolfo Mart\u00ednez Palomo).<o:p><\/o:p><\/span><\/p>\n<p style=\"text-align: justify\"><span style=\"font-family: Arial\"><\/span><\/p>\n<p><span style=\"font-family: Arial\">Otro conjunto de reflexiones sobre la vida nos llevar\u00e1 en una tercera sesi\u00f3n a cuestiones complejas, pero cruciales, que versan sobre la determinaci\u00f3n del inicio de la vida humana (Guillermo Sober\u00f3n); la regulaci\u00f3n neuronal como factor decisivo en lo que entendemos como la vida (Pablo Rudom\u00edn); la inmunolog\u00eda, es decir, los mecanismos responsables del mantenimiento estable de la vida (Jes\u00fas Kumate) y sobre los millones de formas que la vida, a un nivel de los organismos completos y m\u00e1s all\u00e1, ha adoptado como resultado de las presiones de selecci\u00f3n de los ambientes en los que viven especies y comunidades (Jos\u00e9 Sarukh\u00e1n).<o:p><\/o:p><\/span><\/p>\n<p style=\"text-align: justify\"><span style=\"font-family: Arial\"><\/span><\/p>\n<p><span style=\"font-family: Arial\">Otros temas que podr\u00edan parecer tangenciales, pero que son en extremo atrayentes, integran lo que habr\u00e1 de presentarse y discutirse en la cuarta sesi\u00f3n:<o:p><\/o:p><\/span><\/p>\n<p style=\"text-align: justify\"><span style=\"font-family: Arial\"><\/span><\/p>\n<p><span style=\"font-family: Arial\">\u00bfc\u00f3mo es la vida en la calle? (Roger Bartra);<o:p><\/o:p><\/span><\/p>\n<p style=\"text-align: justify\"><span style=\"font-family: Arial\"><\/span><\/p>\n<p><span style=\"font-family: Arial\">\u00bfc\u00f3mo calculan los expertos cu\u00e1nto vale nuestra vida? (Daniel Res\u00e9ndiz),<o:p><\/o:p><\/span><\/p>\n<p style=\"text-align: justify\"><span style=\"font-family: Arial\"><\/span><\/p>\n<p><span style=\"font-family: Arial\">As\u00ed como los modos seg\u00fan los cuales se piensa y se trata a la vida en la poes\u00eda y en la m\u00fasica (Jos\u00e9 Emilio Pacheco y Mario Lavista)<o:p><\/o:p><\/span><\/p>\n<p style=\"text-align: justify\"><span style=\"font-family: Arial\"><\/span><\/p>\n<p><span style=\"font-family: Arial\">Y c\u00f3mo se transmite o narra lo que una vida ha significado de logros, fracasos, experiencias&#8230; (Enrique Krauze).<o:p><\/o:p><\/span><\/p>\n<p style=\"text-align: justify\"><span style=\"font-family: Arial\"><\/span><\/p>\n<p><span style=\"font-family: Arial\">A lo largo de las sesiones de este simposio habr\u00e1 una exposici\u00f3n de esculturas en bronce del maestro Vicente Rojo, <em><span style=\"font-family: Arial\">Volcanes construidos<\/span><\/em>, que evoca un tema que \u00e9l ha querido relacionar con la vida.<o:p><\/o:p><\/span><\/p>\n<p style=\"text-align: justify\"><span style=\"font-family: Arial\"><\/span><\/p>\n<p><span style=\"font-family: Arial\">En la quinta y \u00faltima sesi\u00f3n se plantean nuevas cuestiones claves para la sociedad en el pensar la vida:<o:p><\/o:p><\/span><\/p>\n<p style=\"text-align: justify\"><span style=\"font-family: Arial\"><\/span><\/p>\n<p><span style=\"font-family: Arial\">Una es la que concierne a las garant\u00edas jur\u00eddicas de la vida establecidas en M\u00e9xico y el mundo (H\u00e9ctor Fix Zamudio) y, porque la vida tiene un t\u00e9rmino inexorable, mucho importa reflexionar acerca de ella en el contexto de la muerte.<o:p><\/o:p><\/span><\/p>\n<p style=\"text-align: justify\"><span style=\"font-family: Arial\"><\/span><\/p>\n<p><span style=\"font-family: Arial\">En estrecha relaci\u00f3n con esto interesa pensar en un r\u00e9gimen jur\u00eddico para hacer posible un fin digno de la vida (Diego Valad\u00e9s), as\u00ed como ahondar en lo que significa la muerte desde las perspectivas de la biolog\u00eda y la medicina (Ruy P\u00e9rez Tamayo).<o:p><\/o:p><\/span><\/p>\n<p style=\"text-align: justify\"><span style=\"font-family: Arial\"><\/span><\/p>\n<p style=\"text-align: justify\"><span style=\"font-family: Arial\">La tem\u00e1tica del simposio es rica y compleja. Pensar la vida es, para cuantos estamos vivos, discurrir acerca de lo m\u00e1s cercano a nosotros mismos, pero que a la vez mantiene innumerables enigmas y retos.<\/span><\/p>\n","protected":false},"excerpt":{"rendered":"<p>Pensar La Vida y la muerte \u00a0 La Vida es una enfermedad hereditaria La muerte es el mejor \u201cpas\u00f3n\u201d, por eso se guarda para el final Miguel Le\u00f3n Portilla Los grafiti pueden ser abominables expresiones de lo peor de la naturaleza humana o peque\u00f1as joyas de sabidur\u00eda. Uno visto por ah\u00ed, asevera de manera francamente [&hellip;]<\/p>\n","protected":false},"author":249,"featured_media":0,"comment_status":"open","ping_status":"closed","sticky":false,"template":"","format":"standard","meta":{"footnotes":""},"categories":[26],"tags":[],"class_list":["post-1063","post","type-post","status-publish","format-standard","hentry","category-mundo"],"_links":{"self":[{"href":"http:\/\/eloficiodehistoriar.com.mx\/index.php?rest_route=\/wp\/v2\/posts\/1063","targetHints":{"allow":["GET"]}}],"collection":[{"href":"http:\/\/eloficiodehistoriar.com.mx\/index.php?rest_route=\/wp\/v2\/posts"}],"about":[{"href":"http:\/\/eloficiodehistoriar.com.mx\/index.php?rest_route=\/wp\/v2\/types\/post"}],"author":[{"embeddable":true,"href":"http:\/\/eloficiodehistoriar.com.mx\/index.php?rest_route=\/wp\/v2\/users\/249"}],"replies":[{"embeddable":true,"href":"http:\/\/eloficiodehistoriar.com.mx\/index.php?rest_route=%2Fwp%2Fv2%2Fcomments&post=1063"}],"version-history":[{"count":0,"href":"http:\/\/eloficiodehistoriar.com.mx\/index.php?rest_route=\/wp\/v2\/posts\/1063\/revisions"}],"wp:attachment":[{"href":"http:\/\/eloficiodehistoriar.com.mx\/index.php?rest_route=%2Fwp%2Fv2%2Fmedia&parent=1063"}],"wp:term":[{"taxonomy":"category","embeddable":true,"href":"http:\/\/eloficiodehistoriar.com.mx\/index.php?rest_route=%2Fwp%2Fv2%2Fcategories&post=1063"},{"taxonomy":"post_tag","embeddable":true,"href":"http:\/\/eloficiodehistoriar.com.mx\/index.php?rest_route=%2Fwp%2Fv2%2Ftags&post=1063"}],"curies":[{"name":"wp","href":"https:\/\/api.w.org\/{rel}","templated":true}]}}