{"id":1064,"date":"2008-08-08T12:18:26","date_gmt":"2008-08-08T17:18:26","guid":{"rendered":"https:\/\/eloficiodehistoriar.com.mx\/?p=1064"},"modified":"2008-08-08T12:18:26","modified_gmt":"2008-08-08T17:18:26","slug":"reconstruir-el-centro-de-una-ciudad","status":"publish","type":"post","link":"http:\/\/eloficiodehistoriar.com.mx\/?p=1064","title":{"rendered":"Reconstruir el centro de una ciudad"},"content":{"rendered":"<p align=\"center\" style=\"text-align: center\"><strong><span style=\"font-size: 18pt; font-family: Arial\"><\/span><\/strong><\/p>\n<p align=\"center\" style=\"text-align: center\"><strong><span style=\"font-size: 18pt; font-family: Arial\"><\/span><\/strong><\/p>\n<p align=\"center\" style=\"text-align: center\"><strong><span style=\"font-size: 18pt; font-family: Arial\"><\/span><\/strong><\/p>\n<p align=\"center\" style=\"text-align: center\"><strong><span style=\"font-size: 18pt; font-family: Arial\"><img decoding=\"async\" src=\"http:\/\/ts2.images.live.com\/images\/thumbnail.aspx?q=2159036466469&amp;id=c5fc2e9fe4325d7b4a4a9851cfbeed04\" alt=\"020408un_ciudad_puebla_3.jpg\" style=\"width: 105px; cursor: pointer; height: 140px\" title=\"020408un_ciudad_puebla_3.jpg\" class=\"img_thumb\" \/>\u00a0<img decoding=\"async\" src=\"http:\/\/ts2.images.live.com\/images\/thumbnail.aspx?q=1804634563041&amp;id=5d52a035e8686a345b503d84425c1149\" alt=\"catedral-merida.JPG\" style=\"width: 104px; cursor: pointer; height: 140px\" title=\"catedral-merida.JPG\" class=\"img_thumb\" \/><img decoding=\"async\" src=\"http:\/\/ts2.images.live.com\/images\/thumbnail.aspx?q=2477785615757&amp;id=5c834730613b6a2d14de2ca3ac0308e9\" alt=\"jalpademendez.jpg\" style=\"width: 140px; cursor: pointer; height: 119px\" title=\"jalpademendez.jpg\" class=\"img_thumb\" \/><img decoding=\"async\" src=\"http:\/\/ts3.images.live.com\/images\/thumbnail.aspx?q=2486359824262&amp;id=b5d8416b3cfa2e2c197637a124a05f9d\" alt=\"virreydemendoza.jpg\" style=\"width: 140px; cursor: pointer; height: 105px\" title=\"virreydemendoza.jpg\" class=\"img_thumb\" \/><\/span><\/strong><\/p>\n<p align=\"center\" style=\"text-align: center\"><strong><span style=\"font-size: 18pt; font-family: Arial\"><\/span><\/strong><\/p>\n<p><strong><span style=\"font-size: 18pt; font-family: Arial\">Reconstrucci\u00f3n de los Centros Hit\u00f3ricos<o:p><\/o:p><\/span><\/strong><\/p>\n<p style=\"text-align: justify\"><span style=\"font-size: 11pt; font-family: Arial\"><\/span><\/p>\n<p><span style=\"font-size: 11pt; font-family: Arial\">Ell patrimonio urbano nos permite conectar tres dimensiones de la cultura: la cultura en cuanto herencia a conservar, la cultura en cuanto componente de nuestra conciencia y la cultura productiva como generadora de riqueza. <o:p><\/o:p><\/span><\/p>\n<p style=\"text-align: justify\"><span style=\"font-size: 11pt; font-family: Arial\"><\/span><\/p>\n<p><span style=\"font-size: 11pt; font-family: Arial\">Las ciudades hay que explicarlas como realidades complejas dado que en su paisaje se interrelacionan elementos del medio ambiente, herencias de la historia, las fuerzas econ\u00f3micas, el progreso t\u00e9cnico, el genio creador del hombre, las tensiones sociales, los modos de vida de sus habitantes y tambi\u00e9n, las aspiraciones y los deseos de los ciudadanos. La ciudad, adem\u00e1s de ser un paisaje cultural, es una realidad din\u00e1mica donde los problemas de reorganizaci\u00f3n del espacio urbano han estado siempre presentes. <o:p><\/o:p><\/span><\/p>\n<p style=\"text-align: justify\"><span style=\"font-size: 11pt; font-family: Arial\"><\/span><\/p>\n<p><span style=\"font-size: 11pt; font-family: Arial\">La ciudad, tiene que responder a las necesidades que cada \u00e9poca \u00f3 coyuntura hist\u00f3rica le plantea. De aqu\u00ed que, de cara a la valoraci\u00f3n del patrimonio cultural, a la superaci\u00f3n de las visiones muse\u00edsticas de los centros hist\u00f3ricos y tambi\u00e9n a la intervensi\u00f3n urban\u00edstica, sea necesario hacer conciencia sobre el hecho de que cada espacio urban\u00edstico tiene una etapa hist\u00f3rica que es clave en su formaci\u00f3n y articulaci\u00f3n, adem\u00e1s, se trata de ciudades vivas que han tenido que adaptarse a diversas etapas. <o:p><\/o:p><\/span><\/p>\n<p style=\"text-align: justify\"><span style=\"font-size: 11pt; font-family: Arial\"><\/span><\/p>\n<p><span style=\"font-size: 11pt; font-family: Arial\">En la mayor\u00eda de las ciudades lo viejo y lo nuevo, lo tradicional y lo moderno se combinan; las ciudades est\u00e1n esculpidas en piedra. Los rasgos de una ciudad se advierten en la fachada de sus edificios, en sus cascos antiguos, en sus iglesias, en el conjunto de sus trazos, en el sabor de sus barrios y en el sentir de sus habitantes. <o:p><\/o:p><\/span><\/p>\n<p style=\"text-align: justify\"><span style=\"font-size: 11pt; font-family: Arial\"><\/span><\/p>\n<p><span style=\"font-size: 11pt; font-family: Arial\">Es en el lenguaje de las piedras que se ha escrito la historia de las ciudades, algunas de las cuales han sabido transmitir su mensaje y son un libro abierto para mostrar su historia, cultura y folklore, tanto a sus habitantes como a sus hu\u00e9spedes, conformando parte importante de su patrimonio tur\u00edstico. Es as\u00ed que, las localidades tradicionales con sus referencias al pasado, son los nuevos lugares que llaman al turismo alternativo. <o:p><\/o:p><\/span><\/p>\n<p style=\"text-align: justify\"><span style=\"font-size: 11pt; font-family: Arial\"><\/span><\/p>\n<p><span style=\"font-size: 11pt; font-family: Arial\">Pero existen otras que por negligencia o por el deseo de dar paso a la modernidad no han preservado la fisonom\u00eda que anta\u00f1o las identificaba, y en las que deben participar una serie de organismos especializados y la misma poblaci\u00f3n, a fin de salvaguardar el patrimonio arquitect\u00f3nico, apoyados en una serie de leyes y reglamentos que decretan la obligaci\u00f3n de conservarlo y mantenerlo en buen estado; determinando asimismo el nivel de intervenci\u00f3n en cada uno de los edificios, que van desde la remodelaci\u00f3n hasta la demolici\u00f3n, seg\u00fan el caso. <o:p><\/o:p><\/span><\/p>\n<p style=\"text-align: justify\"><span style=\"font-size: 11pt; font-family: Arial\"><\/span><\/p>\n<p><span style=\"font-size: 11pt; font-family: Arial\">Es importante se\u00f1alar que una pronta y eficaz intervenci\u00f3n en los edificios y un uso apropiado de los mismos podr\u00edan incrementar la oferta tur\u00edstica que podr\u00eda aumentar la estancia promedio de sus visitantes. <o:p><\/o:p><\/span><\/p>\n<p style=\"text-align: justify\"><span style=\"font-size: 11pt; font-family: Arial\"><\/span><\/p>\n<p><span style=\"font-size: 11pt; font-family: Arial\">En el caso de M\u00e9xico, \u00e9ste cuenta con un gran legado hist\u00f3rico reflejado en cada uno de los Estados que lo conforman. Dicho legado se debe en gran parte a los cambios socioecon\u00f3micos, pol\u00edticos y culturales que <st1:personname ProductID=\"la Conquista Espa?ola\" w:st=\"on\">la Conquista Espa\u00f1ola<\/st1:personname> dej\u00f3 en el pa\u00eds, dando como resultado el mestizaje, que signific\u00f3 la creaci\u00f3n de nuevas generaciones, con caracter\u00edsticas propias que identificar\u00edan a una futura naci\u00f3n, ya que \u00e9sta se compone tambi\u00e9n de un rico pasado prehisp\u00e1nico. <o:p><\/o:p><\/span><\/p>\n<p style=\"text-align: justify\"><span style=\"font-size: 11pt; font-family: Arial\"><\/span><\/p>\n<p><span style=\"font-size: 11pt; font-family: Arial\">En M\u00e9xico, la mano del hombre aplan\u00f3 lo alto de las monta\u00f1as y les hizo terrazas en las faldas para su conveniencia. La religi\u00f3n y la arquitectura iban de la mano. Los edificios m\u00e1s importantes de Mesoam\u00e9rica se levantaban para honor y gloria de seres sobrenaturales, m\u00e1s bien que para albergar al hombre. Los edificios van desde una simple cueva hasta palacios lujosos y templos de enormes proporciones. <o:p><\/o:p><\/span><\/p>\n<p style=\"text-align: justify\"><span style=\"font-size: 11pt; font-family: Arial\"><\/span><\/p>\n<p><span style=\"font-size: 11pt; font-family: Arial\">Es dif\u00edcil calcular las dimensiones a que lleg\u00f3 la arquitectura en Mesoam\u00e9rica durante la \u00e9poca prehisp\u00e1nica, pues queda muy poco de lo que alguna vez fueron poblaciones y ciudades pr\u00f3speras. Los mejores ejemplos existentes se encuentran en el \u00e1rea maya, sigui\u00e9ndoles los de la regi\u00f3n mixteco-zapoteca. Se conoce menos de las edificaciones en otras \u00e1reas, ya sea por lo poco durable de los materiales de construcci\u00f3n o por la destrucci\u00f3n causada durante la conquista y la ocupaci\u00f3n espa\u00f1ola, as\u00ed como por el olvido de los \u00faltimos doscientos a\u00f1os. <o:p><\/o:p><\/span><\/p>\n<p style=\"text-align: justify\"><span style=\"font-size: 11pt; font-family: Arial\"><\/span><\/p>\n<p><span style=\"font-size: 11pt; font-family: Arial\">Las casas de la gente com\u00fan eran de construcci\u00f3n d\u00e9bil, y quedan pocos restos de ellas. En los templos antiguos, como en los actuales, hubo muchas clases de casas, algunas grandes para la gente m\u00e1s acomodada y otras muy humildes que merecen m\u00e1s bien el nombre de \u00abchoza\u00bb \u00f3 \u00abjacal\u00bb. Var\u00edan bastante en su construcci\u00f3n seg\u00fan la regi\u00f3n donde se encuentran. <o:p><\/o:p><\/span><\/p>\n<p style=\"text-align: justify\"><span style=\"font-size: 11pt; font-family: Arial\"><\/span><\/p>\n<p><span style=\"font-size: 11pt; font-family: Arial\">Los arquitectos ind\u00edgenas combinaban tambi\u00e9n el espacio, la distancia y la altura para imprimir un sentido de majestad, misterio, dignidad y solemnidad, como lo demuestran las espaciosas plazas de Teotihuacan y Chich\u00e9n Itz\u00e1. <o:p><\/o:p><\/span><\/p>\n<p style=\"text-align: justify\"><span style=\"font-size: 11pt; font-family: Arial\"><\/span><\/p>\n<p><span style=\"font-size: 11pt; font-family: Arial\">Se construyeron ciudades fortificadas en muchas regiones debido a las intensas acciones de guerra de Mesoam\u00e9rica. Las t\u00edpicas ciudades fortificadas mayas son Tulum, edificada en un acantilado frente al mar y protegida por una muralla; Mayap\u00e1n, Iximch\u00e9 y Utatl\u00e1n, construidas en medio de un terreno casi inaccesible. En el Valle de Tehuac\u00e1n las principales ciudades cl\u00e1sicas se encuentran sobre cerros altos, no muy accesibles. <o:p><\/o:p><\/span><\/p>\n<p style=\"text-align: justify\"><span style=\"font-size: 11pt; font-family: Arial\"><\/span><\/p>\n<p><span style=\"font-size: 11pt; font-family: Arial\">Los lacandones construyeron una ciudad en una isla del lago Miramar (\u00abChan-K\u2019ak-Na\u00bb), a la que se pod\u00eda llegar \u00fanicamente en canoa, y que cost\u00f3 a los espa\u00f1oles varias expediciones hasta capturarla y rendirla. Los conquistadores tuvieron grandes dificultades para vencer a Tenochtitlan y Pet\u00e9n Itz\u00e1, ciudades fortificadas por los aztecas y los mayas, respectivamente, ambas construidas en islas. <o:p><\/o:p><\/span><\/p>\n<p style=\"text-align: justify\"><span style=\"font-size: 11pt; font-family: Arial\"><\/span><\/p>\n<p><span style=\"font-size: 11pt; font-family: Arial\">Los pur\u00e9pechas tambi\u00e9n fortificaron ciudades, como Oztuma (Teloloapan), Zit\u00e1cuaro y Ajucitl\u00e1n. Alrededor de todo el actual estado de Tlaxcala se construy\u00f3 una muralla alta y gruesa para proteger a los habitantes contra los aztecas, con entradas especiales, reforzadas, en zigzag. En Huexotla hab\u00eda una cerca de seis metros de altura, que en otras \u00e9pocas rodeaba y defend\u00eda a la ciudad. Los zapotecas, mijes y chinantecas eran famosospor sus fortalezas casi inaccesibles en los picos de las monta\u00f1as, como de Quiengola. En algunos sitios los habitantes ten\u00edan que usar escaleras para atravesar sus fortalezas. <o:p><\/o:p><\/span><\/p>\n<p style=\"text-align: justify\"><span style=\"font-size: 11pt; font-family: Arial\"><\/span><\/p>\n<p><span style=\"font-size: 11pt; font-family: Arial\">Tenochtitlan, la fant\u00e1stica capital azteca, queda varios metros debajo de la actual ciudad de M\u00e9xico, y dondequiera que se hacen zanjas en el coraz\u00f3n de la ciudad los obreros cruzan las ruinas de la gloria azteca. Creci\u00f3 r\u00e1pidamente en cuanto se le conquist\u00f3, y desde entonces no se ha detenido. Sabemos c\u00f3mo se ve\u00eda antes de la gran destrucci\u00f3n gracias a los escritos de los cronistas espa\u00f1oles, quienes nunca dejaron de encomiar y asombrarse de las maravillas de Tenochtitlan. <o:p><\/o:p><\/span><\/p>\n<p style=\"text-align: justify\"><span style=\"font-size: 11pt; font-family: Arial\"><\/span><\/p>\n<p><span style=\"font-size: 11pt; font-family: Arial\">Una de las manifestaciones culturales m\u00e1s sobresalientes de la influencia espa\u00f1ola fue la arquitectura, con el estilo colonial que se desarroll\u00f3 durante la \u00e9poca virreinal y que prevaleci\u00f3 medio siglo despu\u00e9s de la emancipaci\u00f3n. <o:p><\/o:p><\/span><\/p>\n<p style=\"text-align: justify\"><span style=\"font-size: 11pt; font-family: Arial\"><\/span><\/p>\n<p><span style=\"font-size: 11pt; font-family: Arial\">Caracter\u00edstica de la colonizaci\u00f3n espa\u00f1ola es la forma urbana de asentamiento que, por lo regular, sigui\u00f3 dos estructuras b\u00e1sicas: una era la ret\u00edcula en forma de damero y la otra la que se adaptaba a los accidentes geogr\u00e1ficos del terreno. <o:p><\/o:p><\/span><\/p>\n<p style=\"text-align: justify\"><span style=\"font-size: 11pt; font-family: Arial\"><\/span><\/p>\n<p><span style=\"font-size: 11pt; font-family: Arial\">Los asentamientos urbanos fortificados prestaban protecci\u00f3n contra las incursiones de los numerosos ind\u00edgenas y aseguraban las comunicaciones comerciales. Una pol\u00edtica constante de <st1:personname ProductID=\"la Corona\" w:st=\"on\">la Corona<\/st1:personname> espa\u00f1ola fue la de arraigar en las ciudades a los colonizadores e impedir su dispersi\u00f3n por la campi\u00f1a, pero a\u00fan as\u00ed, en el ocaso de la \u00e9poca colonial hab\u00eda m\u00e1s espa\u00f1oles y criollos dispersos por la campi\u00f1a; en haciendas y ranchos, que los que viv\u00edan en las ciudades. <o:p><\/o:p><\/span><\/p>\n<p style=\"text-align: justify\"><span style=\"font-size: 11pt; font-family: Arial\"><\/span><\/p>\n<p><span style=\"font-size: 11pt; font-family: Arial\">La construcci\u00f3n de ciudades planificadas comienza con el env\u00edo del gobernador Ovando en 1501, quien hizo construir la nueva ciudad de Santo Domingo seg\u00fan el modelo de construcci\u00f3n urbana planificada en <st1:personname ProductID=\"la Pen?nsula Ib?rica\" w:st=\"on\">la Pen\u00ednsula Ib\u00e9rica<\/st1:personname> durante <st1:personname ProductID=\"la Edad Media\" w:st=\"on\">la Edad Media<\/st1:personname> tard\u00eda. Esa forma de trazado, que delimita, mediante la red de calles paralelas, cuadril\u00e1teros edificados y que se conoce como esquema ajedrezado, se encuentra tambi\u00e9n en las colonizaciones del Mediod\u00eda franc\u00e9s y del este de Alemania. <o:p><\/o:p><\/span><\/p>\n<p style=\"text-align: justify\"><span style=\"font-size: 11pt; font-family: Arial\"><\/span><\/p>\n<p><span style=\"font-size: 11pt; font-family: Arial\">Fund\u00e1ndose en las experiencias pr\u00e1cticas de la construcci\u00f3n y ampliaci\u00f3n de ciudades, el gobierno espa\u00f1ol estableci\u00f3 tempranamente pautas para el trazado urbano en el Nuevo Mundo. En 1513 se le encomend\u00f3 a Pedrarias D\u00e1vila que al fundar ciudades trazara sim\u00e9tricamente las calles y solares. El agrimensor Alonso Garc\u00eda Bravo, que hab\u00eda llegado con Pedrarias D\u00e1vila, dise\u00f1\u00f3 despu\u00e9s, por encargo de Hern\u00e1n Cort\u00e9s, el esquema ajedrezado para la reconstrucci\u00f3n de la ciudad de M\u00e9xico. Fue \u00e9sta la forma t\u00edpica de los asentamientos urbanos espa\u00f1oles en Am\u00e9rica. <o:p><\/o:p><\/span><\/p>\n<p style=\"text-align: justify\"><span style=\"font-size: 11pt; font-family: Arial\"><\/span><\/p>\n<p><span style=\"font-size: 11pt; font-family: Arial\">Las ordenanzas de Felipe II del 13 de julio de 1573 inclu\u00edan las disposiciones legales sobre la construcci\u00f3n de ciudades en Am\u00e9rica, que fueron retomadas en el c\u00f3digo colonial de 1680. Plazas, calles y solares deb\u00edan ser trazados en l\u00ednea recta, para lo cual hab\u00eda que comenzar con la delimitaci\u00f3n de la plaza principal, o plaza mayor, y a partir de all\u00ed construir la red de calles. <o:p><\/o:p><\/span><\/p>\n<p style=\"text-align: justify\"><span style=\"font-size: 11pt; font-family: Arial\"><\/span><\/p>\n<p><span style=\"font-size: 11pt; font-family: Arial\">El inter\u00e9s por conservar nuestro patrimonio cultural, se remonta a un pasado \u00bb muy cercano\u00bb, poco despu\u00e9s de declarada la independencia (1821), cuando surge la necesidad de crear la nacionalidad, es decir, el sentido de pertenencia a una tierra, y en este caso son los mestizos, producto de la fusi\u00f3n ind\u00edgena y espa\u00f1ola, quienes deber\u00e1n desarrollar este sentimiento. <o:p><\/o:p><\/span><\/p>\n<p style=\"text-align: justify\"><span style=\"font-size: 11pt; font-family: Arial\"><\/span><\/p>\n<p><span style=\"font-size: 11pt; font-family: Arial\">De esta forma, empieza una producci\u00f3n de leyes, reglamentos, decretos, documentos y bibliograf\u00eda sobre la riqueza cultural de M\u00e9xico, que desembocar\u00e1n en <st1:personname ProductID=\"la Ley Federal\" w:st=\"on\">la Ley Federal<\/st1:personname> sobre Monumentos y Zonas Arqueol\u00f3gicos, Art\u00edsticos e Hist\u00f3ricos de 1972, que es la vigente. <o:p><\/o:p><\/span><\/p>\n<p style=\"text-align: justify\"><span style=\"font-size: 11pt; font-family: Arial\"><\/span><\/p>\n<p><span style=\"font-size: 11pt; font-family: Arial\">Una forma de fomentar la conciencia nacional tras la independencia fue la creaci\u00f3n de museos. En 1825 se cre\u00f3 el primer Museo Nacional Mexicano en <st1:personname ProductID=\"la Universidad\" w:st=\"on\">la Universidad<\/st1:personname>, fund\u00e1ndose a la vez <st1:personname ProductID=\"la Sociedad\" w:st=\"on\">la Sociedad<\/st1:personname> del Museo Mexicano. En 1835 se cre\u00f3 <st1:personname ProductID=\"la Academia Nacional\" w:st=\"on\">la Academia Nacional<\/st1:personname> de Historia con la participaci\u00f3n de todas las tendencias pol\u00edticas. Su objetivo: ilustrar la historia de la naci\u00f3n, corrigi\u00e9ndole los errores que hasta ese momento ten\u00eda. <o:p><\/o:p><\/span><\/p>\n<p style=\"text-align: justify\"><span style=\"font-size: 11pt; font-family: Arial\"><\/span><\/p>\n<p><span style=\"font-size: 11pt; font-family: Arial\">No obstante, hacia mediados del siglo XIX las orientaciones pol\u00edticas fueron determinantes para lo que actualmente se considera el patrimonio arquitect\u00f3nico y urbano de la colonia. Las leyes de nacionalizaci\u00f3n de los bienes eclesi\u00e1sticos que los liberales decretaron al tomar el poder hacia 1865, incidieron tambi\u00e9n en la conservaci\u00f3n de monumentos. <o:p><\/o:p><\/span><\/p>\n<p style=\"text-align: justify\"><span style=\"font-size: 11pt; font-family: Arial\"><\/span><\/p>\n<p><span style=\"font-size: 11pt; font-family: Arial\">La ley del 13 de julio de 1859, en su art\u00edculo 5\u00ba, se refer\u00eda a la manera como los peritos deb\u00edan hacer planos para dividir los edificios de las comunidades suprimidas, valuadas para proceder a su remate, disposici\u00f3n que a veces llev\u00f3 consigo la destrucci\u00f3n por la apertura de calles para su mejor fraccionamiento, as\u00ed como una modificaci\u00f3n muy importante de las trazas de la ciudad colonial, lo que indica que, en esa \u00e9poca no todos los edificios coloniales eran considerados monumentos. <o:p><\/o:p><\/span><\/p>\n<p style=\"text-align: justify\"><span style=\"font-size: 11pt; font-family: Arial\"><\/span><\/p>\n<p><span style=\"font-size: 11pt; font-family: Arial\">Es importante destacar el apoyo que brind\u00f3 Maximiliano a la protecci\u00f3n del patrimonio cultural de M\u00e9xico, a trav\u00e9s de disposiciones administrativas y exaltando la historia nacional con actos como el que realiz\u00f3 el 16 de septiembre de 1864 cuando mand\u00f3 colocar en el edificio de Dolores en que habit\u00f3 Don Miguel Hidalgo una inscripci\u00f3n, siendo el primer monumento hist\u00f3rico reconocido por el gobierno. <o:p><\/o:p><\/span><\/p>\n<p style=\"text-align: justify\"><span style=\"font-size: 11pt; font-family: Arial\"><\/span><\/p>\n<p><span style=\"font-size: 11pt; font-family: Arial\">Hacia el \u00faltimo tercio del siglo XIX el r\u00e9gimen porfirista acent\u00fao su apoyo al estudio de la arqueolog\u00eda, que hab\u00eda despertado el inter\u00e9s de viajeros extranjeros y los conocimientos derivados de nuevos descubrimientos arqueol\u00f3gicos. Apoyo que se prolongar\u00e1 hasta el final de su mandato a trav\u00e9s de acuerdos y decretos tendientes a la preservaci\u00f3n de los monumentos arquitect\u00f3nicos. <o:p><\/o:p><\/span><\/p>\n<p style=\"text-align: justify\"><span style=\"font-size: 11pt; font-family: Arial\"><\/span><\/p>\n<p><span style=\"font-size: 11pt; font-family: Arial\">La herencia colonial tuvo otra valoraci\u00f3n, ya que representaba aquello contra lo que hab\u00eda luchado la nueva naci\u00f3n; sin embargo, algunos aspectos fueron valorados, como la pintura, as\u00ed como edificios que llamaban la atenci\u00f3n por su excelente factura. En cuanto a la vertiente popular de la arquitectura colonial, la constituyeron los poblados mestizos: P\u00e1tzcuaro, Taxco, San Angel \u00f3 Coyoac\u00e1n, que se fijaron tambi\u00e9n como imagen de \u00ablo t\u00edpico\u00bb. <o:p><\/o:p><\/span><\/p>\n<p style=\"text-align: justify\"><span style=\"font-size: 11pt; font-family: Arial\"><\/span><\/p>\n<p><span style=\"font-size: 11pt; font-family: Arial\">Con todo lo anterior se valoraron algunas manifestaciones de la cultura colonial y se elevaron a rango de patrimonio cultural, con un claro inter\u00e9s de conservarlas como testimonios. Este proceso se formaliz\u00f3 oficialmente con su inclusi\u00f3n en las leyes de 1930 y 1934 para su protecci\u00f3n y conservaci\u00f3n. La culminaci\u00f3n de esta tendencia se produjo en 1939 al crearse el Instituto Nacional de Antropolog\u00eda e Historia. <o:p><\/o:p><\/span><\/p>\n<p style=\"text-align: justify\"><span style=\"font-size: 11pt; font-family: Arial\"><\/span><\/p>\n<p><span style=\"font-size: 11pt; font-family: Arial\">Surgi\u00f3 as\u00ed la ideolog\u00eda del mestizo como poseedor de la verdadera cultura nacional. De aqu\u00ed la necesidad de conservar nuestro pasado, tanto prehisp\u00e1nico como colonial, del cual era exponente precisamente el mestizo. <o:p><\/o:p><\/span><\/p>\n<p style=\"text-align: justify\"><span style=\"font-size: 11pt; font-family: Arial\"><\/span><\/p>\n<p><span style=\"font-size: 11pt; font-family: Arial\">En 1952 se crea <st1:personname ProductID=\"la Secretar?a\" w:st=\"on\">la Secretar\u00eda<\/st1:personname> de Bienes Nacionales, cuyas funciones cumple actualmente <st1:personname ProductID=\"la Secretar?a\" w:st=\"on\">la Secretar\u00eda<\/st1:personname> de Desarrollo Urbano y Ecolog\u00eda; ten\u00eda como fin inventariar los bienes nacionales. <o:p><\/o:p><\/span><\/p>\n<p style=\"text-align: justify\"><span style=\"font-size: 11pt; font-family: Arial\"><\/span><\/p>\n<p><span style=\"font-size: 11pt; font-family: Arial\">En el r\u00e9gimen de Luis Echeverr\u00eda \u00c1lvarez se a\u00f1adi\u00f3 el patrimonio del siglo XIX, es decir, el de la cultura del Estado Nacional, antecedente del contempor\u00e1neo; concretamente se trata de <st1:personname ProductID=\"la Ley Federal\" w:st=\"on\">la Ley Federal<\/st1:personname> del Patrimonio Nacional de <st1:personname ProductID=\"la Naci?n\" w:st=\"on\">la Naci\u00f3n<\/st1:personname>, de 1970, y de <st1:personname ProductID=\"la Ley Federal\" w:st=\"on\">la Ley Federal<\/st1:personname> sobre Monumentos y Zonas Arqueol\u00f3gicos, Art\u00edsticos e Hist\u00f3ricos, de 1972. <o:p><\/o:p><\/span><\/p>\n<p style=\"text-align: justify\"><span style=\"font-size: 11pt; font-family: Arial\"><\/span><\/p>\n<p><span style=\"font-size: 11pt; font-family: Arial\">En el \u00e1mbito internacional tambi\u00e9n se gest\u00f3 un movimiento semejante. Algunas naciones decretaron leyes de protecci\u00f3n para sus monumentos (ejemplo: Francia, 1911; Espa\u00f1a, 1926), y M\u00e9xico en particular ha participado de manera activa en este movimiento: desde la fundaci\u00f3n de <st1:personname ProductID=\"la Unesco\" w:st=\"on\">la Unesco<\/st1:personname> en 1945, sum\u00e1ndose a los esfuerzos internacionales para <st1:personname ProductID=\"la Conservaci?n\" w:st=\"on\">la Conservaci\u00f3n<\/st1:personname> de los Monumentos y Ciudades Hist\u00f3ricas; en <st1:personname ProductID=\"la Conferencia\" w:st=\"on\">la Conferencia<\/st1:personname> de las Naciones Unidas sobre Viajes Internacionales y Turismo celebrada en Roma en 1963; en <st1:personname ProductID=\"la Reuni?n\" w:st=\"on\">la Reuni\u00f3n<\/st1:personname> sobre Conservaci\u00f3n y Utilizaci\u00f3n de Monumentos y Lugares de Inter\u00e9s Hist\u00f3rico y Art\u00edstico de 1967 en Quito; en el Coloquio Internacional sobre <st1:personname ProductID=\"la Conservaci?n\" w:st=\"on\">la Conservaci\u00f3n<\/st1:personname>, Preservaci\u00f3n y Valoraci\u00f3n de los Monumentos y Sitios en Funci\u00f3n del Desarrollo del Turismo Cultural, reunido en Oxford en 1969; o en <st1:personname ProductID=\"la Conferencia\" w:st=\"on\">la Conferencia<\/st1:personname> llevada a cabo en M\u00e9xico en 1972, donde se abre una amplia gama de posibilidades para la sociedad civil a trav\u00e9s del turismo cultural <o:p><\/o:p><\/span><\/p>\n<p style=\"text-align: justify\"><span style=\"font-size: 11pt; font-family: Arial\"><\/span><\/p>\n<p><span style=\"font-size: 11pt; font-family: Arial\">A partir de 1950, el patrimonio cultural ha entrado en una nueva esfera, la del desarrollo econ\u00f3mico a trav\u00e9s del turismo, al reconocerse el atractivo que tiene para los visitantes la rica gama de testimonios de las diferentes etapas hist\u00f3ricas y de las m\u00faltiples culturas regionales. <o:p><\/o:p><\/span><\/p>\n<p style=\"text-align: justify\"><span style=\"font-size: 11pt; font-family: Arial\"><\/span><\/p>\n<p><span style=\"font-size: 11pt; font-family: Arial\">Como consecuencia de lo anterior, se produjo la creaci\u00f3n por parte de <st1:personname ProductID=\"la Secretar?a\" w:st=\"on\">la Secretar\u00eda<\/st1:personname> de Turismo, en 1989, de los fondos mixtos de promoci\u00f3n, que son los mecanismos de participaci\u00f3n conjunta en las que interviene el gobierno federal, el gobierno estatal, el gobierno municipal, as\u00ed como los prestadores de servicios tur\u00edsticos organizados a trav\u00e9s de la misma Secretar\u00eda para impulsar el desarrollo de la actividad tur\u00edstica por medio de la publicidad, promoci\u00f3n y comercializaci\u00f3n tanto en el mercado nacional como en el internacional. De los Fondos Mixtos existentes hasta el presente, est\u00e1 el destinado a las ciudades coloniales ( y sus centros hist\u00f3ricos) que se denomina: Fondo Mixto Ciudades Coloniales y que engloba 44 ciudades de las m\u00e1s de 100 que se asentaron durante lo que se denomina \u00e9poca colonial. A manera de ejemplo de lo que se hace en cuesti\u00f3n de rehabilitaci\u00f3n en los centros hist\u00f3ricos en M\u00e9xico, se\u00f1alo algunas de estas ciudades en que se est\u00e1n realizando actuaciones de rehabilitaci\u00f3n financiada por el fondo mixto. Esta relaci\u00f3n, restringida, est\u00e1 formada por las ciudades de las que he lograda reunir informaci\u00f3n relativa a los valores hist\u00f3ricos y monumentales. Conviene tener en cuenta que <st1:personname ProductID=\"la Secretar?a\" w:st=\"on\">la Secretar\u00eda<\/st1:personname> de Turismo, se ha limitado ha publicar la lista de las 44 ciudades que la componen, sin ninguna otra informaci\u00f3n complementaria. <o:p><\/o:p><\/span><span style=\"font-size: 11pt; font-family: Arial\"><\/span><\/p>\n<p><span style=\"font-size: 11pt; font-family: Arial\">Por lo anterior, en la actualidad, estoy realizando una investigaci\u00f3n tanto documental como de campo, con vista a recabar todos los datos pertinentes que permitan una mejor percepci\u00f3n <\/span><\/p>\n","protected":false},"excerpt":{"rendered":"<p>\u00a0 Reconstrucci\u00f3n de los Centros Hit\u00f3ricos Ell patrimonio urbano nos permite conectar tres dimensiones de la cultura: la cultura en cuanto herencia a conservar, la cultura en cuanto componente de nuestra conciencia y la cultura productiva como generadora de riqueza. Las ciudades hay que explicarlas como realidades complejas dado que en su paisaje se interrelacionan [&hellip;]<\/p>\n","protected":false},"author":249,"featured_media":0,"comment_status":"open","ping_status":"closed","sticky":false,"template":"","format":"standard","meta":{"footnotes":""},"categories":[26],"tags":[],"class_list":["post-1064","post","type-post","status-publish","format-standard","hentry","category-mundo"],"_links":{"self":[{"href":"http:\/\/eloficiodehistoriar.com.mx\/index.php?rest_route=\/wp\/v2\/posts\/1064","targetHints":{"allow":["GET"]}}],"collection":[{"href":"http:\/\/eloficiodehistoriar.com.mx\/index.php?rest_route=\/wp\/v2\/posts"}],"about":[{"href":"http:\/\/eloficiodehistoriar.com.mx\/index.php?rest_route=\/wp\/v2\/types\/post"}],"author":[{"embeddable":true,"href":"http:\/\/eloficiodehistoriar.com.mx\/index.php?rest_route=\/wp\/v2\/users\/249"}],"replies":[{"embeddable":true,"href":"http:\/\/eloficiodehistoriar.com.mx\/index.php?rest_route=%2Fwp%2Fv2%2Fcomments&post=1064"}],"version-history":[{"count":0,"href":"http:\/\/eloficiodehistoriar.com.mx\/index.php?rest_route=\/wp\/v2\/posts\/1064\/revisions"}],"wp:attachment":[{"href":"http:\/\/eloficiodehistoriar.com.mx\/index.php?rest_route=%2Fwp%2Fv2%2Fmedia&parent=1064"}],"wp:term":[{"taxonomy":"category","embeddable":true,"href":"http:\/\/eloficiodehistoriar.com.mx\/index.php?rest_route=%2Fwp%2Fv2%2Fcategories&post=1064"},{"taxonomy":"post_tag","embeddable":true,"href":"http:\/\/eloficiodehistoriar.com.mx\/index.php?rest_route=%2Fwp%2Fv2%2Ftags&post=1064"}],"curies":[{"name":"wp","href":"https:\/\/api.w.org\/{rel}","templated":true}]}}