{"id":1065,"date":"2008-08-08T12:37:17","date_gmt":"2008-08-08T17:37:17","guid":{"rendered":"https:\/\/eloficiodehistoriar.com.mx\/?p=1065"},"modified":"2008-08-08T12:37:17","modified_gmt":"2008-08-08T17:37:17","slug":"remar-los-dias","status":"publish","type":"post","link":"http:\/\/eloficiodehistoriar.com.mx\/?p=1065","title":{"rendered":"Remar los d\u00edas&#8230;"},"content":{"rendered":"<p align=\"center\"><strong><font size=\"4\" color=\"#0000ff\">Remar los d\u00edas<\/font><\/strong><\/p>\n<p align=\"center\">&nbsp;<\/p>\n<p align=\"center\"><font size=\"3\" color=\"#000080\"><strong>Julio Figueroa<\/strong><\/font>\u00a0<\/p>\n<p align=\"left\">\n<font size=\"3\" color=\"#800000\">\u00a0\u00a0\u00a0\u00a0 <\/font><\/p>\n<p align=\"left\"><font size=\"3\" color=\"#800000\">Soy un hombre p\u00fablico y un hombre de pelea.<\/font><br \/>\n\u00a0<br \/>\n<font size=\"3\" color=\"#800000\">\u00a0<\/font><\/p>\n<p align=\"left\"><font size=\"3\" color=\"#800000\">\u00a0\u00a0\u00a0\u00a0 S S: \u00a1Ay\u00fadame <font color=\"#0000ff\">a existir y<\/font> a remar los d\u00edas y a pelear contra el poder con tu bendito amor!<\/font><br \/>\n\u00a0<br \/>\n<font size=\"3\" color=\"#800000\">\u00a0<\/font><\/p>\n<p align=\"left\"><font size=\"3\" color=\"#800000\">\u00a0\u00a0\u00a0\u00a0 No es f\u00e1cil vivir en pareja. No es f\u00e1cil vivir solo. No es f\u00e1cil vivir sin amor.<\/font><br \/>\n\u00a0<br \/>\n<font size=\"3\" color=\"#800000\">\u00a0<\/font><\/p>\n<p align=\"left\"><font size=\"3\" color=\"#800000\">\u00a0\u00a0\u00a0\u00a0 A prop\u00f3sito de la G\u00fcija me dice una mujer de la calle: No abras puertas que no puedas cerrar.<\/font><br \/>\n\u00a0<br \/>\n<font size=\"3\" color=\"#800000\">\u00a0<\/font><\/p>\n<p align=\"left\"><font size=\"3\" color=\"#800000\">\u00a0\u00a0\u00a0\u00a0 Cuando abres una puerta, entra y sale por ella todo lo que hay adentro. \u00bfComprendes? Lo bueno y lo malo y lo otro.\u00a0<\/font><br \/>\n\u00a0<br \/>\n<font size=\"3\" color=\"#800000\">\u00a0<\/font><\/p>\n<p align=\"left\"><font size=\"3\" color=\"#800000\">\u00a0\u00a0\u00a0\u00a0 Don Juan: No toques lo que no vas a usar.\u00a0<\/font><br \/>\n\u00a0<br \/>\n<font size=\"3\" color=\"#800000\">\u00a0<\/font><\/p>\n<p align=\"left\"><font size=\"3\" color=\"#800000\">\u00a0\u00a0\u00a0\u00a0 Nada temas, nada; salvo las buenas y las malas palabras. Y m\u00e1s las buenas que las malas.\u00a0<\/font><br \/>\n\u00a0<br \/>\n<font size=\"3\" color=\"#800000\">\u00a0<\/font><\/p>\n<p align=\"left\"><font size=\"3\" color=\"#800000\">\u00a0\u00a0\u00a0\u00a0 Doy vueltas a la cuadra para ganar tiempo. En los poros de las letras. En los poros de la ciudad. En los poros de la sociedad. Marx.<\/font><br \/>\n\u00a0<br \/>\n<font size=\"3\" color=\"#800000\">\u00a0<\/font><\/p>\n<p align=\"left\"><font size=\"3\" color=\"#800000\">\u00a0\u00a0\u00a0\u00a0 Sin trampas no se puede vivir. Trampas de vida y esperanza. Trampas de amor.\u00a0<\/font><br \/>\n\u00a0<br \/>\n<font size=\"3\" color=\"#800000\">\u00a0<\/font><\/p>\n<p align=\"left\"><font size=\"3\" color=\"#800000\">\u00a0\u00a0\u00a0\u00a0 Escribo mentalmente mientras camino. Escribo en la calle en mi lap-top de 3\u00a0pesos: pluma y papel. Escribo con toda el alma estas letras bobas de luz.\u00a0<\/font><br \/>\n\u00a0<br \/>\n<font size=\"3\" color=\"#800000\">\u00a0<\/font><\/p>\n<p align=\"left\"><font size=\"3\" color=\"#800000\">\u00a0\u00a0\u00a0\u00a0 Me paro en el puesto de peri\u00f3dicos y veo:<\/font><br \/>\n<font size=\"3\" color=\"#800000\">\u00a0<\/font><\/p>\n<p align=\"left\"><font size=\"3\" color=\"#800000\">\u00a0\u00a0\u00a0\u00a0 &#8211;Aura cerr\u00f3 la puerta, pidi\u00f3 el abrigo y se march\u00f3. (30-VII-2008).<\/font><br \/>\n<font size=\"3\" color=\"#800000\">\u00a0<\/font><\/p>\n<p align=\"left\"><font size=\"3\" color=\"#800000\">\u00a0\u00a0\u00a0\u00a0 Lo sigui\u00f3 V\u00edctor Hugo Rasc\u00f3n Banda (31-VII-2008):<\/font><br \/>\n<font size=\"3\" color=\"#800000\">\u00a0<\/font><\/p>\n<p align=\"left\"><font size=\"3\" color=\"#800000\">\u00a0\u00a0\u00a0\u00a0 &#8211;\u00a1\u00bfC\u00f3mo, ya tan pronto se acab\u00f3 mi tiempo?!\u00a0<\/font><br \/>\n<font size=\"3\" color=\"#800000\">\u00a0<\/font><\/p>\n<p align=\"left\"><font size=\"3\" color=\"#800000\">\u00a0\u00a0\u00a0\u00a0 \u00bfQui\u00e9n sigue? &#8211;pregunta Juanelo.<\/font><br \/>\n<font size=\"3\" color=\"#800000\">\u00a0<\/font><\/p>\n<p align=\"left\"><font size=\"3\" color=\"#800000\">\u00a0\u00a0\u00a0\u00a0 T\u00fayo\u00e9lnosotros.<\/font><br \/>\n\u00a0<br \/>\n<font size=\"3\" color=\"#800000\">\u00a0<\/font><\/p>\n<p align=\"left\"><font size=\"3\" color=\"#800000\">\u00a0\u00a0\u00a0\u00a0 Sigui\u00f3 Alexander Solzhenitzyn (3-VIII-2008):<\/font><br \/>\n<font size=\"3\" color=\"#800000\">\u00a0<\/font><\/p>\n<p align=\"left\"><font size=\"3\" color=\"#800000\">\u00a0\u00a0\u00a0\u00a0 &#8211;Una palabra verdadera pesa m\u00e1s que el mundo entero.<\/font><br \/>\n\u00a0<br \/>\n<font size=\"3\" color=\"#800000\">\u00a0<\/font><\/p>\n<p align=\"left\"><font size=\"3\" color=\"#800000\">\u00a0\u00a0\u00a0\u00a0 Hay que ser impecables hasta en la hora del desastre.\u00a0<\/font><br \/>\n\u00a0<br \/>\n<font size=\"3\" color=\"#800000\">\u00a0<\/font><\/p>\n<p align=\"left\"><font size=\"3\" color=\"#800000\">\u00a0\u00a0\u00a0\u00a0 La ense\u00f1anza de Tolst\u00f3i seg\u00fan Canetti:<\/font><br \/>\n<font size=\"3\" color=\"#800000\">\u00a0<\/font><\/p>\n<p align=\"left\">&nbsp;<\/p>\n<p align=\"left\"><font size=\"3\" color=\"#800000\">\u00a0\u00a0\u00a0\u00a0 &#8211;El ruso se autoacusa mil veces, carga mil culpas y pecados, pero no se autodestruye. Tiene un yo compacto.\u00a0<\/font><br \/>\n\u00a0<br \/>\n<font size=\"3\" color=\"#800000\">\u00a0<\/font><\/p>\n<p align=\"left\"><font size=\"3\" color=\"#800000\">\u00a0\u00a0\u00a0\u00a0\u00a0 La ense\u00f1anza de Canetti:<\/font><br \/>\n<font size=\"3\" color=\"#800000\">\u00a0<\/font><\/p>\n<p align=\"left\">&nbsp;<\/p>\n<p align=\"left\"><font size=\"3\" color=\"#800000\">\u00a0\u00a0\u00a0\u00a0 &#8211;Los conflictos personales m\u00e1s \u00edntimos van pegados a los huesos; por eso son tan dif\u00edciles de vencer y una y otra vez irrumpen en nuestra vida (s\u00f3lo acaban\u00a0con los huesos en el pante\u00f3n).<\/font><br \/>\n\u00a0<br \/>\n<font size=\"3\" color=\"#800000\">\u00a0<\/font><\/p>\n<p align=\"left\"><font size=\"3\" color=\"#800000\">\u00a0\u00a0\u00a0\u00a0 La ense\u00f1anza de Julio:<\/font><br \/>\n<font size=\"3\" color=\"#800000\">\u00a0<\/font><\/p>\n<p align=\"left\"><font size=\"3\" color=\"#800000\">\u00a0\u00a0\u00a0\u00a0 &#8211;Reportero del mundo y de sus sentimientos.\u00a0<\/font><br \/>\n\u00a0<br \/>\n<font size=\"3\" color=\"#800000\">\u00a0<\/font><\/p>\n<p align=\"left\"><font size=\"3\" color=\"#800000\">\u00a0\u00a0\u00a0\u00a0 Remar los d\u00edas en el mar de la vida y en\u00a0los r\u00e1pidos\u00a0del amor.\u00a0<\/font><br \/>\n\u00a0<br \/>\n<font size=\"3\" color=\"#800000\">\u00a0<\/font><\/p>\n<p align=\"left\"><font size=\"3\" color=\"#800000\">\u00a0\u00a0\u00a0\u00a0 S S: \u00a1&#8230;rompa amarras el cuerpo&#8230; zarpe el alma&#8230;!<\/font><br \/>\n\u00a0<br \/>\n<font size=\"3\" color=\"#800000\">\u00a0<\/font><\/p>\n<p align=\"left\"><font size=\"3\" color=\"#800000\">\u00a0\u00a0\u00a0\u00a0 Nada m\u00e1s encantador y misterioso que tu transparencia, mujer de luz.\u00a0<\/font><br \/>\n\u00a0<br \/>\n<font size=\"3\" color=\"#800000\">\u00a0<\/font><\/p>\n<p align=\"left\"><font size=\"3\" color=\"#800000\">\u00a0\u00a0\u00a0\u00a0 El poder act\u00faa desde los s\u00f3tanos del poder; el palabrero escribe desde su cuarto prestado y para la plaza p\u00fablica.\u00a0<\/font><br \/>\n\u00a0<br \/>\n<font size=\"3\" color=\"#800000\">\u00a0<\/font><\/p>\n<p align=\"left\"><font size=\"3\" color=\"#800000\">\u00a0\u00a0\u00a0\u00a0 Mira qu\u00e9 bella imagen matutina: la leona sentada en el Jard\u00edn de los Platitos, esperando a su le\u00f3n, se echa crema en las manos. Rosa y amarillo claro, cabeza de oro leonada, ojos felinos. Ya que no me la puedo comer, la pinto con mis ojos.<\/font><br \/>\n\u00a0<br \/>\n<font size=\"3\" color=\"#800000\">\u00a0<\/font><\/p>\n<p align=\"left\"><font size=\"3\" color=\"#800000\">\u00a0\u00a0\u00a0\u00a0 \u00a1El amor no es una torta, que si le das a una, le quitas a la otra! Pero s\u00f3lo se sacia con un alma y un cuerpo, que es todos los cuerpos y las almas.<\/font>\u00a0<\/p>\n<p align=\"left\">&nbsp;<\/p>\n<p align=\"left\"><font size=\"3\" color=\"#800000\">\u00a0\u00a0\u00a0\u00a0<font color=\"#0000ff\"> La belleza m\u00e1s entra\u00f1able no es la m\u00e1s perfecta sino la m\u00e1s humana, y casi siempre conlleva un leve defecto humano, donde crece el misterio. Belleza es cultura y es una luz interior de los ojos del alma saliendo y entrando por los ojos de\u00a0otro cuerpo con alma. La peque\u00f1a princesa es otra joven leona que quiere comerse la vida e invita a com\u00e9rsela abiertamente, sin trampas. Y su escote generoso, mira ese lago, deja ver apacibles sus pechos potables y sedosos, hasta estira uno el cuello para tartar de ver mejor los volcanes, pero la pinche fotograf\u00eda permanece impasible, ja ja ja.\u00a0\u00a0\u00a0\u00a0<\/font><\/font><font color=\"#0000ff\">\u00a0\u00a0<br \/>\n<\/font>\u00a0<br \/>\n<font size=\"3\" color=\"#800000\">\u00a0<\/font><\/p>\n<p align=\"left\"><font size=\"3\" color=\"#800000\">\u00a0\u00a0\u00a0\u00a0 Octavio echando volados en su \u00ab\u00bf\u00c1guila o sol?\u00bb de los 50, libro con el que nac\u00ed junto con su \u00abLaberinto\u00bb:\u00a0<\/font><br \/>\n<font size=\"3\" color=\"#800000\">\u00a0<\/font><\/p>\n<p align=\"left\"><font size=\"3\" color=\"#800000\">\u00a0\u00a0\u00a0\u00a0 &#8211;Por todas partes los solitarios forzados empiezan a crear las palabras del nuevo di\u00e1logo.<\/font>\u00a0<\/p>\n<p align=\"left\">&nbsp;<\/p>\n<p align=\"left\"><font size=\"3\" color=\"#800000\">\u00a0\u00a0\u00a0\u00a0 <font color=\"#0000ff\">Mi sexualidad est\u00e1 viva y activa, sin sublimar; voy chorreando por todos lados. Satisfacci\u00f3n y vac\u00edo. Me gustan m\u00e1s las llenitas\u00a0cachondas que las flacas fr\u00edgidas. \u00bfY a ti? Cuesti\u00f3n de gustos. \u00bfY a ellas? Digo, \u00bfqu\u00e9 hombres? Ja ja ja.\u00a0<\/font><\/font>\u00a0<\/p>\n<p align=\"left\"><font size=\"3\" color=\"#800000\"><\/font><\/p>\n<p align=\"left\"><font size=\"3\" color=\"#800000\"><font color=\"#0000ff\">\u00a0\u00a0\u00a0\u00a0 El hombre marginal invisible est\u00e1 conectado por la cr\u00edtica con los centros del poder.<\/font><\/font><\/p>\n","protected":false},"excerpt":{"rendered":"<p>Remar los d\u00edas &nbsp; Julio Figueroa\u00a0 \u00a0\u00a0\u00a0\u00a0 Soy un hombre p\u00fablico y un hombre de pelea. \u00a0 \u00a0 \u00a0\u00a0\u00a0\u00a0 S S: \u00a1Ay\u00fadame a existir y a remar los d\u00edas y a pelear contra el poder con tu bendito amor! \u00a0 \u00a0 \u00a0\u00a0\u00a0\u00a0 No es f\u00e1cil vivir en pareja. No es f\u00e1cil vivir solo. No es [&hellip;]<\/p>\n","protected":false},"author":249,"featured_media":0,"comment_status":"open","ping_status":"closed","sticky":false,"template":"","format":"standard","meta":{"footnotes":""},"categories":[26],"tags":[],"class_list":["post-1065","post","type-post","status-publish","format-standard","hentry","category-mundo"],"_links":{"self":[{"href":"http:\/\/eloficiodehistoriar.com.mx\/index.php?rest_route=\/wp\/v2\/posts\/1065","targetHints":{"allow":["GET"]}}],"collection":[{"href":"http:\/\/eloficiodehistoriar.com.mx\/index.php?rest_route=\/wp\/v2\/posts"}],"about":[{"href":"http:\/\/eloficiodehistoriar.com.mx\/index.php?rest_route=\/wp\/v2\/types\/post"}],"author":[{"embeddable":true,"href":"http:\/\/eloficiodehistoriar.com.mx\/index.php?rest_route=\/wp\/v2\/users\/249"}],"replies":[{"embeddable":true,"href":"http:\/\/eloficiodehistoriar.com.mx\/index.php?rest_route=%2Fwp%2Fv2%2Fcomments&post=1065"}],"version-history":[{"count":0,"href":"http:\/\/eloficiodehistoriar.com.mx\/index.php?rest_route=\/wp\/v2\/posts\/1065\/revisions"}],"wp:attachment":[{"href":"http:\/\/eloficiodehistoriar.com.mx\/index.php?rest_route=%2Fwp%2Fv2%2Fmedia&parent=1065"}],"wp:term":[{"taxonomy":"category","embeddable":true,"href":"http:\/\/eloficiodehistoriar.com.mx\/index.php?rest_route=%2Fwp%2Fv2%2Fcategories&post=1065"},{"taxonomy":"post_tag","embeddable":true,"href":"http:\/\/eloficiodehistoriar.com.mx\/index.php?rest_route=%2Fwp%2Fv2%2Ftags&post=1065"}],"curies":[{"name":"wp","href":"https:\/\/api.w.org\/{rel}","templated":true}]}}