{"id":1067,"date":"2008-08-08T12:47:47","date_gmt":"2008-08-08T17:47:47","guid":{"rendered":"https:\/\/eloficiodehistoriar.com.mx\/?p=1067"},"modified":"2008-08-08T12:47:47","modified_gmt":"2008-08-08T17:47:47","slug":"hoy-se-cumplen-25-anos-de-obispo-de-mario-gasperin","status":"publish","type":"post","link":"http:\/\/eloficiodehistoriar.com.mx\/?p=1067","title":{"rendered":"HOY SE CUMPLEN 25 A\u00d1OS DE OBISPO DE MARIO GASPER\u00cdN"},"content":{"rendered":"<p><a href=\"https:\/\/eloficiodehistoriar.com.mx\/wp-content\/uploads\/2008\/08\/srobispo.gif\" title=\"srobispo.gif\"><img decoding=\"async\" src=\"https:\/\/eloficiodehistoriar.com.mx\/wp-content\/uploads\/2008\/08\/srobispo.thumbnail.gif\" alt=\"srobispo.gif\" \/><\/a><a href=\"https:\/\/eloficiodehistoriar.com.mx\/wp-content\/uploads\/2008\/08\/portada_14.jpg\" title=\"portada_14.jpg\"><img decoding=\"async\" src=\"https:\/\/eloficiodehistoriar.com.mx\/wp-content\/uploads\/2008\/08\/portada_14.thumbnail.jpg\" alt=\"portada_14.jpg\" \/><\/a><img decoding=\"async\" src=\"http:\/\/ts3.images.live.com\/images\/thumbnail.aspx?q=2476891770502&amp;id=c9521d5de48740a4d831ebc5dcfca1f9\" alt=\"estadio_corregidora.jpg\" style=\"width: 140px; cursor: pointer; height: 91px\" title=\"estadio_corregidora.jpg\" class=\"img_thumb\" \/><img decoding=\"async\" src=\"http:\/\/ts4.images.live.com\/images\/thumbnail.aspx?q=2150718443859&amp;id=288749863f1e36a913d3a2c71a7094be\" alt=\"AcueductoQro1890A.jpg\" style=\"width: 140px; cursor: pointer; height: 93px\" title=\"AcueductoQro1890A.jpg\" class=\"img_thumb\" \/><img decoding=\"async\" src=\"http:\/\/ts3.images.live.com\/images\/thumbnail.aspx?q=1623548177142&amp;id=db0db0f74021e584e39b39d702fd0212\" alt=\"com_13.jpg\" style=\"width: 140px; cursor: pointer; height: 105px\" title=\"com_13.jpg\" class=\"img_thumb\" \/><\/p>\n<p align=\"center\" style=\"margin: 0cm 0cm 0pt; text-align: center\" class=\"MsoNormal\"><strong><span style=\"font-size: 18pt; color: black; font-family: Arial\"><\/span><\/strong><\/p>\n<p align=\"center\" style=\"margin: 0cm 0cm 0pt; text-align: center\" class=\"MsoNormal\"><strong><span style=\"font-size: 18pt; color: black; font-family: Arial\">UNA GRAN FIESTA en el\u00a0Corregidora<\/span><\/strong><\/p>\n<p align=\"center\" style=\"margin: 0cm 0cm 0pt; text-align: center\" class=\"MsoNormal\"><strong><span style=\"font-size: 18pt; color: black; font-family: Arial\"><\/span><\/strong><\/p>\n<p align=\"center\" style=\"margin: 0cm 0cm 0pt; text-align: center\" class=\"MsoNormal\"><strong><span style=\"font-size: 18pt; color: black; font-family: Arial\"><\/span><\/strong><\/p>\n<p align=\"center\" style=\"margin: 0cm 0cm 0pt; text-align: center\" class=\"MsoNormal\"><strong><span style=\"font-size: 18pt; color: black; font-family: Arial\"><\/span><\/strong><\/p>\n<p align=\"center\" style=\"margin: 0cm 0cm 0pt; text-align: center\" class=\"MsoNormal\"><strong><span style=\"font-size: 18pt; color: black; font-family: Arial\">La gloria de Dios es que el hombre viva<\/span><\/strong><span style=\"font-size: 18pt; color: black; font-family: Arial\"><\/p>\n<p><\/span><\/p>\n<p><span style=\"color: black; font-family: Arial\"><o:p><\/o:p><\/span><span style=\"color: black; font-family: Arial\"><o:p>\u00a0<\/o:p><\/span><\/p>\n<p style=\"margin: 0cm 0cm 0pt; text-align: justify\" class=\"MsoNormal\"><span style=\"color: black; font-family: Arial\"><\/span><\/p>\n<p style=\"margin: 0cm 0cm 0pt; text-align: justify\" class=\"MsoNormal\"><span style=\"color: black; font-family: Arial\">El Obispo Mario Gasper\u00edn \u00abha conducido con sabidur\u00eda <st1:personname ProductID=\"la Di?cesis\" w:st=\"on\">la Di\u00f3cesis<\/st1:personname> a trav\u00e9s de su magisterio, particularmente con sus diez cartas pastorales, mensajes y homil\u00edas, respondiendo a los grandes retos del cambio de \u00e9poca y del mundo globalizado, incidiendo con su pensamiento en el mundo de la cultura e interpelando al hombre de hoy\u00bb.<\/p>\n<p><\/span><\/p>\n<p><span style=\"color: black; font-family: Arial\">Mario de Gasper\u00edn fue nombrado obispo de Tuxpan el 3 de junio de 1983 por el Papa Juan Pablo II, <o:p><\/o:p><\/span><span style=\"color: black; font-family: Arial\"><o:p>\u00a0<\/o:p><\/span><\/p>\n<p style=\"margin: 0cm 0cm 0pt; text-align: justify\" class=\"MsoNormal\"><span style=\"color: black; font-family: Arial\"><\/span><\/p>\n<p><span style=\"color: black; font-family: Arial\">Recibi\u00f3 la ordenaci\u00f3n episcopal el 4 de agosto de ese a\u00f1o de manos del entonces Nuncio Apost\u00f3lico, Girolamo Prigione.<o:p><\/o:p><\/span><span style=\"color: black; font-family: Arial\"><o:p>\u00a0<\/o:p><\/span><\/p>\n<p style=\"margin: 0cm 0cm 0pt; text-align: justify\" class=\"MsoNormal\"><span style=\"color: black; font-family: Arial\"><\/span><\/p>\n<p><span style=\"color: black; font-family: Arial\">M\u00e1s 50 obispos de todo el pa\u00eds y el Nuncio Apost\u00f3lico, Christophe Pierre, estar\u00e1n presentes el pr\u00f3ximo viernes 8 de agosto, en la celebraci\u00f3n de los 25 a\u00f1os de ordenaci\u00f3n episcopal del obispo de Quer\u00e9taro, Mario de Gasper\u00edn Gasper\u00edn, que se llevar\u00e1 a cabo en el Estadio Corregidora, a las 16 horas.<o:p><\/o:p><\/span><span style=\"color: black; font-family: Arial\"><o:p>\u00a0<\/o:p><\/span><\/p>\n<p style=\"margin: 0cm 0cm 0pt\" class=\"MsoNormal\"><span style=\"color: black; font-family: Arial\"><\/span><\/p>\n<p><span style=\"color: black; font-family: Arial\">En el homenaje al Obispo de Quer\u00e9taro <o:p><\/o:p><\/span><span style=\"color: black; font-family: Arial\"><o:p>\u00a0<\/o:p><\/span><\/p>\n<p style=\"margin: 0cm 0cm 0pt; text-align: justify\" class=\"MsoNormal\"><span style=\"color: black; font-family: Arial\"><\/span><\/p>\n<p><span style=\"color: black; font-family: Arial\">La homil\u00eda estar\u00e1 a cargo del Arzobispo de Tuxtla Guti\u00e9rrez, Chiapas, Rogelio Cabrera L\u00f3pez, quien siendo originario de esta Di\u00f3cesis, en su momento fue promovido como obispo por Mario de Gasper\u00edn, al igual que el Arzobispo de Tulancingo, Domingo D\u00edaz y el obispo de Cuernavaca Florencio Olvera.<span>\u00a0 <\/span><o:p><\/o:p><\/span><span style=\"color: black; font-family: Arial\"><o:p>\u00a0<\/o:p><\/span><\/p>\n<p style=\"margin: 0cm 0cm 0pt; text-align: justify\" class=\"MsoNormal\"><span style=\"color: black; font-family: Arial\"><\/span><\/p>\n<p><span style=\"color: black; font-family: Arial\">La misa ser\u00e1 cantada por el Coro del Conservatorio de M\u00fasica, J. Guadalupe Vel\u00e1squez, cuyo director es el P. Benjam\u00edn Vega.<span>\u00a0 <\/span><o:p><\/o:p><\/span><span style=\"color: black; font-family: Arial\"><o:p>\u00a0<\/o:p><\/span><\/p>\n<p style=\"margin: 0cm 0cm 0pt; text-align: justify\" class=\"MsoNormal\"><span style=\"color: black; font-family: Arial\"><\/span><\/p>\n<p><span style=\"color: black; font-family: Arial\">Despu\u00e9s de seis a\u00f1os como obispo de Tuxpan, Veracruz <o:p><\/o:p><\/span><span style=\"color: black; font-family: Arial\"><o:p>\u00a0<\/o:p><\/span><\/p>\n<p style=\"margin: 0cm 0cm 0pt; text-align: justify\" class=\"MsoNormal\"><span style=\"color: black; font-family: Arial\"><\/span><\/p>\n<p><span style=\"color: black; font-family: Arial\">Recibi\u00f3 la encomienda de <st1:personname ProductID=\"la Di?cesis\" w:st=\"on\">la Di\u00f3cesis<\/st1:personname> de Quer\u00e9taro, cargo que ocup\u00f3 en 1989. <o:p><\/o:p><\/span><span style=\"color: black; font-family: Arial\"><o:p>\u00a0<\/o:p><\/span><\/p>\n<p style=\"margin: 0cm 0cm 0pt; text-align: justify\" class=\"MsoNormal\"><span style=\"color: black; font-family: Arial\"><\/span><\/p>\n<p><span style=\"color: black; font-family: Arial\">En los 19 a\u00f1os que tiene como Obispo de Quer\u00e9taro:<o:p><\/o:p><\/span><span style=\"color: black; font-family: Arial\"><o:p>\u00a0<\/o:p><\/span><\/p>\n<p style=\"margin: 0cm 0cm 0pt; text-align: justify\" class=\"MsoNormal\"><span style=\"color: black; font-family: Arial\"><\/span><\/p>\n<p><span style=\"color: black; font-family: Arial\">Ha ordenado a 143 sacerdotes<span>\u00a0 <\/span><o:p><\/o:p><\/span><span style=\"color: black; font-family: Arial\"><o:p>\u00a0<\/o:p><\/span><\/p>\n<p style=\"margin: 0cm 0cm 0pt; text-align: justify\" class=\"MsoNormal\"><span style=\"color: black; font-family: Arial\"><\/span><\/p>\n<p><span style=\"color: black; font-family: Arial\">Erigido 53 parroquias, <o:p><\/o:p><\/span><span style=\"color: black; font-family: Arial\"><o:p>\u00a0<\/o:p><\/span><\/p>\n<p style=\"margin: 0cm 0cm 0pt; text-align: justify\" class=\"MsoNormal\"><span style=\"color: black; font-family: Arial\"><\/span><\/p>\n<p style=\"margin: 0cm 0cm 0pt; text-align: justify\" class=\"MsoNormal\"><span style=\"color: black; font-family: Arial\">De las 105 que existen actualmente.<\/p>\n<p><\/span><\/p>\n<p><span style=\"color: black; font-family: Arial\">Su impulso a la liturgia, la vida eucar\u00edstica, la piedad popular y el amor a <st1:personname ProductID=\"la Sant?sima Virgen\" w:st=\"on\">la Sant\u00edsima Virgen<\/st1:personname>, ha sido fundamental en el episcopado; <o:p><\/o:p><\/span><span style=\"color: black; font-family: Arial\"><o:p>\u00a0<\/o:p><\/span><\/p>\n<p style=\"margin: 0cm 0cm 0pt; text-align: justify\" class=\"MsoNormal\"><span style=\"color: black; font-family: Arial\"><\/span><\/p>\n<p><span style=\"color: black; font-family: Arial\">\u201cLa caridad del Obispo ha sido patente en el impulso que ha dado a innumerables obras en favor de los m\u00e1s pobres y necesitados\u00bb.<\/p>\n<p><\/span><span style=\"color: black; font-family: Arial\"><o:p><\/o:p><\/span><span style=\"color: black; font-family: Arial\">\u00ablas defensa de la vida, de la familia, del matrimonio y de los valores cristianos han sido el eje de su servicio a <st1:personname ProductID=\"la Iglesia.\u201d\" w:st=\"on\">la Iglesia.\u201d<\/st1:personname> <o:p><\/o:p><\/span><span style=\"color: black; font-family: Arial\"><o:p>\u00a0<\/o:p><\/span><\/p>\n<p style=\"margin: 0cm 0cm 0pt; text-align: justify\" class=\"MsoNormal\"><span style=\"font-family: Arial\"><\/span><\/p>\n<p><span style=\"font-family: Arial\">Los boletos para la entrada se entregar\u00e1n de manera gratuita en las parroquias o bien en las taquillas del estadio el d\u00eda del evento.<\/p>\n<p><\/span><span style=\"font-family: Arial\"><o:p><\/o:p><\/span><o:p><font face=\"Times New Roman\">\u00a0<\/font><\/o:p><\/p>\n","protected":false},"excerpt":{"rendered":"<p>UNA GRAN FIESTA en el\u00a0Corregidora La gloria de Dios es que el hombre viva \u00a0 El Obispo Mario Gasper\u00edn \u00abha conducido con sabidur\u00eda la Di\u00f3cesis a trav\u00e9s de su magisterio, particularmente con sus diez cartas pastorales, mensajes y homil\u00edas, respondiendo a los grandes retos del cambio de \u00e9poca y del mundo globalizado, incidiendo con su [&hellip;]<\/p>\n","protected":false},"author":249,"featured_media":0,"comment_status":"open","ping_status":"closed","sticky":false,"template":"","format":"standard","meta":{"footnotes":""},"categories":[8,11,10],"tags":[],"class_list":["post-1067","post","type-post","status-publish","format-standard","hentry","category-ciudad-de-queretaro","category-fotografia","category-historia"],"_links":{"self":[{"href":"http:\/\/eloficiodehistoriar.com.mx\/index.php?rest_route=\/wp\/v2\/posts\/1067","targetHints":{"allow":["GET"]}}],"collection":[{"href":"http:\/\/eloficiodehistoriar.com.mx\/index.php?rest_route=\/wp\/v2\/posts"}],"about":[{"href":"http:\/\/eloficiodehistoriar.com.mx\/index.php?rest_route=\/wp\/v2\/types\/post"}],"author":[{"embeddable":true,"href":"http:\/\/eloficiodehistoriar.com.mx\/index.php?rest_route=\/wp\/v2\/users\/249"}],"replies":[{"embeddable":true,"href":"http:\/\/eloficiodehistoriar.com.mx\/index.php?rest_route=%2Fwp%2Fv2%2Fcomments&post=1067"}],"version-history":[{"count":0,"href":"http:\/\/eloficiodehistoriar.com.mx\/index.php?rest_route=\/wp\/v2\/posts\/1067\/revisions"}],"wp:attachment":[{"href":"http:\/\/eloficiodehistoriar.com.mx\/index.php?rest_route=%2Fwp%2Fv2%2Fmedia&parent=1067"}],"wp:term":[{"taxonomy":"category","embeddable":true,"href":"http:\/\/eloficiodehistoriar.com.mx\/index.php?rest_route=%2Fwp%2Fv2%2Fcategories&post=1067"},{"taxonomy":"post_tag","embeddable":true,"href":"http:\/\/eloficiodehistoriar.com.mx\/index.php?rest_route=%2Fwp%2Fv2%2Ftags&post=1067"}],"curies":[{"name":"wp","href":"https:\/\/api.w.org\/{rel}","templated":true}]}}