{"id":1072,"date":"2008-08-08T18:55:26","date_gmt":"2008-08-08T23:55:26","guid":{"rendered":"https:\/\/eloficiodehistoriar.com.mx\/?p=1072"},"modified":"2008-08-08T18:56:38","modified_gmt":"2008-08-08T23:56:38","slug":"chichimecalli","status":"publish","type":"post","link":"http:\/\/eloficiodehistoriar.com.mx\/?p=1072","title":{"rendered":"CHICHIMECALLI"},"content":{"rendered":"<p><a href=\"https:\/\/eloficiodehistoriar.com.mx\/wp-content\/uploads\/2008\/08\/escudo-pagina-137.jpg\" title=\"escudo-pagina-137.jpg\"><img decoding=\"async\" src=\"https:\/\/eloficiodehistoriar.com.mx\/wp-content\/uploads\/2008\/08\/escudo-pagina-137.thumbnail.jpg\" alt=\"escudo-pagina-137.jpg\" \/><\/a><a href=\"https:\/\/eloficiodehistoriar.com.mx\/wp-content\/uploads\/2008\/08\/escudo-pagina-139.jpg\" title=\"escudo-pagina-139.jpg\"><img decoding=\"async\" src=\"https:\/\/eloficiodehistoriar.com.mx\/wp-content\/uploads\/2008\/08\/escudo-pagina-139.thumbnail.jpg\" alt=\"escudo-pagina-139.jpg\" \/><\/a><a href=\"https:\/\/eloficiodehistoriar.com.mx\/wp-content\/uploads\/2008\/08\/escudo-pagina-106.jpg\" title=\"escudo-pagina-106.jpg\"><img decoding=\"async\" src=\"https:\/\/eloficiodehistoriar.com.mx\/wp-content\/uploads\/2008\/08\/escudo-pagina-106.thumbnail.jpg\" alt=\"escudo-pagina-106.jpg\" \/><\/a><a href=\"https:\/\/eloficiodehistoriar.com.mx\/wp-content\/uploads\/2008\/08\/escudo-pagina-138.jpg\" title=\"escudo-pagina-138.jpg\"><img decoding=\"async\" src=\"https:\/\/eloficiodehistoriar.com.mx\/wp-content\/uploads\/2008\/08\/escudo-pagina-138.thumbnail.jpg\" alt=\"escudo-pagina-138.jpg\" \/><\/a><\/p>\n<p><strong><span style=\"font-size: 18pt; font-family: Arial\" lang=\"ES-TRAD\">Chichimecalli<o:p><\/o:p><\/span><\/strong><strong><span style=\"font-size: 18pt; font-family: Arial\" lang=\"ES-TRAD\"><o:p>\u00a0<\/o:p><\/span><\/strong><strong><span style=\"font-size: 18pt; font-family: Arial\" lang=\"ES-TRAD\"><o:p>\u00a0<\/o:p><\/span><\/strong><strong><span style=\"font-size: 18pt; font-family: Arial\" lang=\"ES-TRAD\"><o:p><\/o:p><\/span><\/strong>\u00a0<strong><span style=\"font-size: 18pt; font-family: Arial\" lang=\"ES-TRAD\"><o:p><\/o:p><\/span><\/strong>\u00a0<strong><span style=\"font-size: 18pt; font-family: Arial\" lang=\"ES-TRAD\"><o:p><\/o:p><\/span><\/strong>\u00a0<strong><span style=\"font-size: 18pt; font-family: Arial\" lang=\"ES-TRAD\"><o:p><\/o:p><\/span><\/strong>\u00a0<strong><span style=\"font-size: 18pt; font-family: Arial\" lang=\"ES-TRAD\"><o:p><\/o:p><\/span><\/strong><span style=\"font-family: Arial\" lang=\"ES-TRAD\">La zona entre Mesoam\u00e9rica y <st1:personname ProductID=\"la Chichimecatlalli\" w:st=\"on\">la Chichimecatlalli<\/st1:personname>, como la llamaban los aztecas y posteriormente los espa\u00f1oles llamaron <st1:personname ProductID=\"La Gran Chichimeca\" w:st=\"on\"><st1:personname ProductID=\"La Gran\" w:st=\"on\">La Gran<\/st1:personname> Chichimeca<\/st1:personname> fue escenario del desarrollo de sociedades prehisp\u00e1nicas importantes que influyeron en el surgimiento de la gran ciudad Estado: Tula.<o:p><\/o:p><\/span><span style=\"font-family: Arial\" lang=\"ES-TRAD\"><o:p>\u00a0<\/o:p><\/span><\/p>\n<p style=\"margin: 0cm 0cm 0pt; text-align: justify\" class=\"MsoNormal\"><span style=\"font-family: Arial\" lang=\"ES-TRAD\"><\/span><\/p>\n<p><span style=\"font-family: Arial\" lang=\"ES-TRAD\">Chichimecalli ten\u00eda del lado sur el control territorial de los Mexicas y del lado Occidental el de los Tarascos.<o:p><\/o:p><\/span><span style=\"font-family: Arial\" lang=\"ES-TRAD\"><o:p>\u00a0<\/o:p><\/span><\/p>\n<p style=\"margin: 0cm 0cm 0pt; text-align: justify\" class=\"MsoNormal\"><span style=\"font-family: Arial\" lang=\"ES-TRAD\"><\/span><\/p>\n<p><span style=\"font-family: Arial\" lang=\"ES-TRAD\">Los sitios arqueol\u00f3gicos encontrados en el hoy estado de Guanajuato que tienen la llamada tradici\u00f3n de Chup\u00edcuaro, ciudad cercana a Acmbaro se nota una unidad territorial y pol\u00edtica.<o:p><\/o:p><\/span><span style=\"font-family: Arial\" lang=\"ES-TRAD\"><o:p>\u00a0<\/o:p><\/span><\/p>\n<p style=\"margin: 0cm 0cm 0pt; text-align: justify\" class=\"MsoNormal\"><span style=\"font-family: Arial\" lang=\"ES-TRAD\"><\/span><\/p>\n<p><span style=\"font-family: Arial\" lang=\"ES-TRAD\">Su fuente de provisi\u00f3n para su desarrollo era lo que conocemos ahora como la cuenca del r\u00edo Lerma,<span>\u00a0 <\/span>que seguramente los oblig\u00f3 a un ingenioso sistema de cuidado del agua y otro de caza y nomadismo para abastecerse en tiempos de gran sequ\u00eda.<o:p><\/o:p><\/span><span style=\"font-family: Arial\" lang=\"ES-TRAD\"><o:p>\u00a0<\/o:p><\/span><\/p>\n<p style=\"margin: 0cm 0cm 0pt; text-align: justify\" class=\"MsoNormal\"><span style=\"font-family: Arial\" lang=\"ES-TRAD\"><\/span><\/p>\n<p><span style=\"font-family: Arial\" lang=\"ES-TRAD\">Dentro de la regi\u00f3n de el ahora Guanajuato se han encontrado adem\u00e1s de ciudades, entierros con bell\u00edsima cer\u00e1mica y complejas civilizaciones, que han tenido una cronolog\u00eda que colocan los arque\u00f3logos como la de Chup\u00edcuaro, posteriormente la llamada de Morales en las cercan\u00eda de Comonfort y posteriormente la conocida como de San Miguel Allende, en el enorme y complejo sitio conocido como Tierra Blanca.<o:p><\/o:p><\/span><span style=\"font-family: Arial\" lang=\"ES-TRAD\"><o:p>\u00a0<\/o:p><\/span><\/p>\n<p style=\"margin: 0cm 0cm 0pt; text-align: justify\" class=\"MsoNormal\"><span style=\"font-family: Arial\" lang=\"ES-TRAD\"><\/span><\/p>\n<p><span style=\"font-family: Arial\" lang=\"ES-TRAD\">De la cer\u00e1mica de Chup\u00edcuaro se tiene en la metr\u00f3poli de Tula el dise\u00f1o en cruz y de la zona que conocemos como <st1:personname ProductID=\"La Quemada\" w:st=\"on\">La Quemada<\/st1:personname> en Zacatecas, se encontrar\u00e1 tanto en las ciudades prehisp\u00e1nicas de Guanajuato como en Tula la llamadas \u201csalas-claustro\u201d, los Tzompantli y el coatepantli la figura del Chac mool.<o:p><\/o:p><\/span><span style=\"font-family: Arial\" lang=\"ES-TRAD\"><o:p>\u00a0<\/o:p><\/span><\/p>\n<p style=\"margin: 0cm 0cm 0pt; text-align: justify\" class=\"MsoNormal\"><span style=\"font-family: Arial\" lang=\"ES-TRAD\"><\/span><\/p>\n<p><span style=\"font-family: Arial\" lang=\"ES-TRAD\">Ser\u00e1 El Baj\u00edo tanto en la \u00e9poca prehisp\u00e1nica, como durante la invasi\u00f3n espa\u00f1ola que tendr\u00e1 un desarrollo importante en la agricultura y ser\u00e1 llamado el granero de M\u00e9xico.<o:p><\/o:p><\/span><span style=\"font-family: Arial\" lang=\"ES-TRAD\"><o:p>\u00a0<\/o:p><\/span><\/p>\n<p style=\"margin: 0cm 0cm 0pt; text-align: justify\" class=\"MsoNormal\"><span style=\"font-family: Arial\" lang=\"ES-TRAD\"><\/span><\/p>\n<p><span style=\"font-family: Arial\" lang=\"ES-TRAD\">Las ciudades prehisp\u00e1nicas que ahora se est\u00e1n estudiando intensivamente en Guanajuato son:<o:p><\/o:p><\/span><span style=\"font-family: Arial\" lang=\"ES-TRAD\"><o:p>\u00a0<\/o:p><\/span><\/p>\n<p style=\"margin: 0cm 0cm 0pt; text-align: justify\" class=\"MsoNormal\"><span style=\"font-family: Arial\" lang=\"ES-TRAD\"><\/span><\/p>\n<p><span style=\"font-family: Arial\" lang=\"ES-TRAD\">Plazuelas:<o:p><\/o:p><\/span><span style=\"font-family: Arial\" lang=\"ES-TRAD\"><o:p>\u00a0<\/o:p><\/span><\/p>\n<p style=\"margin: 0cm 0cm 0pt; text-align: justify\" class=\"MsoNormal\"><span style=\"font-family: Arial\" lang=\"ES-TRAD\"><\/span><\/p>\n<p><span style=\"font-family: Arial\" lang=\"ES-TRAD\">Sitio que dicen estuvo habitado en las \u00e9pocas de mayores cambios pol\u00edticos y culturales de la regi\u00f3n.<o:p><\/o:p><\/span><span style=\"font-family: Arial\" lang=\"ES-TRAD\"><o:p>\u00a0<\/o:p><\/span><\/p>\n<p style=\"margin: 0cm 0cm 0pt; text-align: justify\" class=\"MsoNormal\"><span style=\"font-family: Arial\" lang=\"ES-TRAD\"><\/span><\/p>\n<p><span style=\"font-family: Arial\" lang=\"ES-TRAD\">Ca\u00f1ada de <st1:personname ProductID=\"La Virgen\" w:st=\"on\">La Virgen<\/st1:personname>:<o:p><\/o:p><\/span><span style=\"font-family: Arial\" lang=\"ES-TRAD\"><o:p>\u00a0<\/o:p><\/span><\/p>\n<p style=\"margin: 0cm 0cm 0pt; text-align: justify\" class=\"MsoNormal\"><span style=\"font-family: Arial\" lang=\"ES-TRAD\"><\/span><\/p>\n<p><span style=\"font-family: Arial\" lang=\"ES-TRAD\">Enclavado en la frontera septentrional de Mesoam\u00e9rica y donde se dieron las mejores observaciones astrol\u00f3gicas a favor de un calendario agr\u00edcola y para el nomadismo en la caza y recolecci\u00f3n.<o:p><\/o:p><\/span><span style=\"font-family: Arial\" lang=\"ES-TRAD\"><o:p>\u00a0<\/o:p><\/span><\/p>\n<p style=\"margin: 0cm 0cm 0pt; text-align: justify\" class=\"MsoNormal\"><span style=\"font-family: Arial\" lang=\"ES-TRAD\"><\/span><\/p>\n<p><span style=\"font-family: Arial\" lang=\"ES-TRAD\">El Cerro Barajas:<o:p><\/o:p><\/span><span style=\"font-family: Arial\" lang=\"ES-TRAD\"><o:p>\u00a0<\/o:p><\/span><\/p>\n<p style=\"margin: 0cm 0cm 0pt; text-align: justify\" class=\"MsoNormal\"><span style=\"font-family: Arial\" lang=\"ES-TRAD\"><\/span><\/p>\n<p><span style=\"font-family: Arial\" lang=\"ES-TRAD\">Un macizo volc\u00e1nico, en cuyas faldas del cerro se construyeron varios centenares de edificios, en los que se utilizaron lajas de andesitas, parecen de un car\u00e1cter defensivo y limitados por gruesos muros.<o:p><\/o:p><\/span><span style=\"font-family: Arial\" lang=\"ES-TRAD\"><o:p>\u00a0<\/o:p><\/span><\/p>\n<p style=\"margin: 0cm 0cm 0pt; text-align: justify\" class=\"MsoNormal\"><span style=\"font-family: Arial\" lang=\"ES-TRAD\"><\/span><\/p>\n<p><span style=\"font-family: Arial\" lang=\"ES-TRAD\">Peralta:<o:p><\/o:p><\/span><span style=\"font-family: Arial\" lang=\"ES-TRAD\"><o:p>\u00a0<\/o:p><\/span><\/p>\n<p style=\"margin: 0cm 0cm 0pt; text-align: justify\" class=\"MsoNormal\"><span style=\"font-family: Arial\" lang=\"ES-TRAD\"><\/span><\/p>\n<p><span style=\"font-family: Arial\" lang=\"ES-TRAD\">Con una compleja construcci\u00f3n y el logro de los espacios abiertos y cerrados que nos muestran a una gran civilizaci\u00f3n enclavada en El Baj\u00edo.<o:p><\/o:p><\/span><span style=\"font-family: Arial\" lang=\"ES-TRAD\"><o:p>\u00a0<\/o:p><\/span><span style=\"font-family: Arial\" lang=\"ES-TRAD\"><o:p>\u00a0<\/o:p><\/span><\/p>\n<p style=\"margin: 0cm 0cm 0pt; text-align: justify\" class=\"MsoNormal\"><span style=\"font-family: Arial\" lang=\"ES-TRAD\"><\/span><\/p>\n<p><span style=\"font-family: Arial\" lang=\"ES-TRAD\">El C\u00f3poro:<o:p><\/o:p><\/span><span style=\"font-family: Arial\" lang=\"ES-TRAD\"><o:p>\u00a0<\/o:p><\/span><\/p>\n<p style=\"margin: 0cm 0cm 0pt; text-align: justify\" class=\"MsoNormal\"><span style=\"font-family: Arial\" lang=\"ES-TRAD\"><span><\/span><\/span><\/p>\n<p><span style=\"font-family: Arial\" lang=\"ES-TRAD\"><span>\u00a0<\/span>Localizado al noreste de Guanajuato una afinidad con lo que llaman los arque\u00f3logos El Gran Tunal o la regi\u00f3n que hoy comprende<span>\u00a0 <\/span>San Luis Potos\u00ed y con fuertes v\u00ednculos con las regiones ahora conocidas como Zacatecas, Jalisco y el Baj\u00edo.<o:p><\/o:p><\/span><span style=\"font-family: Arial\" lang=\"ES-TRAD\"><o:p>\u00a0<\/o:p><\/span><\/p>\n","protected":false},"excerpt":{"rendered":"<p>Chichimecalli\u00a0\u00a0\u00a0\u00a0\u00a0\u00a0La zona entre Mesoam\u00e9rica y la Chichimecatlalli, como la llamaban los aztecas y posteriormente los espa\u00f1oles llamaron La Gran Chichimeca fue escenario del desarrollo de sociedades prehisp\u00e1nicas importantes que influyeron en el surgimiento de la gran ciudad Estado: Tula.\u00a0 Chichimecalli ten\u00eda del lado sur el control territorial de los Mexicas y del lado Occidental el [&hellip;]<\/p>\n","protected":false},"author":249,"featured_media":0,"comment_status":"open","ping_status":"closed","sticky":false,"template":"","format":"standard","meta":{"footnotes":""},"categories":[11,9],"tags":[],"class_list":["post-1072","post","type-post","status-publish","format-standard","hentry","category-fotografia","category-otros-lugares"],"_links":{"self":[{"href":"http:\/\/eloficiodehistoriar.com.mx\/index.php?rest_route=\/wp\/v2\/posts\/1072","targetHints":{"allow":["GET"]}}],"collection":[{"href":"http:\/\/eloficiodehistoriar.com.mx\/index.php?rest_route=\/wp\/v2\/posts"}],"about":[{"href":"http:\/\/eloficiodehistoriar.com.mx\/index.php?rest_route=\/wp\/v2\/types\/post"}],"author":[{"embeddable":true,"href":"http:\/\/eloficiodehistoriar.com.mx\/index.php?rest_route=\/wp\/v2\/users\/249"}],"replies":[{"embeddable":true,"href":"http:\/\/eloficiodehistoriar.com.mx\/index.php?rest_route=%2Fwp%2Fv2%2Fcomments&post=1072"}],"version-history":[{"count":0,"href":"http:\/\/eloficiodehistoriar.com.mx\/index.php?rest_route=\/wp\/v2\/posts\/1072\/revisions"}],"wp:attachment":[{"href":"http:\/\/eloficiodehistoriar.com.mx\/index.php?rest_route=%2Fwp%2Fv2%2Fmedia&parent=1072"}],"wp:term":[{"taxonomy":"category","embeddable":true,"href":"http:\/\/eloficiodehistoriar.com.mx\/index.php?rest_route=%2Fwp%2Fv2%2Fcategories&post=1072"},{"taxonomy":"post_tag","embeddable":true,"href":"http:\/\/eloficiodehistoriar.com.mx\/index.php?rest_route=%2Fwp%2Fv2%2Ftags&post=1072"}],"curies":[{"name":"wp","href":"https:\/\/api.w.org\/{rel}","templated":true}]}}