{"id":1077,"date":"2008-08-08T19:37:57","date_gmt":"2008-08-09T00:37:57","guid":{"rendered":"https:\/\/eloficiodehistoriar.com.mx\/?p=1077"},"modified":"2008-08-08T19:37:57","modified_gmt":"2008-08-09T00:37:57","slug":"fuentes-queretanas-del-siglo-xvlll-xlx-y-xx","status":"publish","type":"post","link":"http:\/\/eloficiodehistoriar.com.mx\/?p=1077","title":{"rendered":"Fuentes queretanas del siglo XVlll; XlX y XX"},"content":{"rendered":"<p><a href=\"https:\/\/eloficiodehistoriar.com.mx\/wp-content\/uploads\/2008\/08\/jfz-400.jpg\" title=\"jfz-400.jpg\"><img decoding=\"async\" src=\"https:\/\/eloficiodehistoriar.com.mx\/wp-content\/uploads\/2008\/08\/jfz-400.thumbnail.jpg\" alt=\"jfz-400.jpg\" \/><\/a><a href=\"https:\/\/eloficiodehistoriar.com.mx\/wp-content\/uploads\/2008\/08\/jfz-1-31.jpg\" title=\"jfz-1-31.jpg\"><img decoding=\"async\" src=\"https:\/\/eloficiodehistoriar.com.mx\/wp-content\/uploads\/2008\/08\/jfz-1-31.thumbnail.jpg\" alt=\"jfz-1-31.jpg\" \/><\/a><a href=\"https:\/\/eloficiodehistoriar.com.mx\/wp-content\/uploads\/2008\/08\/centro-queretaro-003.jpg\" title=\"centro-queretaro-003.jpg\"><img decoding=\"async\" src=\"https:\/\/eloficiodehistoriar.com.mx\/wp-content\/uploads\/2008\/08\/centro-queretaro-003.thumbnail.jpg\" alt=\"centro-queretaro-003.jpg\" \/><\/a><a href=\"https:\/\/eloficiodehistoriar.com.mx\/wp-content\/uploads\/2008\/08\/centro-queretaro-005.jpg\" title=\"centro-queretaro-005.jpg\"><img decoding=\"async\" src=\"https:\/\/eloficiodehistoriar.com.mx\/wp-content\/uploads\/2008\/08\/centro-queretaro-005.thumbnail.jpg\" alt=\"centro-queretaro-005.jpg\" \/><\/a><a href=\"https:\/\/eloficiodehistoriar.com.mx\/wp-content\/uploads\/2008\/08\/centro-queretaro-004.jpg\" title=\"centro-queretaro-004.jpg\"><img decoding=\"async\" src=\"https:\/\/eloficiodehistoriar.com.mx\/wp-content\/uploads\/2008\/08\/centro-queretaro-004.thumbnail.jpg\" alt=\"centro-queretaro-004.jpg\" \/><\/a><a href=\"https:\/\/eloficiodehistoriar.com.mx\/wp-content\/uploads\/2008\/08\/escudo-pagina-099.jpg\" title=\"escudo-pagina-099.jpg\"><img decoding=\"async\" src=\"https:\/\/eloficiodehistoriar.com.mx\/wp-content\/uploads\/2008\/08\/escudo-pagina-099.thumbnail.jpg\" alt=\"escudo-pagina-099.jpg\" \/><\/a><a href=\"https:\/\/eloficiodehistoriar.com.mx\/wp-content\/uploads\/2008\/08\/escudo-pagina-095.jpg\" title=\"escudo-pagina-095.jpg\"><img decoding=\"async\" src=\"https:\/\/eloficiodehistoriar.com.mx\/wp-content\/uploads\/2008\/08\/escudo-pagina-095.thumbnail.jpg\" alt=\"escudo-pagina-095.jpg\" \/><\/a><img decoding=\"async\" src=\"http:\/\/ts3.images.live.com\/images\/thumbnail.aspx?q=2478547872706&amp;id=9cee00c7f82aaecbe4517ae344427736\" alt=\"queretaro-3_1_-420x267.jpg\" style=\"width: 160px; cursor: pointer; height: 101px\" title=\"queretaro-3_1_-420x267.jpg\" class=\"img_thumb\" \/><img loading=\"lazy\" decoding=\"async\" width=\"160\" src=\"http:\/\/ts4.images.live.com\/images\/thumbnail.aspx?q=2135364534859&amp;id=474249c28bf6dc7c53396d5a037f6455\" alt=\"fuentemuseo.jpg\" height=\"109\" style=\"visibility: visible; width: 160px; cursor: pointer; height: 109px\" title=\"fuentemuseo.jpg\" class=\"img_thumb\" \/><img loading=\"lazy\" decoding=\"async\" width=\"110\" src=\"http:\/\/ts1.images.live.com\/images\/thumbnail.aspx?q=1573796585348&amp;id=ee954ae0702b768cb69e9470678ddf48\" alt=\"queretaro-viterbo.jpg\" height=\"160\" style=\"visibility: visible; width: 110px; cursor: pointer; height: 160px\" title=\"queretaro-viterbo.jpg\" class=\"img_thumb\" \/><img loading=\"lazy\" decoding=\"async\" width=\"160\" src=\"http:\/\/ts3.images.live.com\/images\/thumbnail.aspx?q=2477502825266&amp;id=3a8a928d48c96ae134acd7ddbbf263f3\" alt=\"queretaro1.jpg\" height=\"134\" style=\"visibility: visible; width: 160px; cursor: pointer; height: 134px\" title=\"queretaro1.jpg\" class=\"img_thumb\" \/><img loading=\"lazy\" decoding=\"async\" width=\"120\" src=\"http:\/\/ts3.images.live.com\/images\/thumbnail.aspx?q=1584137767402&amp;id=f3757c3cdcf37f710136ea263262fe2c\" alt=\"450px-statue_eines_indios_in_queretaro_fcm.jpg\" height=\"160\" style=\"visibility: visible; width: 120px; cursor: pointer; height: 160px\" title=\"450px-statue_eines_indios_in_queretaro_fcm.jpg\" class=\"img_thumb\" \/><img loading=\"lazy\" decoding=\"async\" width=\"160\" src=\"http:\/\/ts4.images.live.com\/images\/thumbnail.aspx?q=1811623254783&amp;id=b1c9f5f588827ca33c531512a5ad3cfa\" alt=\"jardin-zenea-queretaro.jpg\" height=\"107\" style=\"visibility: visible; width: 160px; cursor: pointer; height: 107px\" title=\"jardin-zenea-queretaro.jpg\" class=\"img_thumb\" \/><\/p>\n<p>Las Cajas de Agua primeramente y despues las fuentes han sido para la ciudad de Quer\u00e9taro la segunda fuente de almacenamiento del agua. Primero fueron Las Acequias de agua limpia salidas del r\u00edo Quer\u00e9taro y luego del agua llegada por El Acueducto desde El Capul\u00edn.<\/p>\n","protected":false},"excerpt":{"rendered":"<p>Las Cajas de Agua primeramente y despues las fuentes han sido para la ciudad de Quer\u00e9taro la segunda fuente de almacenamiento del agua. Primero fueron Las Acequias de agua limpia salidas del r\u00edo Quer\u00e9taro y luego del agua llegada por El Acueducto desde El Capul\u00edn.<\/p>\n","protected":false},"author":249,"featured_media":0,"comment_status":"open","ping_status":"closed","sticky":false,"template":"","format":"standard","meta":{"footnotes":""},"categories":[8,11],"tags":[],"class_list":["post-1077","post","type-post","status-publish","format-standard","hentry","category-ciudad-de-queretaro","category-fotografia"],"_links":{"self":[{"href":"http:\/\/eloficiodehistoriar.com.mx\/index.php?rest_route=\/wp\/v2\/posts\/1077","targetHints":{"allow":["GET"]}}],"collection":[{"href":"http:\/\/eloficiodehistoriar.com.mx\/index.php?rest_route=\/wp\/v2\/posts"}],"about":[{"href":"http:\/\/eloficiodehistoriar.com.mx\/index.php?rest_route=\/wp\/v2\/types\/post"}],"author":[{"embeddable":true,"href":"http:\/\/eloficiodehistoriar.com.mx\/index.php?rest_route=\/wp\/v2\/users\/249"}],"replies":[{"embeddable":true,"href":"http:\/\/eloficiodehistoriar.com.mx\/index.php?rest_route=%2Fwp%2Fv2%2Fcomments&post=1077"}],"version-history":[{"count":0,"href":"http:\/\/eloficiodehistoriar.com.mx\/index.php?rest_route=\/wp\/v2\/posts\/1077\/revisions"}],"wp:attachment":[{"href":"http:\/\/eloficiodehistoriar.com.mx\/index.php?rest_route=%2Fwp%2Fv2%2Fmedia&parent=1077"}],"wp:term":[{"taxonomy":"category","embeddable":true,"href":"http:\/\/eloficiodehistoriar.com.mx\/index.php?rest_route=%2Fwp%2Fv2%2Fcategories&post=1077"},{"taxonomy":"post_tag","embeddable":true,"href":"http:\/\/eloficiodehistoriar.com.mx\/index.php?rest_route=%2Fwp%2Fv2%2Ftags&post=1077"}],"curies":[{"name":"wp","href":"https:\/\/api.w.org\/{rel}","templated":true}]}}