{"id":1085,"date":"2008-08-09T07:13:15","date_gmt":"2008-08-09T12:13:15","guid":{"rendered":"https:\/\/eloficiodehistoriar.com.mx\/?p=1085"},"modified":"2008-08-09T07:13:15","modified_gmt":"2008-08-09T12:13:15","slug":"francisco-toledo-en-monterrey-con-la-lagartera","status":"publish","type":"post","link":"http:\/\/eloficiodehistoriar.com.mx\/?p=1085","title":{"rendered":"Francisco Toledo en Monterrey con \u00abLa Lagartera\u00bb"},"content":{"rendered":"<p align=\"center\" style=\"text-align: center\"><strong><span style=\"font-size: 18pt; font-family: Arial\">\u00abNo ha nacido quien me presione\u00bb<\/span><\/strong><\/p>\n<p><strong><span style=\"font-size: 18pt; font-family: Arial\"><o:p><\/o:p><\/span><\/strong>\u00a0<\/p>\n<p style=\"text-align: justify\"><span style=\"font-size: 11pt; font-family: Arial\"><\/span><\/p>\n<p><span style=\"font-size: 11pt; font-family: Arial\">Un a\u00f1o y cuatro meses despu\u00e9s de su inicio,<span>\u00a0 <\/span>fue entregada a la ciudad de Monterrey la monumental obra escult\u00f3rica<em><span style=\"font-family: Arial\"> La lagartera<\/span><\/em>, de Francisco Toledo.<o:p><\/o:p><\/span><\/p>\n<p style=\"text-align: justify\"><span style=\"font-size: 11pt; font-family: Arial\"><\/span><\/p>\n<p><span style=\"font-size: 11pt; font-family: Arial\">El proceso de realizaci\u00f3n de prolong\u00f3<span>\u00a0 <\/span>debido a las dificultades t\u00e9cnicas que represent\u00f3 la primera obra realizada por el maestro en gran formato, y que el propio escultor y pintor oaxaque\u00f1o precisara que \u201ctodav\u00eda no ha nacido quien lo presione\u201d.<o:p><\/o:p><\/span><\/p>\n<p style=\"text-align: justify\"><span style=\"font-size: 11pt; font-family: Arial\"><\/span><\/p>\n<p><span style=\"font-size: 11pt; font-family: Arial\">La obra, que <span>\u00a0<\/span>permanecer\u00e1 en el sitio emblem\u00e1tico donde se fund\u00f3 Monterrey en 1596, pesa 20 toneladas y mide <st1:metricconverter ProductID=\"25 metros\" w:st=\"on\">25 metros<\/st1:metricconverter> de largo, 10 de ancho y tres de altura.<o:p><\/o:p><\/span><\/p>\n<p style=\"text-align: justify\"><em><span style=\"font-size: 11pt; font-family: Arial\"><\/span><\/em><\/p>\n<p><em><span style=\"font-size: 11pt; font-family: Arial\">La lagartera<\/span><\/em><span style=\"font-size: 11pt; font-family: Arial\"> fue inaugurada la noche del mi\u00e9rcoles 6 de agosto.<o:p><\/o:p><\/span><\/p>\n<p style=\"text-align: justify\"><span style=\"font-size: 11pt; font-family: Arial\"><span><\/span><\/span><\/p>\n<p><span style=\"font-size: 11pt; font-family: Arial\"><span>\u00a0<\/span>La obra marca el comienzo del paseo \u201cCanal de Santa Luc\u00eda\u201d, y se une a una serie de esculturas que en los a\u00f1os recientes se han instalado a lo largo del r\u00edo Santa Catarina y en la misma Gran Plaza, donde hace meses fue inaugurada la escultura <em><span style=\"font-family: Arial\">Caballo<\/span><\/em>, del artista colombiano Fernando Botero.<o:p><\/o:p><\/span><\/p>\n<p style=\"text-align: justify\"><span style=\"font-size: 11pt; font-family: Arial\"><\/span><\/p>\n<p><span style=\"font-size: 11pt; font-family: Arial\">Esta es, sin embargo, la creaci\u00f3n art\u00edstica que ha costado mayor trabajo, pues fue inspirada en una pieza que realiz\u00f3 el propio Toledo hace algunos a\u00f1os, la cual elabor\u00f3 en cer\u00e1mica, con medidas aproximadas de <st1:metricconverter ProductID=\"1.30 metros\" w:st=\"on\">1.30 metros<\/st1:metricconverter> de largo por <st1:metricconverter ProductID=\"59 cent?metros\" w:st=\"on\">59 cent\u00edmetros<\/st1:metricconverter> de ancho y seis de altura, propiedad del empresario Mauricio Fern\u00e1ndez, quien convenci\u00f3 al artista para emprender esta aventura, de la cual por momentos dijo estar arrepentido, aunque esta noche, al pregunt\u00e1rsele si estaba satisfecho, se limit\u00f3 a decir, \u201cah\u00ed vamos\u201d.<o:p><\/o:p><\/span><\/p>\n<p style=\"text-align: justify\"><span style=\"font-size: 11pt; font-family: Arial\"><\/span><\/p>\n<p><span style=\"font-size: 11pt; font-family: Arial\">El proceso se inici\u00f3 en abril de 2007, con la elaboraci\u00f3n de los dibujos y esquemas a escala para la reproducci\u00f3n del modelo base. En una bodega de la colonia Moderna se arm\u00f3 una estructura con cubos de poliestireno, sobre los cuales se dise\u00f1aron las escamas y los lagartos de la pieza de origen.<o:p><\/o:p><\/span><\/p>\n<p style=\"text-align: justify\"><span style=\"font-size: 11pt; font-family: Arial\"><\/span><\/p>\n<p><span style=\"font-size: 11pt; font-family: Arial\">A partir de julio de 2007, <span>\u00a0<\/span>Francisco Toledo dedic\u00f3 a la obra nueve visitas y alrededor de 146 d\u00edas de trabajo creativo, particularmente extenuante en estos \u00faltimos dos meses durante los cuales realiz\u00f3 el modelado final al aire libre.<o:p><\/o:p><\/span><\/p>\n<p style=\"text-align: justify\"><span style=\"font-size: 11pt; font-family: Arial\"><\/span><\/p>\n<p><span style=\"font-size: 11pt; font-family: Arial\">La escultura monumental<em><span style=\"font-family: Arial\"> La lagartera<\/span><\/em> se inici\u00f3 el 4 de abril. Se trata de una pieza de forma rectangular en altorrelieve, que plasma el nado de varios lagartos sobre una superficie de escamas en diferentes escalas, de los cuales emergen ranas, peces, cangrejos, tortugas y lagartos.<o:p><\/o:p><\/span><\/p>\n","protected":false},"excerpt":{"rendered":"<p>\u00abNo ha nacido quien me presione\u00bb \u00a0 Un a\u00f1o y cuatro meses despu\u00e9s de su inicio,\u00a0 fue entregada a la ciudad de Monterrey la monumental obra escult\u00f3rica La lagartera, de Francisco Toledo. El proceso de realizaci\u00f3n de prolong\u00f3\u00a0 debido a las dificultades t\u00e9cnicas que represent\u00f3 la primera obra realizada por el maestro en gran formato, [&hellip;]<\/p>\n","protected":false},"author":249,"featured_media":0,"comment_status":"open","ping_status":"closed","sticky":false,"template":"","format":"standard","meta":{"footnotes":""},"categories":[26],"tags":[],"class_list":["post-1085","post","type-post","status-publish","format-standard","hentry","category-mundo"],"_links":{"self":[{"href":"http:\/\/eloficiodehistoriar.com.mx\/index.php?rest_route=\/wp\/v2\/posts\/1085","targetHints":{"allow":["GET"]}}],"collection":[{"href":"http:\/\/eloficiodehistoriar.com.mx\/index.php?rest_route=\/wp\/v2\/posts"}],"about":[{"href":"http:\/\/eloficiodehistoriar.com.mx\/index.php?rest_route=\/wp\/v2\/types\/post"}],"author":[{"embeddable":true,"href":"http:\/\/eloficiodehistoriar.com.mx\/index.php?rest_route=\/wp\/v2\/users\/249"}],"replies":[{"embeddable":true,"href":"http:\/\/eloficiodehistoriar.com.mx\/index.php?rest_route=%2Fwp%2Fv2%2Fcomments&post=1085"}],"version-history":[{"count":0,"href":"http:\/\/eloficiodehistoriar.com.mx\/index.php?rest_route=\/wp\/v2\/posts\/1085\/revisions"}],"wp:attachment":[{"href":"http:\/\/eloficiodehistoriar.com.mx\/index.php?rest_route=%2Fwp%2Fv2%2Fmedia&parent=1085"}],"wp:term":[{"taxonomy":"category","embeddable":true,"href":"http:\/\/eloficiodehistoriar.com.mx\/index.php?rest_route=%2Fwp%2Fv2%2Fcategories&post=1085"},{"taxonomy":"post_tag","embeddable":true,"href":"http:\/\/eloficiodehistoriar.com.mx\/index.php?rest_route=%2Fwp%2Fv2%2Ftags&post=1085"}],"curies":[{"name":"wp","href":"https:\/\/api.w.org\/{rel}","templated":true}]}}