{"id":1086,"date":"2008-08-09T07:32:14","date_gmt":"2008-08-09T12:32:14","guid":{"rendered":"https:\/\/eloficiodehistoriar.com.mx\/?p=1086"},"modified":"2008-08-09T07:32:14","modified_gmt":"2008-08-09T12:32:14","slug":"termino-la-conferencia-internacional-contra-el-sida","status":"publish","type":"post","link":"http:\/\/eloficiodehistoriar.com.mx\/?p=1086","title":{"rendered":"Termin\u00f3 La Conferencia Internacional contra el SIDA"},"content":{"rendered":"<p align=\"center\" style=\"text-align: center\"><strong><span style=\"font-size: 18pt; color: black; font-family: Arial\">La marcha contra la discriminaci\u00f3n<\/span><\/strong><\/p>\n<p><strong><span style=\"font-size: 18pt; color: black; font-family: Arial\"><o:p><\/o:p><\/span><\/strong>\u00a0<span style=\"font-size: 11pt; color: black; font-family: Arial\">De acuerdo con un estudio de <st1:personname ProductID=\"la Fundaci?n\" w:st=\"on\">la Fundaci\u00f3n<\/st1:personname> para <st1:personname ProductID=\"la Investigaci?n\" w:st=\"on\">la Investigaci\u00f3n<\/st1:personname> sobre el SIDA, la poblaci\u00f3n de Hombres que tienen sexo con otros hombres es uno de los sectores m\u00e1s vulnerables a la epidemia por el hecho de sufrir indiferencia, negaci\u00f3n de servicios y negaci\u00f3n oficial.<o:p><\/o:p><\/span><\/p>\n<p style=\"text-align: justify\"><strong><span style=\"font-size: 11pt; color: black; font-family: Arial\"><\/span><\/strong><\/p>\n<p><strong><span style=\"font-size: 11pt; color: black; font-family: Arial\">\u201cLa homofobia mata, matemos la homofobia<\/span><\/strong><span style=\"font-size: 11pt; color: black; font-family: Arial\">\u201d, dijo Piot al pronunciar su mensaje en espa\u00f1ol, antes de salir la marcha. <o:p><\/o:p><\/span><\/p>\n<p style=\"text-align: justify\"><span style=\"font-size: 11pt; color: black; font-family: Arial\"><\/span><\/p>\n<p><span style=\"font-size: 11pt; color: black; font-family: Arial\">\u201cNosotros no queremos destruir la familia, simplemente queremos construir la nuestra con respeto y dignidad\u201d.<o:p><\/o:p><\/span><\/p>\n<p style=\"text-align: justify\"><span style=\"font-size: 11pt; color: black; font-family: Arial\"><\/span><\/p>\n<p><span style=\"font-size: 11pt; color: black; font-family: Arial\">Alrededor de cinco mil personas de todo el mundo caminaron por la avenida m\u00e1s importante de la ciudad de M\u00e9xico, v\u00eda de incontables manifestaciones p\u00fablicas, en lo que fue <st1:personname ProductID=\"la Primera Marcha\" w:st=\"on\">la Primera Marcha<\/st1:personname> Internacional contra el Estigma, <st1:personname ProductID=\"la Discriminaci?n\" w:st=\"on\">la Discriminaci\u00f3n<\/st1:personname> y <st1:personname ProductID=\"la Homofobia.\" w:st=\"on\">la Homofobia.<\/st1:personname> <o:p><\/o:p><\/span><\/p>\n<p style=\"text-align: justify\"><span style=\"font-size: 11pt; color: black; font-family: Arial\"><\/span><\/p>\n<p><span style=\"font-size: 11pt; color: black; font-family: Arial\">El contignente, que incluy\u00f3 a mujeres y hombres homosexuales, transexuales y hetereosexuales, estuvo encabezada por el director ejecutivo del Programa Conjunto de Naciones Unidas para el SIDA, Peter Piot; el secretario de salud mexicano, Jos\u00e9 \u00c1ngel C\u00f3rdova Villalobos; el director del Instituto Mexicano del Seguro Social, Juan Molinar Horcasitas, y el presidente de <st1:personname ProductID=\"la Comisi?n\" w:st=\"on\">la Comisi\u00f3n<\/st1:personname> de Derechos Humanos del Distrito Federal, Emilio \u00c1lvarez Icaza.<o:p><\/o:p><\/span><\/p>\n<p style=\"text-align: justify\"><span style=\"font-size: 11pt; color: black; font-family: Arial\"><\/span><\/p>\n<p><span style=\"font-size: 11pt; color: black; font-family: Arial\">Le sigui\u00f3 C\u00f3rdova Villalobos, quien asever\u00f3: \u201c<strong>con mi presencia expreso mi rechazo a la discriminaci\u00f3n y mi respeto a la diversidad sexual\u201d. <o:p><\/o:p><\/strong><\/span><\/p>\n<p style=\"text-align: justify\"><span style=\"font-size: 11pt; color: black; font-family: Arial\"><\/span><\/p>\n<p><span style=\"font-size: 11pt; color: black; font-family: Arial\">Mientras hablaba, varios asistentes le lanzaban cuestionamientos por la actitud \u201chomof\u00f3bica\u201d e \u201chip\u00f3crita\u201d que ha mostrado en diversas ocasiones.<o:p><\/o:p><\/span><\/p>\n<p style=\"text-align: justify\"><span style=\"font-size: 11pt; color: black; font-family: Arial\"><\/span><\/p>\n<p><span style=\"font-size: 11pt; color: black; font-family: Arial\">Toni Reis, presidente de <st1:personname ProductID=\"la Asociaci?n Brasile?a\" w:st=\"on\">la Asociaci\u00f3n Brasile\u00f1a<\/st1:personname> de Gays, Lesbianas y Transg\u00e9neros, dijo que \u201cLos manifestantes, quienes caminaron flanqueados por las miradas curiosas de los transe\u00fantes que se deten\u00edan, portaban pancartas con leyendas como:<o:p><\/o:p><\/span><\/p>\n<p style=\"text-align: justify\"><span style=\"font-size: 11pt; color: black; font-family: Arial\"><span><\/span><\/span><\/p>\n<p><span style=\"font-size: 11pt; color: black; font-family: Arial\"><span>\u00a0<\/span>\u201cSe juzga m\u00e1s la homosexualidad que la guerra\u201d<o:p><\/o:p><\/span><\/p>\n<p style=\"text-align: justify\"><span style=\"font-size: 11pt; color: black; font-family: Arial\"><span><\/span><\/span><\/p>\n<p><span style=\"font-size: 11pt; color: black; font-family: Arial\"><span>\u00a0<\/span>\u201cDesde M\u00e9xico reclamo mis derechos humanos\u201d<o:p><\/o:p><\/span><\/p>\n<p style=\"text-align: justify\"><span style=\"font-size: 11pt; color: black; font-family: Arial\"><span><\/span><\/span><\/p>\n<p><span style=\"font-size: 11pt; color: black; font-family: Arial\"><span>\u00a0<\/span>\u201cAcci\u00f3n Universal por derechos iguales, \u00a1ya!\u201d<o:p><\/o:p><\/span><\/p>\n<p style=\"text-align: justify\"><span style=\"font-size: 11pt; color: black; font-family: Arial\"><span><\/span><\/span><\/p>\n<p><span style=\"font-size: 11pt; color: black; font-family: Arial\"><span>\u00a0<\/span>\u201cONU, haz oficial el 17 de mayo\u201d<o:p><\/o:p><\/span><\/p>\n<p style=\"text-align: justify\"><span style=\"font-size: 11pt; color: black; font-family: Arial\"><\/span><\/p>\n<p><span style=\"font-size: 11pt; color: black; font-family: Arial\">D\u00eda en que se celebra la jornada mundial contra la homofobia.<o:p><\/o:p><\/span><\/p>\n<p style=\"text-align: justify\"><span style=\"font-size: 11pt; color: black; font-family: Arial\"><\/span><\/p>\n<p><span style=\"font-size: 11pt; color: black; font-family: Arial\">El ONUSIDA ha reconocido que la homofobia obstaculiza las acciones contra el VIH\/SIDA, por lo que es necesario erradicarla e implementar un ambiente de respeto a los derechos humanos.<o:p><\/o:p><\/span><\/p>\n<p style=\"text-align: justify\"><span style=\"font-size: 11pt; color: black; font-family: Arial\"><\/span><\/p>\n<p><span style=\"font-size: 11pt; color: black; font-family: Arial\">Entre las organizaciones asistentes se contaban: <o:p><\/o:p><\/span><\/p>\n<p style=\"text-align: justify\"><st1:personname ProductID=\"La Red\" w:st=\"on\"><span style=\"font-size: 11pt; color: black; font-family: Arial\">\u00a0<\/span><\/st1:personname><\/p>\n<p><st1:personname ProductID=\"La Red\" w:st=\"on\"><span style=\"font-size: 11pt; color: black; font-family: Arial\">La Red<\/span><\/st1:personname><span style=\"font-size: 11pt; color: black; font-family: Arial\"> de Trabajadoras Sexuales de Am\u00e9rica Latina y el Caribe<o:p><\/o:p><\/span><\/p>\n<p style=\"text-align: justify\"><span style=\"font-size: 11pt; color: black; font-family: Arial\"><span><\/span><\/span><\/p>\n<p><span style=\"font-size: 11pt; color: black; font-family: Arial\"><span>\u00a0<\/span>Amnist\u00eda Internacional<o:p><\/o:p><\/span><\/p>\n<p style=\"text-align: justify\"><span style=\"font-size: 11pt; color: black; font-family: Arial\"><span><\/span><\/span><\/p>\n<p><span style=\"font-size: 11pt; color: black; font-family: Arial\"><span>\u00a0<\/span>Act Up Paris, <o:p><\/o:p><\/span><\/p>\n<p style=\"text-align: justify\"><span style=\"font-size: 11pt; color: black; font-family: Arial\"><\/span><\/p>\n<p><span style=\"font-size: 11pt; color: black; font-family: Arial\">Red Latinoamericana y del Caribe de Personas Transexuales<o:p><\/o:p><\/span><\/p>\n<p style=\"text-align: justify\"><span style=\"font-size: 11pt; color: black; font-family: Arial\"><span><\/span><\/span><\/p>\n<p><span style=\"font-size: 11pt; color: black; font-family: Arial\"><span>\u00a0<\/span>Red de Trabajadores Sexuales de Asia Pac\u00edfico<o:p><\/o:p><\/span><\/p>\n<p style=\"text-align: justify\"><span style=\"font-size: 11pt; color: black; font-family: Arial\"><span><\/span><\/span><\/p>\n<p><span style=\"font-size: 11pt; color: black; font-family: Arial\"><span>\u00a0<\/span>Asociaci\u00f3n Internacional de Lesbianas y Gays de Europa <o:p><\/o:p><\/span><\/p>\n<p style=\"text-align: justify\"><span style=\"font-size: 11pt; color: black; font-family: Arial\"><\/span><\/p>\n<p><span style=\"font-size: 11pt; color: black; font-family: Arial\">Grupo de Personal de las Naciones Unidas VIH positivo <o:p><\/o:p><\/span><\/p>\n<p style=\"text-align: justify\"><span style=\"font-size: 11pt; color: black; font-family: Arial\"><\/span><\/p>\n<p><span style=\"font-size: 11pt; color: black; font-family: Arial\">Red Global de Personas que Viven con VIH <o:p><\/o:p><\/span><\/p>\n<p style=\"text-align: justify\"><span style=\"font-size: 11pt; color: black; font-family: Arial\"><\/span><\/p>\n<p><span style=\"font-size: 11pt; color: black; font-family: Arial\">La marcha avanz\u00f3 durante dos horas antes de llegar al Z\u00f3calo, el coraz\u00f3n f\u00edsico y pol\u00edtico del pa\u00eds. <o:p><\/o:p><\/span><\/p>\n<p style=\"text-align: justify\"><span style=\"font-size: 11pt; color: black; font-family: Arial\"><\/span><\/p>\n<p><span style=\"font-size: 11pt; color: black; font-family: Arial\">Ah\u00ed, cientos de personas que portaban una camiseta color rosa formaron un tri\u00e1ngulo, s\u00edmbolo reivindicado de la diversidad sexual. <o:p><\/o:p><\/span><\/p>\n<p style=\"text-align: justify\"><span style=\"font-size: 11pt; color: black; font-family: Arial\"><\/span><\/p>\n<p><span style=\"font-size: 11pt; color: black; font-family: Arial\">El primero en hablar fue Craig McClure, director ejecutivo de <st1:personname ProductID=\"la Sociedad Internacional\" w:st=\"on\">la Sociedad Internacional<\/st1:personname> de Sida (IAS), quien lament\u00f3 que todav\u00eda existan en el mundo 80 pa\u00edses que criminalizan las relaciones sexuales entre personas del mismo sexo. <o:p><\/o:p><\/span><\/p>\n<p style=\"text-align: justify\"><span style=\"font-size: 11pt; color: black; font-family: Arial\"><\/span><\/p>\n<p><span style=\"font-size: 11pt; color: black; font-family: Arial\">Durante la concentraci\u00f3n de cierre, Jorge Saavedra, director del Centro Nacional para <st1:personname ProductID=\"la Prevenci?n\" w:st=\"on\">la Prevenci\u00f3n<\/st1:personname> y Control del SIDA, de M\u00e9xico, anunci\u00f3 que el viernes se derog\u00f3 en Panam\u00e1 la disposici\u00f3n legal que penalizaba la homosexualidad. <o:p><\/o:p><\/span><\/p>\n<p style=\"text-align: justify\"><span style=\"font-size: 11pt; color: black; font-family: Arial\"><\/span><\/p>\n<p><span style=\"font-size: 11pt; color: black; font-family: Arial\">Tambi\u00e9n destac\u00f3 los logros de cinco naciones que se encuentran a la vanguardia en cuanto a leyes que garanticen la igualdad: B\u00e9lgica, Holanda, Canad\u00e1, Sud\u00e1frica y Espa\u00f1a. <o:p><\/o:p><\/span><\/p>\n<p style=\"text-align: justify\"><span style=\"font-size: 11pt; color: black; font-family: Arial\"><\/span><\/p>\n<p><span style=\"font-size: 11pt; color: black; font-family: Arial\">Arie Hoekman, representante del Fondo de Poblaci\u00f3n de Naciones Unidas en M\u00e9xico, dijo que como a\u00fan no se puede encontrar una vacuna eficaz contra el virus <strong>\u201chay que crear una vacuna social\u201d,<\/strong> y eso se lograr\u00e1 a trav\u00e9s del conocimiento.<o:p><\/o:p><\/span><\/p>\n<p style=\"text-align: justify\"><span style=\"font-size: 11pt; color: black; font-family: Arial\"><\/span><\/p>\n<p><span style=\"font-size: 11pt; color: black; font-family: Arial\">La estafeta fue entregada al nuevo comit\u00e9 organizador, que se encargar\u00e1 de llevar a cabo el mismo acto en Viena, en 2010. <o:p><\/o:p><\/span><\/p>\n<p style=\"text-align: justify\"><span style=\"font-size: 11pt; color: black; font-family: Arial\"><\/span><\/p>\n<p><span style=\"font-size: 11pt; color: black; font-family: Arial\">Tudor Kovacs dijo que en su pa\u00eds, Rumania, nadie cree que se pueda ganar la batalla, \u201cpero m\u00edrense, ustedes est\u00e1n ganando, y lo que har\u00e9 ahora es tomarles una fotograf\u00eda para ense\u00f1arla de vuelta en mi pa\u00eds y mostrar que s\u00ed se puede ganar\u201d, dijo al tiempo que ped\u00eda que se agitaran las banderas de la diversidad sexual y apuntaba su c\u00e1mara al p\u00fablico.<o:p><\/o:p><\/span><\/p>\n<p style=\"margin: 0cm 0cm 0pt; text-align: justify\" class=\"MsoNormal\"><span style=\"font-size: 11pt; color: black; font-family: Arial\"><\/span><\/p>\n<p><span style=\"font-size: 11pt; color: black; font-family: Arial\">En Am\u00e9rica Latina, menos del 1% del presupuesto destinado a la respuesta al VIH se dedica a programas de HSH que viven con VIH. <o:p><\/o:p><\/span><\/p>\n<p style=\"margin: 0cm 0cm 0pt; text-align: justify\" class=\"MsoNormal\"><span style=\"font-size: 11pt; color: black; font-family: Arial\"><\/span><\/p>\n<p style=\"margin: 0cm 0cm 0pt; text-align: justify\" class=\"MsoNormal\"><span style=\"font-size: 11pt; color: black; font-family: Arial\"><\/span><\/p>\n<p><span style=\"font-size: 11pt; color: black; font-family: Arial\">En M\u00e9xico se registra una prevalencia del 26% en esta poblaci\u00f3n, mientras que en Bolivia el riesgo de infecci\u00f3n entre HSH es 179 veces mayor que el de la poblaci\u00f3n general. <o:p><\/o:p><\/span><span style=\"font-size: 11pt; color: black; font-family: Arial\"><o:p>\u00a0<\/o:p><\/span><\/p>\n<p style=\"margin: 0cm 0cm 0pt; text-align: justify\" class=\"MsoNormal\"><span style=\"font-size: 11pt; color: black; font-family: Arial\"><\/span><\/p>\n<p style=\"margin: 0cm 0cm 0pt; text-align: justify\" class=\"MsoNormal\"><span style=\"font-size: 11pt; color: black; font-family: Arial\">La situaci\u00f3n m\u00e1s cr\u00edtica est\u00e1 en \u00c1frica, donde 46 de 52 pa\u00edses encuestados por <st1:personname ProductID=\"la ONU\" w:st=\"on\">la ONU<\/st1:personname> no reportan atenci\u00f3n a HSH a trav\u00e9s de programas de prevenci\u00f3n, mientras 3 pa\u00edses reportan una cobertura de 60% en la materia.<\/span><\/p>\n<p style=\"margin: 0cm 0cm 0pt; text-align: justify\" class=\"MsoNormal\"><span style=\"font-size: 11pt; color: black; font-family: Arial\"><\/span><\/p>\n<p><span style=\"font-size: 11pt; color: black; font-family: Arial\">Tomado de \u00abLetra S\u00bb<\/span><span style=\"font-size: 11pt; font-family: Arial\"><o:p><\/o:p><\/span><\/p>\n","protected":false},"excerpt":{"rendered":"<p>La marcha contra la discriminaci\u00f3n \u00a0De acuerdo con un estudio de la Fundaci\u00f3n para la Investigaci\u00f3n sobre el SIDA, la poblaci\u00f3n de Hombres que tienen sexo con otros hombres es uno de los sectores m\u00e1s vulnerables a la epidemia por el hecho de sufrir indiferencia, negaci\u00f3n de servicios y negaci\u00f3n oficial. \u201cLa homofobia mata, matemos [&hellip;]<\/p>\n","protected":false},"author":249,"featured_media":0,"comment_status":"open","ping_status":"closed","sticky":false,"template":"","format":"standard","meta":{"footnotes":""},"categories":[26],"tags":[],"class_list":["post-1086","post","type-post","status-publish","format-standard","hentry","category-mundo"],"_links":{"self":[{"href":"http:\/\/eloficiodehistoriar.com.mx\/index.php?rest_route=\/wp\/v2\/posts\/1086","targetHints":{"allow":["GET"]}}],"collection":[{"href":"http:\/\/eloficiodehistoriar.com.mx\/index.php?rest_route=\/wp\/v2\/posts"}],"about":[{"href":"http:\/\/eloficiodehistoriar.com.mx\/index.php?rest_route=\/wp\/v2\/types\/post"}],"author":[{"embeddable":true,"href":"http:\/\/eloficiodehistoriar.com.mx\/index.php?rest_route=\/wp\/v2\/users\/249"}],"replies":[{"embeddable":true,"href":"http:\/\/eloficiodehistoriar.com.mx\/index.php?rest_route=%2Fwp%2Fv2%2Fcomments&post=1086"}],"version-history":[{"count":0,"href":"http:\/\/eloficiodehistoriar.com.mx\/index.php?rest_route=\/wp\/v2\/posts\/1086\/revisions"}],"wp:attachment":[{"href":"http:\/\/eloficiodehistoriar.com.mx\/index.php?rest_route=%2Fwp%2Fv2%2Fmedia&parent=1086"}],"wp:term":[{"taxonomy":"category","embeddable":true,"href":"http:\/\/eloficiodehistoriar.com.mx\/index.php?rest_route=%2Fwp%2Fv2%2Fcategories&post=1086"},{"taxonomy":"post_tag","embeddable":true,"href":"http:\/\/eloficiodehistoriar.com.mx\/index.php?rest_route=%2Fwp%2Fv2%2Ftags&post=1086"}],"curies":[{"name":"wp","href":"https:\/\/api.w.org\/{rel}","templated":true}]}}