{"id":1089,"date":"2008-08-09T08:25:16","date_gmt":"2008-08-09T13:25:16","guid":{"rendered":"https:\/\/eloficiodehistoriar.com.mx\/?p=1089"},"modified":"2008-08-09T08:25:16","modified_gmt":"2008-08-09T13:25:16","slug":"todo-sobre-la-sierra-gorda13","status":"publish","type":"post","link":"http:\/\/eloficiodehistoriar.com.mx\/?p=1089","title":{"rendered":"Todo sobre La Sierra Gorda&#8230;1\/3"},"content":{"rendered":"<p align=\"center\" style=\"margin: 0cm 0cm 0pt; text-align: center\" class=\"MsoNormal\"><strong><span style=\"font-size: 18pt; color: black; font-family: Arial\"><\/span><\/strong><\/p>\n<p><strong><span style=\"font-size: 18pt; color: black; font-family: Arial\">El Mundo de <st1:personname ProductID=\"La Sierra Gorda\" w:st=\"on\"><st1:personname ProductID=\"la Sierra\" w:st=\"on\">La Sierra<\/st1:personname> Gorda<\/st1:personname><o:p><\/o:p><\/span><\/strong><strong><span style=\"font-size: 18pt; color: black; font-family: Arial\"><o:p>\u00a0<\/o:p><\/span><\/strong><span style=\"font-size: 11pt; color: black; font-family: Arial\"><o:p>\u00a0<\/o:p><\/span><\/p>\n<p style=\"margin: 0cm 0cm 0pt; text-align: justify\" class=\"MsoNormal\"><st1:personname ProductID=\"La Sierra Gorda\" w:st=\"on\"><span style=\"font-size: 11pt; color: black; font-family: Arial\">\u00a0<\/span><\/st1:personname><\/p>\n<p><st1:personname ProductID=\"La Sierra Gorda\" w:st=\"on\"><span style=\"font-size: 11pt; color: black; font-family: Arial\">La Sierra Gorda<\/span><\/st1:personname><span style=\"font-size: 11pt; color: black; font-family: Arial\"> es un mundo de contrastes: paisajes imponentes de monta\u00f1as que esconden ricos minerales, bosques h\u00famedos de olorosa madera, pero a la vuelta del camino el chaparral espinudo se extiende en el horizonte. <o:p><\/o:p><\/span><span style=\"font-size: 11pt; color: black; font-family: Arial\"><o:p>\u00a0<\/o:p><\/span><\/p>\n<p style=\"margin: 0cm 0cm 0pt; text-align: justify\" class=\"MsoNormal\"><span style=\"font-size: 11pt; color: black; font-family: Arial\"><\/span><\/p>\n<p><span style=\"font-size: 11pt; color: black; font-family: Arial\">La vida es dura en las monta\u00f1as: hay fr\u00edo, lluvia y empinadas cuestas; largas jornadas en el interior de las minas. El esfuerzo de los antiguos agricultores-mineros de <st1:personname ProductID=\"La Sierra Gorda\" w:st=\"on\">la Sierra Gorda<\/st1:personname> qued\u00f3 plasmado en obras monumentales, como las ciudades de Ranas y Toluquilla. <o:p><\/o:p><\/span><span style=\"font-size: 11pt; color: black; font-family: Arial\"><o:p>\u00a0<\/o:p><\/span><\/p>\n<p style=\"margin: 0cm 0cm 0pt\" class=\"MsoNormal\"><strong><span style=\"font-size: 11pt; color: black; font-family: Arial\"><\/span><\/strong><\/p>\n<p><strong><span style=\"font-size: 11pt; color: black; font-family: Arial\">Medio ambiente<\/span><\/strong><span style=\"font-size: 11pt; color: black; font-family: Arial\"><\/p>\n<p><\/span><span style=\"font-size: 11pt; color: black; font-family: Arial\"><o:p><\/o:p><\/span><\/p>\n<p style=\"margin: 0cm 0cm 0pt; text-align: justify\" class=\"MsoNormal\"><st1:personname ProductID=\"La Sierra Gorda\" w:st=\"on\"><span style=\"font-size: 11pt; color: black; font-family: Arial\">\u00a0<\/span><\/st1:personname><\/p>\n<p><st1:personname ProductID=\"La Sierra Gorda\" w:st=\"on\"><span style=\"font-size: 11pt; color: black; font-family: Arial\">La Sierra Gorda<\/span><\/st1:personname><span style=\"font-size: 11pt; color: black; font-family: Arial\"> es un vasto paisaje de monta\u00f1as, donde la vista alcanza los picos de <st1:personname ProductID=\"la Sierra Alta\" w:st=\"on\">la Sierra Alta<\/st1:personname> de Hidalgo, el pinar del Zamorano, la profunda ca\u00f1ada del Extorax y m\u00e1s all\u00e1 de la cuesta de Huazmazontla, los valles intermontanos de las cinco misiones y, a la distancia, los lomer\u00edos de <st1:personname ProductID=\"la Huasteca.?\" w:st=\"on\">la Huasteca.<\/p>\n<p><\/st1:personname><\/span><span style=\"font-size: 11pt; color: black; font-family: Arial\"><st1:personname ProductID=\"la Huasteca.?\" w:st=\"on\"><\/st1:personname><o:p><\/o:p><\/span><\/p>\n<p style=\"margin: 0cm 0cm 0pt; text-align: justify\" class=\"MsoNormal\"><span style=\"font-size: 11pt; color: black; font-family: Arial\"><\/span><\/p>\n<p><span style=\"font-size: 11pt; color: black; font-family: Arial\">Un acercamiento a la historia prehisp\u00e1nica de <st1:personname ProductID=\"La Sierra Gorda\" w:st=\"on\">la Sierra Gorda<\/st1:personname> debe incluir las caracter\u00edsticas fisiogr\u00e1ficas de la regi\u00f3n, determinantes para entender el desarrollo cultural de los pueblos que la habitaron. <st1:personname ProductID=\"La Sierra Gorda\" w:st=\"on\">La Sierra Gorda<\/st1:personname> es un ramal de <st1:personname ProductID=\"la Sierra Madre\" w:st=\"on\">la Sierra Madre<\/st1:personname> Oriental que abarca la parte noreste del estado de Hidalgo, toda la norte de Quer\u00e9taro, el este de Guanajuato y el sur de San Luis Potos\u00ed. <o:p><\/o:p><\/span><span style=\"font-size: 11pt; color: black; font-family: Arial\"><o:p>\u00a0<\/o:p><\/span><\/p>\n<p style=\"margin: 0cm 0cm 0pt; text-align: justify\" class=\"MsoNormal\"><span style=\"font-size: 11pt; color: black; font-family: Arial\"><\/span><\/p>\n<p><span style=\"font-size: 11pt; color: black; font-family: Arial\">Est\u00e1 conformada por una serie de cadenas monta\u00f1osas paralelas con direcci\u00f3n noroeste-sureste, principalmente de rocas calizas, formadas por antiguos lechos marinos durante el Jur\u00e1sico y el Cret\u00e1cico, y la intrusi\u00f3n de rocas \u00edgneas en etapas tard\u00edas, que dieron origen a los yacimientos minerales en la sierra. <o:p><\/o:p><\/span><span style=\"font-size: 11pt; color: black; font-family: Arial\"><o:p>\u00a0<\/o:p><\/span><\/p>\n<p style=\"margin: 0cm 0cm 0pt; text-align: justify\" class=\"MsoNormal\"><span style=\"font-size: 11pt; color: black; font-family: Arial\"><\/span><\/p>\n<p><span style=\"font-size: 11pt; color: black; font-family: Arial\">A su vez, la composici\u00f3n calc\u00e1rea de las rocas afectadas por la disoluci\u00f3n k\u00e1rstica ha formado gran cantidad de cavernas y s\u00f3tanos, algunos de ellos de cientos de metros de profundidad y que han alcanzado fama mundial. Asimismo, <st1:personname ProductID=\"La Sierra Gorda\" w:st=\"on\">la Sierra Gorda<\/st1:personname> presenta alturas qonocer <st1:personname ProductID=\"La Sierra Gorda\" w:st=\"on\">la Sierra Gorda<\/st1:personname> es un privilegio.<o:p><\/o:p><\/span><span style=\"font-size: 15pt; color: black; font-family: Verdana\"><o:p>\u00a0<\/o:p><\/span><\/p>\n<p style=\"margin: 0cm 0cm 0pt; text-align: justify\" class=\"MsoNormal\"><span style=\"font-size: 11pt; color: black; font-family: Arial\"><\/span><\/p>\n<p><span style=\"font-size: 11pt; color: black; font-family: Arial\">Sobrepasan los 3 000 msnm y ca\u00f1ones que llegan a los 700 msnm. La serran\u00eda crea una barrera natural que frena el paso de la humedad que viene de la zona del Golfo, produciendo el efecto conocido como \u201csombra de monta\u00f1a\u201d, por lo cual el sector oriental es favorecido por la humedad y el occidental sufre de sequ\u00eda.<\/p>\n<p><\/span><span style=\"font-size: 11pt; color: black; font-family: Arial\"><o:p><\/o:p><\/span><span style=\"font-size: 11pt; color: black; font-family: Arial\"><o:p>\u00a0<\/o:p><\/span><\/p>\n<p style=\"margin: 0cm 0cm 0pt; text-align: justify\" class=\"MsoNormal\"><span style=\"font-size: 11pt; color: black; font-family: Arial\"><\/span><\/p>\n<p><span style=\"font-size: 11pt; color: black; font-family: Arial\">La topograf\u00eda, con fuertes cambios de altitud, crea una gran variedad de microambientes: bosques de con\u00edferas y encinares en las cumbres de las monta\u00f1as y platanares y ca\u00f1a de az\u00facar al abrigo de las profundas ca\u00f1adas; hacia la vertiente oriente, bosques caducifolios; y hacia la parte occidental de la sierra, en colindancia con el Altiplano norte, vegetaci\u00f3n xer\u00f3fita y chaparral en el semidesierto, como efecto de la sombra pluvial.<\/p>\n<p><\/span><span style=\"font-size: 11pt; color: black; font-family: Arial\"><o:p><\/o:p><\/span><\/p>\n<p style=\"margin: 0cm 0cm 0pt; text-align: justify\" class=\"MsoNormal\"><span style=\"font-size: 11pt; color: black; font-family: Arial\"><\/span><\/p>\n<p><span style=\"font-size: 11pt; color: black; font-family: Arial\">Las tres principales corrientes fluviales que cruzan <st1:personname ProductID=\"La Sierra Gorda\" w:st=\"on\">la Sierra Gorda<\/st1:personname> forman parte de la cuenca del r\u00edo P\u00e1nuco y corren por profundos ca\u00f1ones: al norte, el r\u00edo Santa Mar\u00eda Acapulco y sus afluentes, que marca el l\u00edmite entre San Luis Potos\u00ed y Quer\u00e9taro; en la parte media, el r\u00edo Pe\u00f1amiller-Extorax, que une su caudal al r\u00edo Moctezuma, el cual corre por la parte meridional de la regi\u00f3n y marca el l\u00edmite entre Quer\u00e9taro e Hidalgo.<o:p><\/o:p><\/span><span style=\"font-size: 11pt; color: black; font-family: Arial\"><o:p>\u00a0<\/o:p><\/span><\/p>\n<p style=\"margin: 0cm 0cm 0pt; text-align: justify\" class=\"MsoNormal\"><strong><span style=\"font-size: 11pt; color: black; font-family: Arial\"><\/span><\/strong><\/p>\n<p><strong><span style=\"font-size: 11pt; color: black; font-family: Arial\">Antecedentes<\/span><\/strong><span style=\"font-size: 11pt; color: black; font-family: Arial\"><\/p>\n<p><\/span><span style=\"font-size: 11pt; color: black; font-family: Arial\"><o:p><\/o:p><\/span><\/p>\n<p style=\"margin: 0cm 0cm 0pt; text-align: justify\" class=\"MsoNormal\"><span style=\"font-size: 11pt; color: black; font-family: Arial\"><\/span><\/p>\n<p><span style=\"font-size: 11pt; color: black; font-family: Arial\">La arqueolog\u00eda de <st1:personname ProductID=\"La Sierra Gorda\" w:st=\"on\">la Sierra Gorda<\/st1:personname> comienza poco antes de la segunda mitad del siglo XIX, cuando cuatro ingenieros de minas reportan los vestigios arqueol\u00f3gicos que encuentran en sus recorridos por la sierra: el ingeniero John Phillips, de la compa\u00f1\u00eda Real del Monte, en 1848; Bartolom\u00e9 Ballesteros, de <st1:personname ProductID=\"la Sociedad Mexicana\" w:st=\"on\">la Sociedad Mexicana<\/st1:personname> de Geograf\u00eda y Estad\u00edstica, en 1872; Mariano B\u00e1rcena, de <st1:personname ProductID=\"la Escuela\" w:st=\"on\">la Escuela<\/st1:personname> de Ingenieros, en 1873; y Jos\u00e9 Mar\u00eda Reyes, tambi\u00e9n de <st1:personname ProductID=\"la Sociedad Mexicana\" w:st=\"on\">la Sociedad Mexicana<\/st1:personname> de Geograf\u00eda y Estad\u00edstica, en 1880. <o:p><\/o:p><\/span><span style=\"font-size: 11pt; color: black; font-family: Arial\"><o:p>\u00a0<\/o:p><\/span><\/p>\n<p style=\"margin: 0cm 0cm 0pt; text-align: justify\" class=\"MsoNormal\"><span style=\"font-size: 11pt; color: black; font-family: Arial\"><\/span><\/p>\n<p><span style=\"font-size: 11pt; color: black; font-family: Arial\">Este \u00faltimo organiz\u00f3 un expedici\u00f3n con apoyo del gobierno estatal, en la que particip\u00f3 el ingeniero Primer Pawell, a quien se debe el levantamiento de los primeros planos de las zonas arqueol\u00f3gicas de Ranas y Toluquilla. <o:p><\/o:p><\/span><span style=\"font-size: 11pt; color: black; font-family: Arial\"><o:p>\u00a0<\/o:p><\/span><\/p>\n<p style=\"margin: 0cm 0cm 0pt; text-align: justify\" class=\"MsoNormal\"><span style=\"font-size: 11pt; color: black; font-family: Arial\"><\/span><\/p>\n<p><span style=\"font-size: 11pt; color: black; font-family: Arial\">En su reporte, el ingeniero Reyes incluy\u00f3 las primeras fotograf\u00edas de los monumentos de esos sitios. Los hallazgos de <st1:personname ProductID=\"La Sierra Gorda\" w:st=\"on\">la Sierra Gorda<\/st1:personname> despertaron inter\u00e9s entre la comunidad cient\u00edfica de la \u00e9poca, pero fue hasta el siglo XX, en 1931, cuando el arque\u00f3logo Eduardo Noguera y el arquitecto Emilio Cuevas realizaron un recorrido por parte de Direcci\u00f3n de Monumentos Prehisp\u00e1nicos, de <st1:personname ProductID=\"la Secretar\u00eda\" w:st=\"on\">la Secretar\u00eda<\/st1:personname> de Agricultura y Fomento, con el objetivo de evaluar el estado de conservaci\u00f3n de ambas zonas.<o:p><\/o:p><\/span><span style=\"font-size: 11pt; color: black; font-family: Arial\"><o:p>\u00a0<\/o:p><\/span><\/p>\n<p style=\"margin: 0cm 0cm 0pt; text-align: justify\" class=\"MsoNormal\"><span style=\"font-size: 11pt; color: black; font-family: Arial\"><\/span><\/p>\n<p><span style=\"font-size: 11pt; color: black; font-family: Arial\">En 1939, el Instituto Panamericano de Geograf\u00eda e Historia public\u00f3 el Atlas de Arqueolog\u00eda de <st1:personname ProductID=\"la Rep\u00fablica Mexicana\" w:st=\"on\">la Rep\u00fablica Mexicana<\/st1:personname>; de los 27 sitios reportados para el estado de Quer\u00e9taro, 23 se localizan en <st1:personname ProductID=\"la Sierra Gorda.\" w:st=\"on\">la Sierra Gorda.<\/st1:personname> Al inicio de los setenta, <st1:personname ProductID=\"la Secretar\u00eda\" w:st=\"on\">la Secretar\u00eda<\/st1:personname> del Patrimonio Nacional public\u00f3 el trabajo interdisciplinario Miner\u00eda prehisp\u00e1nica en <st1:personname ProductID=\"la Sierra\" w:st=\"on\">la Sierra<\/st1:personname> de Quer\u00e9taro, coordinado por el ingeniero Adolphus Langenscheidt, el cual marc\u00f3 un hito en el estudio de la miner\u00eda prehisp\u00e1nica. <o:p><\/o:p><\/span><span style=\"font-size: 11pt; color: black; font-family: Arial\"><o:p>\u00a0<\/o:p><\/span><\/p>\n<p style=\"margin: 0cm 0cm 0pt; text-align: justify\" class=\"MsoNormal\"><span style=\"font-size: 11pt; color: black; font-family: Arial\"><\/span><\/p>\n<p><span style=\"font-size: 11pt; color: black; font-family: Arial\">Tambi\u00e9n en la d\u00e9cada de los setenta comenz\u00f3 el Proyecto Arqueol\u00f3gico-Minero de <st1:personname ProductID=\"La Sierra Gorda\" w:st=\"on\">la Sierra Gorda<\/st1:personname>, coordinado por quien esto escribe; con apoyo del inah y del gobierno del estado de Quer\u00e9taro se llevaron a cabo exploraciones estratigr\u00e1ficas, y con apoyo de la unam, los nuevos levantamientos de las zonas arqueol\u00f3gicas de Ranas y Toluquilla. <o:p><\/o:p><\/span><span style=\"font-size: 11pt; color: black; font-family: Arial\"><o:p>\u00a0<\/o:p><\/span><\/p>\n<p style=\"margin: 0cm 0cm 0pt; text-align: justify\" class=\"MsoNormal\"><span style=\"font-size: 11pt; color: black; font-family: Arial\"><\/span><\/p>\n<p><span style=\"font-size: 11pt; color: black; font-family: Arial\">Posteriormente, en la d\u00e9cada de los ochenta, se realizaron trabajos de consolidaci\u00f3n en ambas zonas, los que permitieron conocer las caracter\u00edsticas arquitect\u00f3nicas y parte del patr\u00f3n de asentamiento serrano. A partir de la d\u00e9cada de los ochenta dieron comienzo otros proyectos arqueol\u00f3gicos, con enfoques distintos, sobre el desarrollo cultural de <st1:personname ProductID=\"la Sierra Gorda.\" w:st=\"on\">la Sierra Gorda.<\/st1:personname> Como parte del proyecto \u201cAtlas Arqueol\u00f3gico\u201d del inah, se hizo el recuento de zonas arqueol\u00f3gicas del pa\u00eds; en el norte de Quer\u00e9taro se registraron m\u00e1s de 500 sitios. <o:p><\/o:p><\/span><span style=\"font-size: 11pt; color: black; font-family: Arial\"><o:p>\u00a0<\/o:p><\/span><\/p>\n<p style=\"margin: 0cm 0cm 0pt; text-align: justify\" class=\"MsoNormal\"><span style=\"font-size: 11pt; color: black; font-family: Arial\"><\/span><\/p>\n<p><span style=\"font-size: 11pt; color: black; font-family: Arial\">Con el Proyecto Arqueol\u00f3gico de los Valles de <st1:personname ProductID=\"La Sierra Gorda\" w:st=\"on\">la Sierra Gorda<\/st1:personname>, el arque\u00f3logo C\u00e9sar Quijada dio inicio al estudio del patr\u00f3n de asentamiento en el corredor intermontano entre R\u00edo Verde, San Luis Potos\u00ed, y Jalp\u00e1n, Quer\u00e9taro. La arque\u00f3loga Teresa Mu\u00f1oz estudia la cer\u00e1mica prehisp\u00e1nica, el patr\u00f3n de asentamiento y arquitectura en la parte norte del estado de Quer\u00e9taro, adem\u00e1s de sus v\u00ednculos con las regiones de R\u00edo Verde y <st1:personname ProductID=\"la Huasteca. El\" w:st=\"on\">la Huasteca. El<\/st1:personname> arque\u00f3logo Jorge Quiroz retom\u00f3 la investigaci\u00f3n en el \u00e1rea de los valles de <st1:personname ProductID=\"La Sierra Gorda\" w:st=\"on\">la Sierra Gorda<\/st1:personname>; con un enfoque interdisciplinario, se ocupa de la regi\u00f3n desde los cazadores-recolectores del Pleistoceno hasta la \u00e9poca colonial. <o:p><\/o:p><\/span><span style=\"font-size: 11pt; color: black; font-family: Arial\"><o:p>\u00a0<\/o:p><\/span><\/p>\n<p style=\"margin: 0cm 0cm 0pt; text-align: justify\" class=\"MsoNormal\"><span style=\"font-size: 11pt; color: black; font-family: Arial\"><\/span><\/p>\n<p><span style=\"font-size: 11pt; color: black; font-family: Arial\">Por su parte, los arque\u00f3logos Elizabeth Mej\u00eda y Alberto Herrera, del Centro INAH Quer\u00e9taro, han realizado investigaciones a lo largo de <st1:personname ProductID=\"La Sierra Gorda\" w:st=\"on\">la Sierra Gorda<\/st1:personname> y enfocado su inter\u00e9s en los \u00faltimos a\u00f1os en las zonas arqueol\u00f3gicas de Toluquilla y Ranas, respectivamente. Carlos Viramontes estudia a los recolectores-cazadores del semidesierto de Quer\u00e9taro, sub\u00e1rea cultural estrechamente vinculada con <st1:personname ProductID=\"la Sierra Gorda.\" w:st=\"on\">la Sierra Gorda.<\/st1:personname><o:p><\/o:p><\/span><span style=\"font-size: 11pt; color: black; font-family: Arial\"><o:p>\u00a0<\/o:p><\/span><strong><span style=\"font-size: 11pt; color: black; font-family: Arial\"><o:p>\u00a0<\/o:p><\/span><\/strong><strong><span style=\"font-size: 11pt; color: black; font-family: Arial\"><o:p>\u00a0<\/o:p><\/span><\/strong><strong><span style=\"font-size: 11pt; color: black; font-family: Arial\"><o:p>\u00a0<\/o:p><\/span><\/strong><strong><span style=\"font-size: 11pt; color: black; font-family: Arial\"><o:p>\u00a0<\/o:p><\/span><\/strong><\/p>\n","protected":false},"excerpt":{"rendered":"<p>El Mundo de La Sierra Gorda\u00a0\u00a0 \u00a0 La Sierra Gorda es un mundo de contrastes: paisajes imponentes de monta\u00f1as que esconden ricos minerales, bosques h\u00famedos de olorosa madera, pero a la vuelta del camino el chaparral espinudo se extiende en el horizonte. \u00a0 La vida es dura en las monta\u00f1as: hay fr\u00edo, lluvia y empinadas [&hellip;]<\/p>\n","protected":false},"author":249,"featured_media":0,"comment_status":"open","ping_status":"closed","sticky":false,"template":"","format":"standard","meta":{"footnotes":""},"categories":[4],"tags":[],"class_list":["post-1089","post","type-post","status-publish","format-standard","hentry","category-sierra-gorda"],"_links":{"self":[{"href":"http:\/\/eloficiodehistoriar.com.mx\/index.php?rest_route=\/wp\/v2\/posts\/1089","targetHints":{"allow":["GET"]}}],"collection":[{"href":"http:\/\/eloficiodehistoriar.com.mx\/index.php?rest_route=\/wp\/v2\/posts"}],"about":[{"href":"http:\/\/eloficiodehistoriar.com.mx\/index.php?rest_route=\/wp\/v2\/types\/post"}],"author":[{"embeddable":true,"href":"http:\/\/eloficiodehistoriar.com.mx\/index.php?rest_route=\/wp\/v2\/users\/249"}],"replies":[{"embeddable":true,"href":"http:\/\/eloficiodehistoriar.com.mx\/index.php?rest_route=%2Fwp%2Fv2%2Fcomments&post=1089"}],"version-history":[{"count":0,"href":"http:\/\/eloficiodehistoriar.com.mx\/index.php?rest_route=\/wp\/v2\/posts\/1089\/revisions"}],"wp:attachment":[{"href":"http:\/\/eloficiodehistoriar.com.mx\/index.php?rest_route=%2Fwp%2Fv2%2Fmedia&parent=1089"}],"wp:term":[{"taxonomy":"category","embeddable":true,"href":"http:\/\/eloficiodehistoriar.com.mx\/index.php?rest_route=%2Fwp%2Fv2%2Fcategories&post=1089"},{"taxonomy":"post_tag","embeddable":true,"href":"http:\/\/eloficiodehistoriar.com.mx\/index.php?rest_route=%2Fwp%2Fv2%2Ftags&post=1089"}],"curies":[{"name":"wp","href":"https:\/\/api.w.org\/{rel}","templated":true}]}}