{"id":1090,"date":"2008-08-09T08:28:31","date_gmt":"2008-08-09T13:28:31","guid":{"rendered":"https:\/\/eloficiodehistoriar.com.mx\/?p=1090"},"modified":"2008-08-09T09:40:38","modified_gmt":"2008-08-09T14:40:38","slug":"todo-sobre-la-sierra-gorda23","status":"publish","type":"post","link":"http:\/\/eloficiodehistoriar.com.mx\/?p=1090","title":{"rendered":"Todo sobre La Sierra Gorda&#8230;2\/3"},"content":{"rendered":"<p style=\"margin: 0cm 0cm 0pt\" class=\"MsoNormal\"><strong><span style=\"font-size: 11pt; color: black; font-family: Arial\"><\/span><\/strong><\/p>\n<p><strong><span style=\"font-size: 11pt; color: black; font-family: Arial\">La cultura serrana<\/span><\/strong><span style=\"font-size: 11pt; color: black; font-family: Arial\"><\/span><span style=\"font-size: 11pt; color: black; font-family: Arial\"><\/span><span style=\"font-size: 11pt; color: black; font-family: Arial\"><o:p><\/o:p><\/span><span style=\"font-size: 11pt; color: black; font-family: Arial\"><o:p>\u00a0<\/o:p><\/span><\/p>\n<p style=\"margin: 0cm 0cm 0pt; text-align: justify\" class=\"MsoNormal\"><span style=\"font-size: 11pt; color: black; font-family: Arial\"><\/span><\/p>\n<p><span style=\"font-size: 11pt; color: black; font-family: Arial\">El poblamiento de <st1:personname ProductID=\"La Sierra Gorda\" w:st=\"on\">la Sierra Gorda<\/st1:personname> se produjo hacia finales del Precl\u00e1sico por agricultores mesoamericanos procedentes de <st1:personname ProductID=\"la Costa\" w:st=\"on\">la Costa<\/st1:personname> del Golfo y del Altiplano, aunque, al parecer, la mayor parte proven\u00eda de las tierras bajas de la planicie costera, como resultado de un movimiento poblacional que emigr\u00f3 de la planicie costera y se repleg\u00f3 hacia las laderas y monta\u00f1as de <st1:personname ProductID=\"la Sierra Madre\" w:st=\"on\">la Sierra Madre<\/st1:personname> Oriental, desde el sur de Tamaulipas hasta el norte de Hidalgo. Esos agricultores colonizaron la sierra, se adaptaron a las condiciones ambientales y aprovecharon los recursos de la regi\u00f3n.<\/span><span style=\"font-size: 11pt; color: black; font-family: Arial\"><\/span><span style=\"font-size: 11pt; color: black; font-family: Arial\"><o:p><\/o:p><\/span><span style=\"font-size: 11pt; color: black; font-family: Arial\"><o:p>\u00a0<\/o:p><\/span><\/p>\n<p style=\"margin: 0cm 0cm 0pt; text-align: justify\" class=\"MsoNormal\"><span style=\"font-size: 11pt; color: black; font-family: Arial\"><\/span><\/p>\n<p style=\"margin: 0cm 0cm 0pt; text-align: justify\" class=\"MsoNormal\"><span style=\"font-size: 11pt; color: black; font-family: Arial\">La topograf\u00eda monta\u00f1osa oblig\u00f3 a los agricultores a cultivar los valles intermontanos, los planes y las laderas de los cerros, y desmontaron el bosque para aprovechar la tierra. El relieve monta\u00f1oso tambi\u00e9n los oblig\u00f3 a buscar fuentes de agua para asegurar el abasto de la poblaci\u00f3n. Los r\u00edos corren por ca\u00f1adas profundas y estrechas, que dificultan su aprovechamiento, no as\u00ed los manantiales y los peque\u00f1os cuerpos de agua y lagunetas, que fueron las fuentes m\u00e1s aprovechadas para el consumo diario.<br \/>\n<\/span><\/p>\n<p style=\"margin: 0cm 0cm 0pt; text-align: justify\" class=\"MsoNormal\"><span style=\"font-size: 11pt; color: black; font-family: Arial\"><\/span><\/p>\n<p style=\"margin: 0cm 0cm 0pt; text-align: justify\" class=\"MsoNormal\"><span style=\"font-size: 11pt; color: black; font-family: Arial\"><\/span><\/p>\n<p><span style=\"font-size: 11pt; color: black; font-family: Arial\">Entre los siglos VI al X d.C. se produjo e apogeo de <st1:personname ProductID=\"la Sierra Gorda.\" w:st=\"on\">la Sierra Gorda.<\/st1:personname><o:p><\/o:p><\/span><span style=\"font-size: 11pt; color: black; font-family: Arial\"><o:p>\u00a0<\/o:p><\/span><\/p>\n<p style=\"margin: 0cm 0cm 0pt; text-align: justify\" class=\"MsoNormal\"><span style=\"font-size: 11pt; color: black; font-family: Arial\"><\/span><\/p>\n<p style=\"margin: 0cm 0cm 0pt; text-align: justify\" class=\"MsoNormal\"><span style=\"font-size: 11pt; color: black; font-family: Arial\"><\/span><\/p>\n<p><span style=\"font-size: 11pt; color: black; font-family: Arial\">Para esta \u00e9poca, la poblaci\u00f3n serrana se hab\u00eda incrementado y el gran n\u00famero de asentamientos a lo largo de la sierra dan cuenta de un desarrollo exitoso, sustentado en una econom\u00eda basada en la agricultura y la miner\u00eda. Es el momento en el que surgen ciudades como Ranas y Toluquilla.<\/span><span style=\"font-size: 11pt; color: black; font-family: Arial\"><\/span><span style=\"font-size: 11pt; color: black; font-family: Arial\"><o:p><\/o:p><\/span><span style=\"font-size: 11pt; color: black; font-family: Arial\"><o:p>\u00a0<\/o:p><\/span><\/p>\n<p style=\"margin: 0cm 0cm 0pt; text-align: justify\" class=\"MsoNormal\"><span style=\"font-size: 11pt; color: black; font-family: Arial\"><\/span><\/p>\n<p><span style=\"font-size: 11pt; color: black; font-family: Arial\">Un desarrollo agr\u00edcola eficiente permiti\u00f3 cubrir las necesidades de la poblaci\u00f3n, que contaba para esa \u00e9poca con un complejo sistema de terrazas de cultivo sobre las laderas y en los pliegues de las monta\u00f1as, construidas por medio de muros de lajas y lodo, conocidos como \u201cpretiles\u201d, usados hoy d\u00eda por los campesinos, ya que controlan la erosi\u00f3n y retienen la humedad del suelo.<\/span><span style=\"font-size: 11pt; color: black; font-family: Arial\"><\/span><span style=\"font-size: 11pt; color: black; font-family: Arial\"><o:p><\/o:p><\/span><span style=\"font-size: 11pt; color: black; font-family: Arial\"><o:p>\u00a0<\/o:p><\/span><\/p>\n<p style=\"margin: 0cm 0cm 0pt; text-align: justify\" class=\"MsoNormal\"><span style=\"font-size: 11pt; color: black; font-family: Arial\"><\/span><\/p>\n<p><span style=\"font-size: 11pt; color: black; font-family: Arial\">Otro factor importante de la econom\u00eda serrana fue la miner\u00eda. \u00c9sta lleg\u00f3 a <st1:personname ProductID=\"La Sierra Gorda\" w:st=\"on\">la Sierra Gorda<\/st1:personname> durante el Precl\u00e1sico Superior, introducida por mineros conocedores del oficio, que desarrollaron y perfeccionaron la t\u00e9cnica de explotaci\u00f3n de los yacimientos, de acuerdo con las caracter\u00edsticas geol\u00f3gicas de la regi\u00f3n, donde el cinabrio (sulfuro de mercurio), entre otros minerales, desempe\u00f1\u00f3 un papel importante. <o:p><\/o:p><\/span><span style=\"font-size: 11pt; color: black; font-family: Arial\"><o:p>\u00a0<\/o:p><\/span><\/p>\n<p style=\"margin: 0cm 0cm 0pt; text-align: justify\" class=\"MsoNormal\"><span style=\"font-size: 11pt; color: black; font-family: Arial\"><\/span><\/p>\n<p><span style=\"font-size: 11pt; color: black; font-family: Arial\">Debe destacarse que la miner\u00eda, es decir, la actividad de detectar, excavar y extraer los minerales, inclu\u00eda una compleja cadena de tareas debidamente organizadas por el grupo en el poder, que, en una sociedad jerarquizada, era el que programaba las distintas etapas de trabajo: designaba el sitio de explotaci\u00f3n, asignaba tareas, abastec\u00eda suministros y, lo m\u00e1s importante, recolectaba el producto de la jornada para tasarlo, empacarlo y almacenarlo para su traslado de la mina a los almacenes, para, posteriormente, disponer del valioso producto en el intercambio de bienes suntuarios mediante las complejas redes de comercio local o a larga distancia.<o:p><\/o:p><\/span><span style=\"font-size: 11pt; color: black; font-family: Arial\"><o:p>\u00a0<\/o:p><\/span><\/p>\n<p style=\"margin: 0cm 0cm 0pt; text-align: justify\" class=\"MsoNormal\"><span style=\"font-size: 11pt; color: black; font-family: Arial\"><span><\/span><\/span><\/p>\n<p><span style=\"font-size: 11pt; color: black; font-family: Arial\"><span>\u00a0<\/span><st1:personname ProductID=\"La Sierra Gorda\" w:st=\"on\">La Sierra Gorda<\/st1:personname> debi\u00f3 cubrir buena parte de la demanda de pigmento rojo de cinabrio en el mercado mesoamericano.<\/span><span style=\"font-size: 11pt; color: black; font-family: Arial\"><\/span><span style=\"font-size: 11pt; color: black; font-family: Arial\"><o:p><\/o:p><\/span><span style=\"font-size: 11pt; color: black; font-family: Arial\"><o:p>\u00a0<\/o:p><\/span><\/p>\n<p style=\"margin: 0cm 0cm 0pt; text-align: justify\" class=\"MsoNormal\"><span style=\"font-size: 11pt; color: black; font-family: Arial\"><\/span><\/p>\n<p><span style=\"font-size: 11pt; color: black; font-family: Arial\">El patr\u00f3n de asentamiento en <st1:personname ProductID=\"La Sierra Gorda\" w:st=\"on\">la Sierra Gorda<\/st1:personname> estuvo determinado por la topograf\u00eda; los asentamientos se encuentran en la parte alta de los cerros, en las laderas o en puntos estrat\u00e9gicos como puertos, planes, ca\u00f1adas o divisaderos, que permit\u00edan el control de la regi\u00f3n. Es claro que tambi\u00e9n hubo una jerarqu\u00eda en los asentamientos, de acuerdo con su funci\u00f3n. <o:p><\/o:p><\/span><span style=\"font-size: 11pt; color: black; font-family: Arial\"><o:p>\u00a0<\/o:p><\/span><\/p>\n<p style=\"margin: 0cm 0cm 0pt; text-align: justify\" class=\"MsoNormal\"><span style=\"font-size: 11pt; color: black; font-family: Arial\"><\/span><\/p>\n<p><span style=\"font-size: 11pt; color: black; font-family: Arial\">As\u00ed, hab\u00eda desde los grandes centros de poder como Ranas y Toluquilla, con una estructura urbana bien planificada, hasta peque\u00f1as unidades de poblaci\u00f3n asociadas a las labores agr\u00edcolas, los campamentos mineros, la vigilancia (atalayas) y las garitas.<\/span><span style=\"font-size: 11pt; color: black; font-family: Arial\"><\/span><span style=\"font-size: 11pt; color: black; font-family: Arial\"><o:p><\/o:p><\/span><span style=\"font-size: 11pt; color: black; font-family: Arial\"><o:p>\u00a0<\/o:p><\/span><span style=\"font-size: 11pt; color: black; font-family: Arial\"><o:p>\u00a0<\/o:p><\/span><\/p>\n<p style=\"margin: 0cm 0cm 0pt; text-align: justify\" class=\"MsoNormal\"><strong><span style=\"font-size: 11pt; color: black; font-family: Arial\"><\/span><\/strong><\/p>\n<p><strong><span style=\"font-size: 11pt; color: black; font-family: Arial\">Arquitectura<\/span><\/strong><span style=\"font-size: 11pt; color: black; font-family: Arial\"><\/span><span style=\"font-size: 11pt; color: black; font-family: Arial\"><\/span><span style=\"font-size: 11pt; color: black; font-family: Arial\"><o:p><\/o:p><\/span><span style=\"font-size: 11pt; color: black; font-family: Arial\"><o:p>\u00a0<\/o:p><\/span><\/p>\n<p style=\"margin: 0cm 0cm 0pt; text-align: justify\" class=\"MsoNormal\"><span style=\"font-size: 11pt; color: black; font-family: Arial\"><\/span><\/p>\n<p><span style=\"font-size: 11pt; color: black; font-family: Arial\">La arquitectura adquiri\u00f3 entonces caracter\u00edsticas distintivas que se pueden observar en los centros urbanos mayores, donde la disposici\u00f3n de los basamentos piramidales y las estructuras de juego de pelota marcaban la pauta del desarrollo constructivo, y alrededor de las cuales se abr\u00edan las plazas y se dispon\u00edan los edificios administrativos y habitacionales. <o:p><\/o:p><\/span><span style=\"font-size: 11pt; color: black; font-family: Arial\"><o:p>\u00a0<\/o:p><\/span><\/p>\n<p style=\"margin: 0cm 0cm 0pt; text-align: justify\" class=\"MsoNormal\"><span style=\"font-size: 11pt; color: black; font-family: Arial\"><\/span><\/p>\n<p><span style=\"font-size: 11pt; color: black; font-family: Arial\">Las estructuras de planta rectangular y circular se combinaban en el entramado urbano y se manejaban el talud rematado por la cornisa volada, las escaleras semicirculares y los afloramientos de la roca madre del cerro, que se integraban al paisaje urbano; todos \u00e9stos son elementos distintivos de la arquitectura regional. <o:p><\/o:p><\/span><span style=\"font-size: 11pt; color: black; font-family: Arial\"><o:p>\u00a0<\/o:p><\/span><\/p>\n<p style=\"margin: 0cm 0cm 0pt; text-align: justify\" class=\"MsoNormal\"><span style=\"font-size: 11pt; color: black; font-family: Arial\"><\/span><\/p>\n<p><span style=\"font-size: 11pt; color: black; font-family: Arial\">Los serranos edificaron sus estructuras bajo ciertos patrones constructivos: nivelado el terreno, se apilaban piedras y tierra para formar el n\u00facleo del edificio y \u00e9ste se revest\u00eda con un muro de lajas trabajadas burdamente, para finalmente colocar una cubierta de lajas calizas bien careadas, unidas con mortero de arcilla. Las piedras eran colocadas cuidadosamente y no hay evidencia de que tuvieran una cubierta de estuco, como es usual en otros lugares de Mesoam\u00e9rica.<\/span><span style=\"font-size: 11pt; color: black; font-family: Arial\"><\/span><span style=\"font-size: 11pt; color: black; font-family: Arial\"><o:p><\/o:p><\/span><span style=\"font-size: 11pt; color: black; font-family: Arial\"><o:p>\u00a0<\/o:p><\/span><\/p>\n<p style=\"margin: 0cm 0cm 0pt; text-align: justify\" class=\"MsoNormal\"><span style=\"font-size: 11pt; color: black; font-family: Arial\"><\/span><\/p>\n<p><span style=\"font-size: 11pt; color: black; font-family: Arial\">Sin embargo, ser\u00eda un error pensar que lo que conocemos como Sierra Gorda, culturalmente hablando, sea una unidad homog\u00e9nea. <o:p><\/o:p><\/span><span style=\"font-size: 11pt; color: black; font-family: Arial\"><o:p>\u00a0<\/o:p><\/span><\/p>\n<p style=\"margin: 0cm 0cm 0pt; text-align: justify\" class=\"MsoNormal\"><span style=\"font-size: 11pt; color: black; font-family: Arial\"><\/span><\/p>\n<p><span style=\"font-size: 11pt; color: black; font-family: Arial\">Gracias a las recientes exploraciones arqueol\u00f3gicas se identifican subregiones, donde se marcan con mayor o menor intensidad los v\u00ednculos con las regiones culturales vecinas, como <st1:personname ProductID=\"la Huasteca\" w:st=\"on\">la Huasteca<\/st1:personname>, R\u00edo Verde, el Tunal Grande, o con algunos de los cazadores-recolectores del Altiplano norte, poblaciones con las que los agricultores-mineros de <st1:personname ProductID=\"La Sierra Gorda\" w:st=\"on\">la Sierra Gorda<\/st1:personname> mantuvieron relaci\u00f3n a lo largo de su historia. <o:p><\/o:p><\/span><span style=\"font-size: 11pt; color: black; font-family: Arial\"><o:p>\u00a0<\/o:p><\/span><\/p>\n<p style=\"margin: 0cm 0cm 0pt; text-align: justify\" class=\"MsoNormal\"><span style=\"font-size: 11pt; color: black; font-family: Arial\"><\/span><\/p>\n<p><span style=\"font-size: 11pt; color: black; font-family: Arial\">Es interesante resaltar que <st1:personname ProductID=\"La Sierra Gorda\" w:st=\"on\">la Sierra Gorda<\/st1:personname> mantuvo v\u00ednculos m\u00e1s estrechos con sus vecinos del oeste, norte y este, que con los pueblos del Altiplano, con quienes parece distanciarse.<o:p><\/o:p><\/span><span style=\"font-size: 11pt; color: black; font-family: Arial\"><o:p>\u00a0<\/o:p><\/span><span style=\"font-size: 11pt; color: black; font-family: Arial\"><o:p>\u00a0<\/o:p><\/span><span style=\"font-size: 11pt; color: black; font-family: Arial\"><o:p>\u00a0<\/o:p><\/span><\/p>\n<p style=\"margin: 0cm 0cm 0pt; text-align: justify\" class=\"MsoNormal\"><strong><span style=\"font-size: 11pt; color: black; font-family: Arial\"><\/span><\/strong><\/p>\n<p><strong><span style=\"font-size: 11pt; color: black; font-family: Arial\">Enterramientos<\/span><\/strong><span style=\"font-size: 11pt; color: black; font-family: Arial\"><\/span><span style=\"font-size: 11pt; color: black; font-family: Arial\"><\/span><span style=\"font-size: 11pt; color: black; font-family: Arial\"><o:p><\/o:p><\/span><span style=\"font-size: 11pt; color: black; font-family: Arial\"><o:p>\u00a0<\/o:p><\/span><\/p>\n<p style=\"margin: 0cm 0cm 0pt; text-align: justify\" class=\"MsoNormal\"><span style=\"font-size: 11pt; color: black; font-family: Arial\"><\/span><\/p>\n<p><span style=\"font-size: 11pt; color: black; font-family: Arial\">Poco hemos podido avanzar en el conocimiento del pensamiento m\u00e1gico-religioso de la poblaci\u00f3n serrana, pues no han llegado hasta nosotros los elementos iconogr\u00e1ficos que permitan identificar cu\u00e1les eran sus deidades m\u00e1s importantes, su calendario religioso, sus festividades, etc. <o:p><\/o:p><\/span><span style=\"font-size: 11pt; color: black; font-family: Arial\"><o:p>\u00a0<\/o:p><\/span><\/p>\n<p style=\"margin: 0cm 0cm 0pt; text-align: justify\" class=\"MsoNormal\"><span style=\"font-size: 11pt; color: black; font-family: Arial\"><\/span><\/p>\n<p><span style=\"font-size: 11pt; color: black; font-family: Arial\">Sin embargo, se observa en el sistema funerario de los serranos el concepto de la vida m\u00e1s all\u00e1 de la muerte. Algunos de los entierros se encuentran asociados a elementos constructivos: al interior de casas habitaci\u00f3n, a los templos, como ofrenda a la construcci\u00f3n en los muros de contenci\u00f3n de grandes plataformas, asociados a las estructuras de juego de pelota, etc. <o:p><\/o:p><\/span><span style=\"font-size: 11pt; color: black; font-family: Arial\"><o:p>\u00a0<\/o:p><\/span><\/p>\n<p style=\"margin: 0cm 0cm 0pt; text-align: justify\" class=\"MsoNormal\"><span style=\"font-size: 11pt; color: black; font-family: Arial\"><\/span><\/p>\n<p><span style=\"font-size: 11pt; color: black; font-family: Arial\">Los individuos, algunos de ellos sacrificados, eran amortajados en posici\u00f3n flexionada (fetal), con los brazos por debajo de las rodillas o cruzados sobre el pecho. Los bultos mortuorios eran depositados sobre el terreno acompa\u00f1ados por una vasija que posiblemente conten\u00eda alg\u00fan alimento; despu\u00e9s eran cubiertos de tierra y encima se colocaba una cubierta de piedras y m\u00e1s tierra, para sellar el piso. La mayor parte de los enterramientos localizados hasta ahora son entierros m\u00faltiples.<\/span><span style=\"font-size: 11pt; color: black; font-family: Arial\"><\/span><span style=\"font-size: 11pt; color: black; font-family: Arial\"><o:p><\/o:p><\/span><span style=\"font-size: 11pt; color: black; font-family: Arial\"><o:p>\u00a0<\/o:p><\/span><\/p>\n<p style=\"margin: 0cm 0cm 0pt\" class=\"MsoNormal\"><strong><span style=\"font-size: 11pt; color: black; font-family: Arial\"><\/span><\/strong><\/p>\n<p><strong><span style=\"font-size: 11pt; color: black; font-family: Arial\">La fluctuaci\u00f3n de la frontera norte de Mesoam\u00e9rica<\/span><\/strong><span style=\"font-size: 11pt; color: black; font-family: Arial\"><\/span><span style=\"font-size: 11pt; color: black; font-family: Arial\"><\/span><span style=\"font-size: 11pt; color: black; font-family: Arial\"><o:p><\/o:p><\/span><span style=\"font-size: 11pt; color: black; font-family: Arial\"><o:p>\u00a0<\/o:p><\/span><\/p>\n<p style=\"margin: 0cm 0cm 0pt; text-align: justify\" class=\"MsoNormal\"><span style=\"font-size: 11pt; color: black; font-family: Arial\"><\/span><\/p>\n<p><span style=\"font-size: 11pt; color: black; font-family: Arial\">Hacia el siglo XI de nuestra era, <st1:personname ProductID=\"La Sierra Gorda\" w:st=\"on\">la Sierra Gorda<\/st1:personname> experiment\u00f3 el colapso que puso fin al desarrollo serrano. En el desplome de <st1:personname ProductID=\"La Sierra Gorda\" w:st=\"on\">la Sierra Gorda<\/st1:personname> debi\u00f3 intervenir una acumulaci\u00f3n de factores, que a lo largo de los siguientes 350 a\u00f1os afect\u00f3 a todos los pueblos de la frontera norte. <o:p><\/o:p><\/span><span style=\"font-size: 11pt; color: black; font-family: Arial\"><o:p>\u00a0<\/o:p><\/span><\/p>\n<p style=\"margin: 0cm 0cm 0pt; text-align: justify\" class=\"MsoNormal\"><span style=\"font-size: 11pt; color: black; font-family: Arial\"><\/span><\/p>\n<p><span style=\"font-size: 11pt; color: black; font-family: Arial\">Pedro Armillas atribuye la contracci\u00f3n de la frontera a cambios clim\u00e1ticos al final del primer milenio, mientras que Enrique Nalda se\u00f1ala que se debi\u00f3 a fen\u00f3menos sociales por modificaciones en las estructuras internas de la sociedad, esto en la parte sur del Baj\u00edo. <o:p><\/o:p><\/span><span style=\"font-size: 11pt; color: black; font-family: Arial\"><o:p>\u00a0<\/o:p><\/span><\/p>\n<p style=\"margin: 0cm 0cm 0pt; text-align: justify\" class=\"MsoNormal\"><st1:personname ProductID=\"La Sierra Gorda\" w:st=\"on\"><span style=\"font-size: 11pt; color: black; font-family: Arial\">\u00a0<\/span><\/st1:personname><\/p>\n<p><st1:personname ProductID=\"La Sierra Gorda\" w:st=\"on\"><span style=\"font-size: 11pt; color: black; font-family: Arial\">La Sierra Gorda<\/span><\/st1:personname><span style=\"font-size: 11pt; color: black; font-family: Arial\"> sufri\u00f3 e embate de los cambios y el efecto de ello fue el abandono de la regi\u00f3n, lo que posiblemente ocurri\u00f3 de forma gradual. Las evidencias arqueol\u00f3gicas en Ranas y Toluquilla muestran un abandono ordenado, sin violencia por parte de la elite gobernante, mientras que los agricultores y mineros estuvieron arraigados en la regi\u00f3n alg\u00fan tiempo m\u00e1s, hasta el avance de los pueblos cazadores-recolectores que merodeaban por <st1:personname ProductID=\"la Sierra\" w:st=\"on\">la Sierra<\/st1:personname> y que se adue\u00f1aron de las tierras de los antiguos agricultores y lograron desplazarlos. <o:p><\/o:p><\/span><span style=\"font-size: 11pt; color: black; font-family: Arial\"><o:p>\u00a0<\/o:p><\/span><\/p>\n<p style=\"margin: 0cm 0cm 0pt; text-align: justify\" class=\"MsoNormal\"><span style=\"font-size: 11pt; color: black; font-family: Arial\"><\/span><\/p>\n<p><span style=\"font-size: 11pt; color: black; font-family: Arial\">Se cierra as\u00ed un cap\u00edtulo de la historia serrana. A los nuevos pobladores de <st1:personname ProductID=\"La Sierra Gorda\" w:st=\"on\">la Sierra Gorda<\/st1:personname> y sus contornos se les conoce en las fuentes hist\u00f3ricas coloniales como \u201cchichimecas\u201d, t\u00e9rmino gen\u00e9rico dado a los grupos de cazadores-recolectores del norte. En el caso de la poblaci\u00f3n chichimeca de <st1:personname ProductID=\"La Sierra Gorda\" w:st=\"on\">la Sierra Gorda<\/st1:personname>, las fuentes mencionan a los ximpeces, pames y jonaces. <o:p><\/o:p><\/span><span style=\"font-size: 11pt; color: black; font-family: Arial\"><o:p>\u00a0<\/o:p><\/span><\/p>\n<p style=\"margin: 0cm 0cm 0pt; text-align: justify\" class=\"MsoNormal\"><span style=\"font-size: 11pt; color: black; font-family: Arial\"><\/span><\/p>\n<p><span style=\"font-size: 11pt; color: black; font-family: Arial\">Los pames y jonaces eran pueblos otomianos (quiz\u00e1 tambi\u00e9n los ximpeces) pertenecientes al tronco ling\u00fc\u00edstico otomangue; seg\u00fan los estudios ling\u00fc\u00edsticos, tanto la lengua pame y sus dialectos como el chichimeco-jonaz est\u00e1n estrechamen-te emparentados, aunque culturalmente presentaban diferencias. Para los siglos XVII y XVIII los pames ocupaban el sector oriental de la sierra y los jonaces se distribu\u00edan por la parte occidental.<\/span><span style=\"font-size: 11pt; color: black; font-family: Arial\"><\/span><span style=\"font-size: 11pt; color: black; font-family: Arial\"><o:p><\/o:p><\/span><span style=\"font-size: 11pt; color: black; font-family: Arial\"><o:p>\u00a0<\/o:p><\/span><\/p>\n","protected":false},"excerpt":{"rendered":"<p>La cultura serrana\u00a0 El poblamiento de la Sierra Gorda se produjo hacia finales del Precl\u00e1sico por agricultores mesoamericanos procedentes de la Costa del Golfo y del Altiplano, aunque, al parecer, la mayor parte proven\u00eda de las tierras bajas de la planicie costera, como resultado de un movimiento poblacional que emigr\u00f3 de la planicie costera y [&hellip;]<\/p>\n","protected":false},"author":249,"featured_media":0,"comment_status":"open","ping_status":"closed","sticky":false,"template":"","format":"standard","meta":{"footnotes":""},"categories":[4],"tags":[],"class_list":["post-1090","post","type-post","status-publish","format-standard","hentry","category-sierra-gorda"],"_links":{"self":[{"href":"http:\/\/eloficiodehistoriar.com.mx\/index.php?rest_route=\/wp\/v2\/posts\/1090","targetHints":{"allow":["GET"]}}],"collection":[{"href":"http:\/\/eloficiodehistoriar.com.mx\/index.php?rest_route=\/wp\/v2\/posts"}],"about":[{"href":"http:\/\/eloficiodehistoriar.com.mx\/index.php?rest_route=\/wp\/v2\/types\/post"}],"author":[{"embeddable":true,"href":"http:\/\/eloficiodehistoriar.com.mx\/index.php?rest_route=\/wp\/v2\/users\/249"}],"replies":[{"embeddable":true,"href":"http:\/\/eloficiodehistoriar.com.mx\/index.php?rest_route=%2Fwp%2Fv2%2Fcomments&post=1090"}],"version-history":[{"count":0,"href":"http:\/\/eloficiodehistoriar.com.mx\/index.php?rest_route=\/wp\/v2\/posts\/1090\/revisions"}],"wp:attachment":[{"href":"http:\/\/eloficiodehistoriar.com.mx\/index.php?rest_route=%2Fwp%2Fv2%2Fmedia&parent=1090"}],"wp:term":[{"taxonomy":"category","embeddable":true,"href":"http:\/\/eloficiodehistoriar.com.mx\/index.php?rest_route=%2Fwp%2Fv2%2Fcategories&post=1090"},{"taxonomy":"post_tag","embeddable":true,"href":"http:\/\/eloficiodehistoriar.com.mx\/index.php?rest_route=%2Fwp%2Fv2%2Ftags&post=1090"}],"curies":[{"name":"wp","href":"https:\/\/api.w.org\/{rel}","templated":true}]}}