{"id":11406,"date":"2015-04-01T23:26:40","date_gmt":"2015-04-02T05:26:40","guid":{"rendered":"https:\/\/eloficiodehistoriar.com.mx\/?p=11406"},"modified":"2015-04-01T23:26:40","modified_gmt":"2015-04-02T05:26:40","slug":"catedral-restaurada","status":"publish","type":"post","link":"http:\/\/eloficiodehistoriar.com.mx\/?p=11406","title":{"rendered":"Catedral restaurada"},"content":{"rendered":"<p class=\"ecxMsoNormal\"><b>Catedral restaurada<\/b><\/p>\n<p class=\"ecxMsoNormal\"><b>El Obispo Veracruz Luis Felipe Gallardo,\u00a0 acompa\u00f1ado del gobernador del estado, el presidente municipal de Veracruz y del patronato inaugur\u00f3 la restauraci\u00f3n de La Catedral del puerto, con la celebraci\u00f3n de una misa y un concierto con la sinf\u00f3nica de Xalapa<\/b><\/p>\n<p class=\"ecxMsoNormal\"><b>Se invirtieron 25 millones de pesos, en dos etapas<\/b><\/p>\n<p class=\"ecxMsoNormal\"><b>Tere Malpica seguir\u00e1 el frente del Consejo Rescatemos Catedral<\/b><\/p>\n<p class=\"ecxMsoNormal\"><b>Misa y posterior concierto de Orquesta Sinf\u00f3nica de Xalapa<\/b><\/p>\n<p class=\"ecxMsoNormal\">La Catedral de Nuestra Se\u00f1ora de la Asunci\u00f3n celebrar\u00e1 la Pasi\u00f3n, Muerte y Resurrecci\u00f3n de nuestro se\u00f1or Jesucristo con las siguientes actividades encaminadas a la reflexi\u00f3n por la Semana Santa.<\/p>\n<p class=\"ecxMsoNormal\">El Jueves 02 de abril (Jueves Santo) se celebrar\u00e1 la misa crismal a las 10:00 de la ma\u00f1ana en donde sacerdotes renovar\u00e1n su fe y sus promesas ante el se\u00f1or. Asimismo por la tarde, a las 6 pm se realizar\u00e1 el tradicional lavatorio de pies.<\/p>\n<p class=\"ecxMsoNormal\">Mientras que el Viernes 03 de abril (Viernes Santo), a las 9 de la ma\u00f1ana se realizar\u00e1 el viacrucis en donde se comprende salir del callej\u00f3n de Zamora entre 5 de Mayo e Independencia para concluir en la Catedral al celebrar las 7 palabras.<\/p>\n<p class=\"ecxMsoNormal\">Por la tarde, a las 4:30 pm se lleva a cabo la acci\u00f3n lit\u00fargica, posteriormente la procesi\u00f3n del silencio a las 6 de la tarde.<\/p>\n<p class=\"ecxMsoNormal\">Para el s\u00e1bado 04 de abril (S\u00e1bado de Gloria), se concluye a las 9 de la noche con la ceremonia de la solemne Vigilia Pascual.<\/p>\n<p class=\"ecxMsoNormal\">PARROQUIA NUESTRA SE\u00d1ORA DE SANTA ANA<\/p>\n<p class=\"ecxMsoNormal\">Mientras que en la Iglesia de Nuestra Se\u00f1ora de Santa Ana en el municipio de Boca del R\u00edo se tienen las siguientes actividades durante la Semana Santa, as\u00ed como pl\u00e1ticas para ni\u00f1os, adolescentes y adultos para recordar la verdadera causa de estas fechas.<\/p>\n<p class=\"ecxMsoNormal\">A las 10 de la ma\u00f1ana se realizar\u00e1 la misa crismal y renovaci\u00f3n de promesas sacerdotales en la catedral de Veracruz. Posteriormente a las 7:30 de la tarde se har\u00e1 el Lavatorio de Pies y de 9:00 PM a 6:00 AM se tendr\u00e1 la adoraci\u00f3n al Sant\u00edsimo.<\/p>\n<p class=\"ecxMsoNormal\">Para el Viernes Santo se realizar\u00e1 el viacrucis a las 9 de la ma\u00f1ana partiendo de la iglesia para regresar nuevamente a la misma. Posteriormente a las 7 de la tarde se realizar\u00e1 la marcha del silencio diocesana en la que han sido invitadas todas las iglesias de la comunidad en el Parque Ciriaco V\u00e1zquez.<\/p>\n<p class=\"ecxMsoNormal\">El S\u00e1bado Santo se realizar\u00e1 la Vigilia Pascual a las 9 de la noche y el Domingo de Resurrecci\u00f3n donde se celebrar\u00e1n misas de 7:00 am y 10:00 am, 12 del d\u00eda, 6:00 pm y 7:30 pm.<\/p>\n<p class=\"ecxMsoNormal\">*Se invirtieron 25 millones de pesos, en dos etapas<\/p>\n<p class=\"ecxMsoNormal\">*Tere Malpica seguir\u00e1 el frente del Consejo Rescatemos Catedral<\/p>\n<p class=\"ecxMsoNormal\">*Misa y posterior concierto de Orquesta Sinf\u00f3nica de Xalapa<\/p>\n<p class=\"ecxMsoNormal\">Rub\u00e9n Licona V\u00e1zquez<\/p>\n<p class=\"ecxMsoNormal\">\u00a0El Dictamen<\/p>\n<p class=\"ecxMsoNormal\">En un marco emotivo, precedido de solemne misa y un concierto de la Orquesta Sinf\u00f3nica de Xalapa, el gobernador Javier Duarte de Ochoa, el obispo de Veracruz, Luis Felipe Gallardo Mart\u00edn del Campo y la se\u00f1ora Tere Malpica de Estand\u00eda, develaron la placa alusiva a la entrega de los trabajos de restauraci\u00f3n de la Catedral Nuestra Se\u00f1ora de la Asunci\u00f3n.<\/p>\n<p class=\"ecxMsoNormal\">Con ello, se subray\u00f3 all\u00ed, concluyeron 8 a\u00f1os de acciones, esfuerzos, trabajos de restauraci\u00f3n que hoy hacen lucir una nueva imagen de la principal iglesia de la ciudad.<\/p>\n<p class=\"ecxMsoNormal\">Fueron dos etapas para su remodelaci\u00f3n con una inversi\u00f3n total de 25 millones de pesos. La primera fase del trabajo exterior y la c\u00fapula concluy\u00f3 en diciembre del 2011.<\/p>\n<p class=\"ecxMsoNormal\">Y la segunda etapa consistente en remodelaci\u00f3n interior, repellos, cambio de ventanas, climatizaci\u00f3n, fue concluida unas semanas atr\u00e1s.<\/p>\n<p class=\"ecxMsoNormal\">La eucarist\u00eda para celebrar la entrega inici\u00f3 a las 19:00 horas, con la presencia de la feligres\u00eda que llen\u00f3 la catedral.<\/p>\n<p class=\"ecxMsoNormal\">Al concluir la concelebraci\u00f3n, la Orquesta Sinf\u00f3nica de Xalapa ofreci\u00f3 un concierto por m\u00e1s de una hora, con las Cuatro Estaciones de Vivaldi, el cual fue presenciado por el gobernador Javier Duarte de Ochoa, su esposa Karime Mac\u00edas Tubilla; el alcalde Ram\u00f3n Poo Gil, su esposa Maricruz Barreda de Poo; el padre V\u00edctor Manuel D\u00edaz Mendoza, p\u00e1rroco de la Catedral, la se\u00f1ora Tere Malpica de Estand\u00eda, presidenta de la Fundaci\u00f3n Rescatemos Catedral, su esposo Anselmo Estand\u00eda Colom y la se\u00f1ora Cecilia Ochoa de Duarte, madre del gobernador, Harry Grappa Guzm\u00e1n, secretario de Turismo.<\/p>\n<p class=\"ecxMsoNormal\">La develaci\u00f3n de la placa instalada en las paredes exteriores de la parroquia, congreg\u00f3 tambi\u00e9n a la feligres\u00eda.<\/p>\n<p class=\"ecxMsoNormal\">All\u00ed, Tere Malpica de Estand\u00eda resalt\u00f3 el trabajo arduo realizado por los integrantes del comit\u00e9, por los sacerdotes, y con los respaldos econ\u00f3micos de los gobiernos estatal y federal, a trav\u00e9s de Conaculta.<\/p>\n<p class=\"ecxMsoNormal\">Destac\u00f3 su decisi\u00f3n tomada durante la misa, de permanecer en las acciones para continuar trabajando en favor de esta Catedral con m\u00e1s de 300 a\u00f1os de historia, y hoy con una nueva imagen a la altura de la importancia de Veracruz.<\/p>\n<p class=\"ecxMsoNormal\">Resalt\u00f3 la labor del arquitecto Jos\u00e9 \u00c1ngel Arandia, quien estuvo a cargo de la remodelaci\u00f3n.<\/p>\n<p class=\"ecxMsoNormal\">Ahora, expuso, vendr\u00e1n otras tareas para seguir embelleciendo catedral.<\/p>\n<p class=\"ecxMsoNormal\">\n<p class=\"ecxMsoNormal\">Por su parte, el obispo de Veracruz, consider\u00f3 que hoy Nuestra Se\u00f1ora de la Asunci\u00f3n est\u00e1 completamente restaurada, \u201cluce acogedora, hermosa, para extasiarse en la contemplaci\u00f3n y pedir a Dios porque la mantenga en perfectas condiciones\u201d.<\/p>\n<p class=\"ecxMsoNormal\">Concluye formalmente rehabilitaci\u00f3n de la Catedral de Veracruz<\/p>\n<p class=\"ecxMsoNormal\">La presidenta del Patronato para el Rescate de la Catedral de Veracruz, Tere Malpica de Estand\u00eda, inform\u00f3 este mi\u00e9rcoles en rueda de prensa que concluy\u00f3 la segunda etapa de los trabajos de rehabilitaci\u00f3n del recinto cat\u00f3lico, mismos que tuvieron un costo de ocho millones de pesos.<\/p>\n<p class=\"ecxMsoNormal\">Dijo ser\u00e1 el pr\u00f3ximo s\u00e1bado cuando se devele una placa conmemorativa a los trabajos de rehabilitaci\u00f3n y preservaci\u00f3n, mismas que iniciaron en 2007 con el rescate de una de las capillas al interior.<\/p>\n<p class=\"ecxMsoNormal\">El monto total invertido en la rehabilitaci\u00f3n de la Catedral de Veracruz fue de 25 millones de pesos, mismo que se logr\u00f3 gracias a partidas otorgadas por los tres niveles de gobierno y la sociedad veracruzana.<\/p>\n<p class=\"ecxMsoNormal\">La tarea no termina all\u00ed, explic\u00f3, pues ahora se planea la recaudaci\u00f3n de ocho millones de pesos m\u00e1s para la adquisici\u00f3n de un edificio contiguo a la catedral y que en \u00e9pocas pasadas perteneci\u00f3 al templo.<\/p>\n<p class=\"ecxMsoNormal\">\u201cComo pueden ver all\u00ed hab\u00eda una puerta que comunicaba al edificio que existe ahora ac\u00e1 atr\u00e1s, sabemos que pertenece a una Familia Mu\u00f1oz que est\u00e1 en disposici\u00f3n de vendernos, s\u00f3lo falta tener el dinero, all\u00ed ser\u00edan las oficinas t eso permitir\u00eda el rescate total del atrio de la Catedral\u201d, puntualiz\u00f3.<\/p>\n","protected":false},"excerpt":{"rendered":"<p>Catedral restaurada El Obispo Veracruz Luis Felipe Gallardo,\u00a0 acompa\u00f1ado del gobernador del estado, el presidente municipal de Veracruz y del patronato inaugur\u00f3 la restauraci\u00f3n de La Catedral del puerto, con la celebraci\u00f3n de una misa y un concierto con la sinf\u00f3nica de Xalapa Se invirtieron 25 millones de pesos, en dos etapas Tere Malpica seguir\u00e1 [&hellip;]<\/p>\n","protected":false},"author":249,"featured_media":11407,"comment_status":"open","ping_status":"closed","sticky":false,"template":"","format":"standard","meta":{"footnotes":""},"categories":[26],"tags":[],"class_list":["post-11406","post","type-post","status-publish","format-standard","has-post-thumbnail","hentry","category-mundo"],"_links":{"self":[{"href":"http:\/\/eloficiodehistoriar.com.mx\/index.php?rest_route=\/wp\/v2\/posts\/11406","targetHints":{"allow":["GET"]}}],"collection":[{"href":"http:\/\/eloficiodehistoriar.com.mx\/index.php?rest_route=\/wp\/v2\/posts"}],"about":[{"href":"http:\/\/eloficiodehistoriar.com.mx\/index.php?rest_route=\/wp\/v2\/types\/post"}],"author":[{"embeddable":true,"href":"http:\/\/eloficiodehistoriar.com.mx\/index.php?rest_route=\/wp\/v2\/users\/249"}],"replies":[{"embeddable":true,"href":"http:\/\/eloficiodehistoriar.com.mx\/index.php?rest_route=%2Fwp%2Fv2%2Fcomments&post=11406"}],"version-history":[{"count":1,"href":"http:\/\/eloficiodehistoriar.com.mx\/index.php?rest_route=\/wp\/v2\/posts\/11406\/revisions"}],"predecessor-version":[{"id":11408,"href":"http:\/\/eloficiodehistoriar.com.mx\/index.php?rest_route=\/wp\/v2\/posts\/11406\/revisions\/11408"}],"wp:featuredmedia":[{"embeddable":true,"href":"http:\/\/eloficiodehistoriar.com.mx\/index.php?rest_route=\/wp\/v2\/media\/11407"}],"wp:attachment":[{"href":"http:\/\/eloficiodehistoriar.com.mx\/index.php?rest_route=%2Fwp%2Fv2%2Fmedia&parent=11406"}],"wp:term":[{"taxonomy":"category","embeddable":true,"href":"http:\/\/eloficiodehistoriar.com.mx\/index.php?rest_route=%2Fwp%2Fv2%2Fcategories&post=11406"},{"taxonomy":"post_tag","embeddable":true,"href":"http:\/\/eloficiodehistoriar.com.mx\/index.php?rest_route=%2Fwp%2Fv2%2Ftags&post=11406"}],"curies":[{"name":"wp","href":"https:\/\/api.w.org\/{rel}","templated":true}]}}