{"id":11425,"date":"2015-04-10T15:29:42","date_gmt":"2015-04-10T21:29:42","guid":{"rendered":"https:\/\/eloficiodehistoriar.com.mx\/?p=11425"},"modified":"2015-04-10T15:29:42","modified_gmt":"2015-04-10T21:29:42","slug":"al-cobijo-de-la-musica-se-desliza-el-fragor-de-la-existencia","status":"publish","type":"post","link":"http:\/\/eloficiodehistoriar.com.mx\/?p=11425","title":{"rendered":"Al cobijo de la m\u00fasica se desliza el fragor de la existencia\u201d"},"content":{"rendered":"<p class=\"ecxMsoNormal\" align=\"center\"><b>\u201cAl cobijo de la m\u00fasica se desliza el fragor de la existencia\u201d<\/b><\/p>\n<p class=\"ecxMsoNormal\">Proceso-<\/p>\n<p class=\"ecxMsoNormal\">\u201cAl cobijo de la m\u00fasica se desliza el fragor de la existencia\u201d sol\u00eda decirme Julio Scherer Garc\u00eda. Y ahora, con los o\u00eddos de la memoria anegados por su ausencia, s\u00f3lo atino a evocar un caracol lleno de auroras. Necesito acercarlo hasta mi oreja para poder escuchar los giros del tiempo que se transforman en luz. Despu\u00e9s he de cerrar los ojos para lograr percibir en sus c\u00edrculos las mareas donde naci\u00f3 la vida, el sonido y las palabras. \u00c9stas, \u201chijas del hombre\u201d, como \u00e9l ya hab\u00eda dilucidado son, tal vez, el asidero para tratar de arrancarme alguna evocaci\u00f3n. Desfilan la voluta y el s\u00edmbolo. Braman los rumores y el silencio. Amaga el tiempo que nos vive y nos supera. Y al final, la memoria, terca como \u00e9l la defini\u00f3 y para m\u00ed la a\u00f1oranza, como el \u00faltimo de los bienes terrenales.<\/p>\n<p class=\"ecxMsoNormal\">Heme pues, demediado con las invocaciones sin tregua, tratando de darle coherencia a los recuerdos. Mi vida \u00edntegra estuvo imbricada con la suya e, invariablemente, la m\u00fasica fue el puente que abr\u00eda la comunicaci\u00f3n y que nos llevaba, sin tapujos ni inhibiciones, hacia los temas m\u00e1s \u00edntimos de nuestras propias vidas. Surge as\u00ed, espont\u00e1nea, la primera remembranza compartida:<\/p>\n<p class=\"ecxMsoNormal\">Cursaba yo el quinto grado de primaria cuando fui requerido para hacer una tarea de historia. La recuerdo con claridad, era sobre la cultura madre de Mesoam\u00e9rica. \u00bfC\u00f3mo podr\u00eda haberla olvidarlo si hubo de convertirse, as\u00ed se lo confes\u00e9, en una fuente de laceraciones? Le\u00ed lo pertinente en la biblioteca paterna redactando despu\u00e9s una s\u00edntesis. No escatim\u00e9 esfuerzo. La frase de apertura hab\u00eda fluido con relativa facilidad y para mi inexperiencia sonaba bien, es m\u00e1s, me sent\u00eda orgulloso de ella: \u201cDentro del ancho mundo de los florecimientos culturales los Olmecas ocupan un lugar destacado\u2026\u201d Cuando mi padre regres\u00f3 a casa fui asaltado por aquella impaciencia infantil que ardorosamente buscaba su aprobaci\u00f3n. Concluida la lectura, mi progenitor, m\u00e9dico de cabecera de la familia Scherer Ibarra, frunci\u00f3 el se\u00f1o y profiri\u00f3 cortante:<\/p>\n<p class=\"ecxMsoNormal\">\u2014 \u00bfDe d\u00f3nde lo copiaste?<\/p>\n<p class=\"ecxMsoNormal\">\u2014 De ning\u00fan lado, pap\u00e1, yo lo escrib\u00ed, afirm\u00e9 con voz quebradiza.<\/p>\n<p class=\"ecxMsoNormal\">\u2014Esto jam\u00e1s pudiste haberlo escrito t\u00fa\u2026<\/p>\n<p class=\"ecxMsoNormal\">En luminosa contraposici\u00f3n, el siguiente recuerdo que me habita contiene al gran periodista como a una figura paterna, indubitablemente m\u00e1s ben\u00e9vola, pero asimismo descomunal:<\/p>\n<p class=\"ecxMsoNormal\">Por una lectura fortuita me hab\u00eda enterado, en la misma \u00e9poca de la invasi\u00f3n a Irak orquestada desde Washington por el execrable Bush Jr., <b>que Mozart hab\u00eda concluido su \u00f3pera Mitridate, musicalizando unos versos que dec\u00edan: No cedamos al Capitolio, \/resistamos a aquel orgullo \/que no ha sabido contenerse a\u00fan. \/Siempre guerra y jam\u00e1s paz. \/Hay entre nosotros un altanero energ\u00fameno \/que pretende al mundo entero \/privar de su libertad<\/b>. Me parec\u00eda que el paralelismo se perfilaba n\u00edtido y que era aconsejable convertirlo en una nota informativa. Corr\u00ed exaltado con un esbozo escrito a su morada, \u00e9l era el \u00fanico que pod\u00eda darme un parecer objetivo. Ley\u00f3 con detenimiento y al t\u00e9rmino de la primera cuartilla, con una sonrisa en el semblante, sentenci\u00f3: \u201cMe gusta mucho, Samuelacho, ver\u00e9 que se publique en Proceso.\u201d<\/p>\n<p class=\"ecxMsoNormal\">En desordenado tropel aparece otra intempestiva visita a su torre para contarle de un nuevo hallazgo que supuse lo emocionar\u00eda. No me equivoqu\u00e9. Como ya era la norma, le hac\u00eda escuchar primero, a trav\u00e9s de los aud\u00edfonos de mi discman, la m\u00fasica y despu\u00e9s versar\u00eda sobre su g\u00e9nesis. Se trataba del poema sinf\u00f3nico <b>Finlandia despierta que Jean Sibelius<\/b> <b>hab\u00eda compuesto para solidarizarse con los periodistas de su patria que se hab\u00edan quedado sin empleo por haberse atrevido a denunciar los atropellos de la dictadura rusa. <\/b>Su comentario acomun\u00f3 a su enorme meloman\u00eda su conocido repudio por los abusos del poder: \u201c!Hijos, Samuelacho, hijos! \u00a1Qu\u00e9 dato me est\u00e1s revelando! Escucho ahora a Sibelius con nuevas orejas. Dame los pormenores por escrito porque me gustar\u00eda iniciar una conferencia con ellos.\u201d<\/p>\n<p class=\"ecxMsoNormal\">Y aparejado con Sibelius, o con Tchaikovsky o Dukas para el caso, estaban los m\u00fasicos alemanes que, en su decir, lideraba Beethoven. Siempre el sordo de Bonn como puerto de arribo de sus apetitos sensoriales. ?De acuerdo, Beethoven a veces roza lo sublime pero su deuda con Mozart, dec\u00eda yo, era incuantificable. \u201cNunca\u201d, rebat\u00eda con el \u00e1nimo encrespado. \u201c<b>Beethoven es la cima de la m\u00fasica y de la civilizaci\u00f3n occidental.\u201d<\/b> ?As\u00ed lo sit\u00faa tu predilecci\u00f3n m\u00e1s, en realidad, es uno de los muchos que forj\u00f3 la gran tradici\u00f3n germana que se perfila primero con la familia Bach, me atrev\u00eda yo a discrepar.<\/p>\n<p class=\"ecxMsoNormal\">Y en debates apasionantes me instaba para que le hiciera conocer nuevas obras que, de inmediato, volv\u00eda suyas desentra\u00f1ando su esencia. Una de las m\u00e1s remotas de nuestro haber mancomunado fue <b>la Serenata para cuerdas de Dvo?\u00e1k<\/b>.[1] \u00a1Qu\u00e9 gozoso delirio el suyo! Natural fluy\u00f3 su comentario al cabo de la primera audici\u00f3n: \u201cDime que a ti tambi\u00e9n te vuelve loco. Hazme escuchar de nuevo ese primer tema, es como s\u00ed a trav\u00e9s de sus notas respiraran los bosques de Bohem\u00eda\u2026\u201d<\/p>\n<p class=\"ecxMsoNormal\">Ya fuera en su casa o en la m\u00eda, vibraron las charlas donde, gallardo, sosten\u00eda que la \u00fanica adicci\u00f3n a la que se somet\u00eda por voluntad propia era la de la m\u00fasica, como forma art\u00edstica suprema. Gracias a ella, repet\u00eda, la existencia amainaba sus grilletes. Yo terciaba diciendo que me bastaba con escuchar una modulaci\u00f3n bien lograda para que mi interior se iluminara por dentro[2]; y que, tambi\u00e9n como \u00e9l, con la simple resoluci\u00f3n de una disonancia atravesaba umbrales de mundos rec\u00f3nditos sin necesidad de enervantes.<\/p>\n<p class=\"ecxMsoNormal\">Supe por sus pl\u00e1ticas del gusto de Luis Donaldo Colosio por Vivaldi y de las desdichas de los millonarios que presum\u00edan de su amistad. Jam\u00e1s la confidencia desleal. Escuch\u00e9 relatos alucinantes de su cercan\u00eda con tiranos y recib\u00ed reprimendas por quejarme de los rigores de la profesi\u00f3n de m\u00fasico. En la dedicatoria de uno de sus libros me escribi\u00f3: <b>\u201cEl periodismo es rudo como el viol\u00edn, como la alta e inaccesible literatura, como los d\u00edas que vamos viviendo, uno a uno\u2026 pero s\u00f3lo en la rudeza se halla el amor.\u201d<\/b><\/p>\n<p class=\"ecxMsoNormal\">\n<p class=\"ecxMsoNormal\">Tra\u00eda a colaci\u00f3n a Flaubert al sostener que la vida es tan espantosa que el \u00fanico medio para poder soportarla es evit\u00e1ndola y que se la evita viviendo en el arte, en la b\u00fasqueda incesante de lo verdadero que proporciona lo bello. Se busca, insist\u00eda, la piedra filosofal en los ritos que hoy proclaman los medios sin caer en la cuenta que sus oficiantes son marionetas de esa perversa cofrad\u00eda de poder que impone sus valores con lujo de infamias. Ya no se espera que el esti\u00e9rcol se transmute en metal precioso, entendemos que son los falsos alquimistas aquellos que controlan el destino de una humanidad harapienta en beneficio de su inconmensurable avidez. Para ellos, remataba, la \u00e9tica es un simple caracol carcomido por la impudicia\u2026<\/p>\n<p class=\"ecxMsoNormal\">En otro de los recodos m\u00e1s \u00e1lgidos de mi tr\u00e1nsito vital, le ped\u00ed ayuda ?siempre lo hice cuando hube de enfrentar decisiones cruciales? para resolver un problema acuciante. Intu\u00ed que en el cedazo de su sensibilidad encontrar\u00eda la respuesta. Tampoco me equivoqu\u00e9. Armaba yo la reelaboraci\u00f3n de la \u00f3pera compuesta por Vivaldi alrededor de la deformada figura de Moctezuma II, y en el af\u00e1n de transformar la anodina farsa original en la verdadera tragedia que signific\u00f3 la Conquista para el emperador mexica, pensaba que deb\u00eda incorporar el movimiento lento del Invierno. A mi entender, su melod\u00eda ?quiz\u00e1 la m\u00e1s hermosa del barroco italiano? clamaba por alg\u00fan sitio especial de \u00edndole luminosa y en mi trabajo la pesadumbre invad\u00eda todos los rincones. Las cavilaciones no me conduc\u00edan a ning\u00fan lado hasta que lo interpel\u00e9 al cabo de otra cena memorable. Mis palabras introductorias fueron directamente al punto:<\/p>\n<p class=\"ecxMsoNormal\">?Dime, \u00bfqu\u00e9 efecto te produce esta m\u00fasica o en qu\u00e9 condiciones te gustar\u00eda escucharla?..<\/p>\n<p class=\"ecxMsoNormal\">Mientras la degustaba fue palpable c\u00f3mo su respiraci\u00f3n se hac\u00eda m\u00e1s honda y c\u00f3mo, echando la cabeza para atr\u00e1s distend\u00eda los m\u00fasculos del rostro. Apretado el bot\u00f3n de stop del lector de discos compactos se hizo un silencio que ninguno de los dos atinamos a mancillar, necesitado nuestro \u00e1nimo de unos segundos de asimilaci\u00f3n. En su conmovedora respuesta resid\u00eda la clave que s\u00f3lo \u00e9l pod\u00eda vislumbrar. Entendida as\u00ed, la claridad era evidente. Aunque no llevara letra, ah\u00ed deb\u00edan cantarse las palabras postreras del incomprendido tlahtoani.[3] Consigno aqu\u00ed su propia versi\u00f3n de los hechos y engarzo mi esp\u00edritu, con palpitante agradecimiento, en la certeza de su partida hacia ese remanso acu\u00e1tico plet\u00f3rico de sonidos y de colores donde se mitiga la soledad del cuerpo y se resta\u00f1an las llagas del esp\u00edritu, las caracolas marinas precediendo el cortejo:<\/p>\n<p class=\"ecxMsoNormal\">\u201cSamuelacho, aquella noche ces\u00f3 la reflexi\u00f3n sobre mi cuerpo y advert\u00ed que desaparec\u00eda mi ego. Sin peso me dejaba llevar por un plano inclinado. Desconoc\u00eda el lugar de destino, pero adivinaba que se trataba de un lago azul. Escuchaba esa m\u00fasica inefable compuesta por el sacerdote de Venecia. As\u00ed, sin cuerpo, querr\u00eda morir\u2026\u201d<\/p>\n<p class=\"ecxMsoNormal\"><b>[1] Se sugiere la audici\u00f3n del movimiento Moderato de la obra del compositor checo. Pulse el Audio 1. Antonin Dvo?\u00e1k: Moderato de la Serenata para cuerdas en Mi Mayor op. 22. (Philharmonia Orchestra. Christopher Warren-Green, director. CHANDOS, 2004)<\/b><\/p>\n<p class=\"ecxMsoNormal\"><b>[2] El arte de modular es aquel donde se pasa de una tonalidad a otra, es decir, donde cambian los colores auditivos.<\/b><\/p>\n<p class=\"ecxMsoNormal\"><b>[3] Se recomienda la escucha del producto resultante, empezando por el original. Pulse el Audio 2 Largo del concierto para viol\u00edn op. VIII n\u00b0 4 en fa menor L\u00a8Inverno (Mariana Sirbu, violinista. I Musici. PHILIPS . 1999) Pulse el Audio 3. Aria Nipa otli in otlatoco del dramma per musica Motecuhzoma II de Samuel M\u00e1ynez sobre m\u00fasicas de Antonio Vivaldi. (Guillermo Ruiz, bar\u00edtono. Sonatori .de la Gioiosa Marca y Alauda Ensemble. Francesco Fanna, director. Live Recording. Teatro Hidalgo de la Cd. de M\u00e9xico. 19\/XII\/2009)<\/b><\/p>\n","protected":false},"excerpt":{"rendered":"<p>\u201cAl cobijo de la m\u00fasica se desliza el fragor de la existencia\u201d Proceso- \u201cAl cobijo de la m\u00fasica se desliza el fragor de la existencia\u201d sol\u00eda decirme Julio Scherer Garc\u00eda. Y ahora, con los o\u00eddos de la memoria anegados por su ausencia, s\u00f3lo atino a evocar un caracol lleno de auroras. Necesito acercarlo hasta mi [&hellip;]<\/p>\n","protected":false},"author":249,"featured_media":11426,"comment_status":"open","ping_status":"closed","sticky":false,"template":"","format":"standard","meta":{"footnotes":""},"categories":[1],"tags":[],"class_list":["post-11425","post","type-post","status-publish","format-standard","has-post-thumbnail","hentry","category-sin-categoria"],"_links":{"self":[{"href":"http:\/\/eloficiodehistoriar.com.mx\/index.php?rest_route=\/wp\/v2\/posts\/11425","targetHints":{"allow":["GET"]}}],"collection":[{"href":"http:\/\/eloficiodehistoriar.com.mx\/index.php?rest_route=\/wp\/v2\/posts"}],"about":[{"href":"http:\/\/eloficiodehistoriar.com.mx\/index.php?rest_route=\/wp\/v2\/types\/post"}],"author":[{"embeddable":true,"href":"http:\/\/eloficiodehistoriar.com.mx\/index.php?rest_route=\/wp\/v2\/users\/249"}],"replies":[{"embeddable":true,"href":"http:\/\/eloficiodehistoriar.com.mx\/index.php?rest_route=%2Fwp%2Fv2%2Fcomments&post=11425"}],"version-history":[{"count":1,"href":"http:\/\/eloficiodehistoriar.com.mx\/index.php?rest_route=\/wp\/v2\/posts\/11425\/revisions"}],"predecessor-version":[{"id":11427,"href":"http:\/\/eloficiodehistoriar.com.mx\/index.php?rest_route=\/wp\/v2\/posts\/11425\/revisions\/11427"}],"wp:featuredmedia":[{"embeddable":true,"href":"http:\/\/eloficiodehistoriar.com.mx\/index.php?rest_route=\/wp\/v2\/media\/11426"}],"wp:attachment":[{"href":"http:\/\/eloficiodehistoriar.com.mx\/index.php?rest_route=%2Fwp%2Fv2%2Fmedia&parent=11425"}],"wp:term":[{"taxonomy":"category","embeddable":true,"href":"http:\/\/eloficiodehistoriar.com.mx\/index.php?rest_route=%2Fwp%2Fv2%2Fcategories&post=11425"},{"taxonomy":"post_tag","embeddable":true,"href":"http:\/\/eloficiodehistoriar.com.mx\/index.php?rest_route=%2Fwp%2Fv2%2Ftags&post=11425"}],"curies":[{"name":"wp","href":"https:\/\/api.w.org\/{rel}","templated":true}]}}