{"id":11436,"date":"2015-04-12T13:53:57","date_gmt":"2015-04-12T19:53:57","guid":{"rendered":"https:\/\/eloficiodehistoriar.com.mx\/?p=11436"},"modified":"2015-04-12T13:53:57","modified_gmt":"2015-04-12T19:53:57","slug":"isaac-hernandez-del-patio-de-su-casa-al-teatro-mariinski-en-rusia","status":"publish","type":"post","link":"http:\/\/eloficiodehistoriar.com.mx\/?p=11436","title":{"rendered":"Isaac Hern\u00e1ndez, del patio de su casa al teatro Mariinski, en Rusia"},"content":{"rendered":"<p class=\"ecxMsoNormal\" style=\"text-align: justify;\"><b>Isaac Hern\u00e1ndez, del patio de su casa al teatro Mariinski, en Rusia<\/b><\/p>\n<p class=\"ecxMsoNormal\" style=\"text-align: justify;\">El mexicano se integr\u00f3 este mes al Ballet Nacional de Londres como bailar\u00edn principal<\/p>\n<p class=\"ecxMsoNormal\" style=\"text-align: justify;\">Ensaya con la compa\u00f1\u00eda brit\u00e1nica Coppelia y El lago de los cisnes<\/p>\n<p class=\"ecxMsoNormal\" style=\"text-align: justify;\">Fue parte de la agrupaci\u00f3n representativa de Holanda, donde pude haberme quedado por confort, pero quiero retos<\/p>\n<p class=\"ecxMsoNormal\" style=\"text-align: justify;\">Nada es imposible cuando trabajas arduamente por tus sue\u00f1os, dice a La Jornada<\/p>\n<p class=\"ecxMsoNormal\" style=\"text-align: justify;\">Fabiola Palapa Quijas<\/p>\n<p class=\"ecxMsoNormal\" style=\"text-align: justify;\">\u00a0La Jornada<\/p>\n<p class=\"ecxMsoNormal\" style=\"text-align: justify;\">Isaac Hern\u00e1ndez (Guadalajara, 1990), quien este mes se integr\u00f3 como bailar\u00edn principal al Ballet Nacional de Londres, con la cual se presentar\u00e1 en sus giras internacionales, recuerda siempre las palabras de su padre.<\/p>\n<p class=\"ecxMsoNormal\" style=\"text-align: justify;\">\n<p class=\"ecxMsoNormal\" style=\"text-align: justify;\">Me dec\u00eda que si quer\u00eda ser bailar\u00edn, deb\u00eda aspirar a ser el mejor; si no, que mejor estudiara otra cosa, pues era una carrera muy demandante.<\/p>\n<p class=\"ecxMsoNormal\" style=\"text-align: justify;\">\n<p class=\"ecxMsoNormal\" style=\"text-align: justify;\">Para el bailar\u00edn mexicano, quien se ha dado a conocer en la escena internacional en compa\u00f1\u00edas como el San Francisco Ballet y el Ballet Nacional de Holanda, su padre, el maestro H\u00e9ctor Hern\u00e1ndez Valle, ha sido fundamental en su profesi\u00f3n, porque con \u00e9l descubri\u00f3 el mundo de la danza.<\/p>\n<p class=\"ecxMsoNormal\" style=\"text-align: justify;\">\n<p class=\"ecxMsoNormal\" style=\"text-align: justify;\">Todos mis hermanos y yo estudi\u00e1bamos en la casa, nunca fuimos a una escuela. Mis padres fueron nuestros maestros, y la primera clase que ten\u00edamos era la de ballet en el patio, donde mi pap\u00e1 coloc\u00f3 una barra y dos tablas de triplay como piso; d\u00eda a d\u00eda fui aprendiendo m\u00e1s y m\u00e1s, me gust\u00f3 mucho, se\u00f1ala en entrevista a La Jornada, v\u00eda correo electr\u00f3nico.<\/p>\n<p class=\"ecxMsoNormal\" style=\"text-align: justify;\">\n<p class=\"ecxMsoNormal\" style=\"text-align: justify;\">Isaac Hern\u00e1ndez ha logrado abrirse camino en la danza profesional en Europa. Su potencial f\u00edsico lo ha llevado del patio de su casa al teatro Mariinsky en San Petersburgo, donde interpret\u00f3 al barbero Basilio en el ballet Don Quijote.<\/p>\n<p class=\"ecxMsoNormal\" style=\"text-align: justify;\">\n<p class=\"ecxMsoNormal\" style=\"text-align: justify;\">Sobre su experiencia en el teatro m\u00e1s emblem\u00e1tico de Rusia, el pasado 15 de marzo, el bailar\u00edn asegura que fue un sue\u00f1o hecho realidad. Como artista es una fecha memorable; fue muy especial, porque es un teatro cuyo valor es excepcional. Recuerdo haber regresado al hotel esa noche, entrar a la habitaci\u00f3n y decirme a m\u00ed mismo: hoy cumpliste uno de tus m\u00e1s grandes sue\u00f1os. Es un sentimiento de gratitud y felicidad.<\/p>\n<p class=\"ecxMsoNormal\" style=\"text-align: justify;\">\n<p class=\"ecxMsoNormal\" style=\"text-align: justify;\">El bailar\u00edn, que comenz\u00f3 este 3 de abril los ensayos de Coppelia y El lago de los cisnes, con el Ballet Nacional de Londres, tiene claro que para alcanzar los sue\u00f1os se debe trabajar de manera constante, usar la imaginaci\u00f3n, tener car\u00e1cter, valor y mucha disciplina.<\/p>\n<p class=\"ecxMsoNormal\" style=\"text-align: justify;\">\n<p class=\"ecxMsoNormal\" style=\"text-align: justify;\">Tambi\u00e9n le gusta fijarse nuevos retos art\u00edsticos, por eso acept\u00f3 la propuesta de la directora del Ballet Nacional de Londres, Tamara Rojo, de participar en las giras internacionales de la compa\u00f1\u00eda: Quiero nuevas metas, enfrentarme a un nuevo p\u00fablico y equipo de trabajo; desde lo principal, que es la direcci\u00f3n art\u00edstica, hasta mudarme a Londres, despu\u00e9s de tener estabilidad en \u00c1msterdam.<\/p>\n","protected":false},"excerpt":{"rendered":"<p>Isaac Hern\u00e1ndez, del patio de su casa al teatro Mariinski, en Rusia El mexicano se integr\u00f3 este mes al Ballet Nacional de Londres como bailar\u00edn principal Ensaya con la compa\u00f1\u00eda brit\u00e1nica Coppelia y El lago de los cisnes Fue parte de la agrupaci\u00f3n representativa de Holanda, donde pude haberme quedado por confort, pero quiero retos [&hellip;]<\/p>\n","protected":false},"author":249,"featured_media":11437,"comment_status":"open","ping_status":"closed","sticky":false,"template":"","format":"standard","meta":{"footnotes":""},"categories":[1],"tags":[],"class_list":["post-11436","post","type-post","status-publish","format-standard","has-post-thumbnail","hentry","category-sin-categoria"],"_links":{"self":[{"href":"http:\/\/eloficiodehistoriar.com.mx\/index.php?rest_route=\/wp\/v2\/posts\/11436","targetHints":{"allow":["GET"]}}],"collection":[{"href":"http:\/\/eloficiodehistoriar.com.mx\/index.php?rest_route=\/wp\/v2\/posts"}],"about":[{"href":"http:\/\/eloficiodehistoriar.com.mx\/index.php?rest_route=\/wp\/v2\/types\/post"}],"author":[{"embeddable":true,"href":"http:\/\/eloficiodehistoriar.com.mx\/index.php?rest_route=\/wp\/v2\/users\/249"}],"replies":[{"embeddable":true,"href":"http:\/\/eloficiodehistoriar.com.mx\/index.php?rest_route=%2Fwp%2Fv2%2Fcomments&post=11436"}],"version-history":[{"count":1,"href":"http:\/\/eloficiodehistoriar.com.mx\/index.php?rest_route=\/wp\/v2\/posts\/11436\/revisions"}],"predecessor-version":[{"id":11438,"href":"http:\/\/eloficiodehistoriar.com.mx\/index.php?rest_route=\/wp\/v2\/posts\/11436\/revisions\/11438"}],"wp:featuredmedia":[{"embeddable":true,"href":"http:\/\/eloficiodehistoriar.com.mx\/index.php?rest_route=\/wp\/v2\/media\/11437"}],"wp:attachment":[{"href":"http:\/\/eloficiodehistoriar.com.mx\/index.php?rest_route=%2Fwp%2Fv2%2Fmedia&parent=11436"}],"wp:term":[{"taxonomy":"category","embeddable":true,"href":"http:\/\/eloficiodehistoriar.com.mx\/index.php?rest_route=%2Fwp%2Fv2%2Fcategories&post=11436"},{"taxonomy":"post_tag","embeddable":true,"href":"http:\/\/eloficiodehistoriar.com.mx\/index.php?rest_route=%2Fwp%2Fv2%2Ftags&post=11436"}],"curies":[{"name":"wp","href":"https:\/\/api.w.org\/{rel}","templated":true}]}}