{"id":11449,"date":"2015-04-13T22:20:57","date_gmt":"2015-04-14T04:20:57","guid":{"rendered":"https:\/\/eloficiodehistoriar.com.mx\/?p=11449"},"modified":"2015-04-13T22:20:57","modified_gmt":"2015-04-14T04:20:57","slug":"muere-el-escritor-uruguayo-eduardo-galeano-a-los-74-anos","status":"publish","type":"post","link":"http:\/\/eloficiodehistoriar.com.mx\/?p=11449","title":{"rendered":"Muere el escritor uruguayo Eduardo Galeano a los 74 a\u00f1os"},"content":{"rendered":"<p class=\"ecxMsoNormal\" style=\"text-align: justify;\"><strong>Su obra &#8216;Las venas abiertas de Am\u00e9rica Latina&#8217; es un cl\u00e1sico de la literatura pol\u00edtica<\/strong><\/p>\n<p class=\"ecxMsoNormal\" style=\"text-align: justify;\"><strong>Muere el escritor uruguayo Eduardo Galeano a los 74 a\u00f1os<\/strong><\/p>\n<p class=\"ecxMsoNormal\" style=\"text-align: justify;\"><strong>Su obra &#8216;Las venas abiertas de Am\u00e9rica Latina&#8217; es un cl\u00e1sico de la literatura pol\u00edtica<\/strong><\/p>\n<p class=\"ecxMsoNormal\" style=\"text-align: justify;\"><strong>\u201cIntent\u00e9 hacer una obra de econom\u00eda pol\u00edtica\u00bb<\/strong><\/p>\n<p class=\"ecxMsoNormal\" style=\"text-align: justify;\">Desde su publicaci\u00f3n en 1971, Las Venas Abiertas de Am\u00e9rica Latina, del escritor uruguayo Eduardo Galeano, se transform\u00f3 en un cl\u00e1sico de la izquierda latinoamericana.<\/p>\n<p class=\"ecxMsoNormal\" style=\"text-align: justify;\">\n<p class=\"ecxMsoNormal\" style=\"text-align: justify;\">En la obra, el autor analiza la historia del continente: la explotaci\u00f3n econ\u00f3mica y la dominaci\u00f3n pol\u00edtica a la que ha sido sometido, desde la colonizaci\u00f3n europea hasta los a\u00f1os setenta, \u00e9poca de su publicaci\u00f3n. Esto, en el contexto de la Guerra Fr\u00eda (1945-1991), y cuando se pon\u00eda en marcha la era de las dictaduras militares en Am\u00e9rica Latina.<\/p>\n<p class=\"ecxMsoNormal\" style=\"text-align: justify;\">\n<p class=\"ecxMsoNormal\" style=\"text-align: justify;\">El libro de Galeano era tan identificado con las ideolog\u00edas revolucionarias y de izquierda que fue proscrito de Argentina, Chile, Brasil y Uruguay mientras estos pa\u00edses permanecieron bajo el yugo dictatorial. Galeano estuvo preso en su pa\u00eds tras el golpe de 1973 y despu\u00e9s, obligado a exiliarse: primero en Argentina y despu\u00e9s en Espa\u00f1a.<\/p>\n<p class=\"ecxMsoNormal\" style=\"text-align: justify;\">\n<p class=\"ecxMsoNormal\" style=\"text-align: justify;\">Cuarenta a\u00f1os despu\u00e9s, Galeano confiesa que no leer\u00eda nuevamente su libro m\u00e1s exitoso. \u201cNo ser\u00eda capaz de leerlo de nuevo. Caer\u00eda desmayado\u201d. As\u00ed lo dijo durante una visita a Brasil el mes pasado, donde particip\u00f3 en la Segunda Bienal del Libro en Brasilia, realizada entre el 11 y el 21 de abril pasados. \u201cPara m\u00ed, esa prosa de la izquierda tradicional es aburrid\u00edsima. Mi f\u00edsico no aguantar\u00eda. Ser\u00eda ingresado al hospital\u201d, dijo el autor, de 73 a\u00f1os, en una rueda de prensa recogida por Agencia Brasil y el blog Socialista Morena.<\/p>\n<p class=\"ecxMsoNormal\" style=\"text-align: justify;\">\n<p class=\"ecxMsoNormal\" style=\"text-align: justify;\">No me arrepiento de haberlo escrito, pero es una etapa que, para m\u00ed, est\u00e1 superada<\/p>\n<p class=\"ecxMsoNormal\" style=\"text-align: justify;\">El episodio demuestra que Galeano asumi\u00f3 un tono m\u00e1s mesurado para analizar el manique\u00edsmo pol\u00edtico de otrora. \u201cEn todo el mundo, experiencias de partidos pol\u00edticos de izquierda en el poder a veces fueron correctas, a veces no, y en muchas ocasiones fueron demolidas porque estaban correctas, lo que dio margen a golpes de Estado, dictaduras militares y periodos prolongados de terror, con sacrificios y cr\u00edmenes horrorosos cometidos en nombre de la paz social y del progreso\u201d, dijo el escritor. \u201cEn otras ocasiones, la izquierda ha cometido errores muy graves\u201d, a\u00f1adi\u00f3.<\/p>\n<p class=\"ecxMsoNormal\" style=\"text-align: justify;\">\n<p class=\"ecxMsoNormal\" style=\"text-align: justify;\">Las Venas Abiertas de Am\u00e9rica Latina se public\u00f3 cuando Galeano ten\u00eda 31 a\u00f1os y, seg\u00fan el propio escritor, en aquella \u00e9poca \u00e9l no ten\u00eda la formaci\u00f3n suficiente para rematar aquella tarea. \u201c[Las Venas Abiertas] intent\u00f3 ser una obra de econom\u00eda pol\u00edtica, solo que yo no ten\u00eda la formaci\u00f3n necesaria\u201d, valora. \u201cNo me arrepiento de haberlo escrito, pero es una etapa que, para m\u00ed, est\u00e1 superada\u201d.<\/p>\n<p class=\"ecxMsoNormal\" style=\"text-align: justify;\">\n<p class=\"ecxMsoNormal\" style=\"text-align: justify;\">En 2009, durante la Quinta Cumbre de las Am\u00e9ricas, el expresidente de Venezuela, Hugo Ch\u00e1vez, le regal\u00f3 un ejemplar de Galeano al presidente de los Estados Unidos, Barack Obama. En esa ocasi\u00f3n, la obra salt\u00f3 de la posici\u00f3n 60.280 de la lista de los t\u00edtulos m\u00e1s vendidos de la web Amazon.com a la d\u00e9cima posici\u00f3n en solo un d\u00eda.<\/p>\n<p class=\"ecxMsoNormal\" style=\"text-align: justify;\">\n<p class=\"ecxMsoNormal\" style=\"text-align: justify;\">El escritor fue cuestionado sobre el episodio. Respondi\u00f3: \u201cNi Obama y ni Ch\u00e1vez entender\u00edan el texto [\u2026]. \u00c9l [Ch\u00e1vez] se lo entreg\u00f3 a Obama con la mejor intenci\u00f3n del mundo, pero le regal\u00f3 a Obama un libro en un idioma que \u00e9l no conoce. Entonces, fue un gesto generoso, pero un poco cruel\u201d.<\/p>\n","protected":false},"excerpt":{"rendered":"<p>Su obra &#8216;Las venas abiertas de Am\u00e9rica Latina&#8217; es un cl\u00e1sico de la literatura pol\u00edtica Muere el escritor uruguayo Eduardo Galeano a los 74 a\u00f1os Su obra &#8216;Las venas abiertas de Am\u00e9rica Latina&#8217; es un cl\u00e1sico de la literatura pol\u00edtica \u201cIntent\u00e9 hacer una obra de econom\u00eda pol\u00edtica\u00bb Desde su publicaci\u00f3n en 1971, Las Venas Abiertas [&hellip;]<\/p>\n","protected":false},"author":249,"featured_media":11450,"comment_status":"open","ping_status":"closed","sticky":false,"template":"","format":"standard","meta":{"footnotes":""},"categories":[1],"tags":[],"class_list":["post-11449","post","type-post","status-publish","format-standard","has-post-thumbnail","hentry","category-sin-categoria"],"_links":{"self":[{"href":"http:\/\/eloficiodehistoriar.com.mx\/index.php?rest_route=\/wp\/v2\/posts\/11449","targetHints":{"allow":["GET"]}}],"collection":[{"href":"http:\/\/eloficiodehistoriar.com.mx\/index.php?rest_route=\/wp\/v2\/posts"}],"about":[{"href":"http:\/\/eloficiodehistoriar.com.mx\/index.php?rest_route=\/wp\/v2\/types\/post"}],"author":[{"embeddable":true,"href":"http:\/\/eloficiodehistoriar.com.mx\/index.php?rest_route=\/wp\/v2\/users\/249"}],"replies":[{"embeddable":true,"href":"http:\/\/eloficiodehistoriar.com.mx\/index.php?rest_route=%2Fwp%2Fv2%2Fcomments&post=11449"}],"version-history":[{"count":1,"href":"http:\/\/eloficiodehistoriar.com.mx\/index.php?rest_route=\/wp\/v2\/posts\/11449\/revisions"}],"predecessor-version":[{"id":11451,"href":"http:\/\/eloficiodehistoriar.com.mx\/index.php?rest_route=\/wp\/v2\/posts\/11449\/revisions\/11451"}],"wp:featuredmedia":[{"embeddable":true,"href":"http:\/\/eloficiodehistoriar.com.mx\/index.php?rest_route=\/wp\/v2\/media\/11450"}],"wp:attachment":[{"href":"http:\/\/eloficiodehistoriar.com.mx\/index.php?rest_route=%2Fwp%2Fv2%2Fmedia&parent=11449"}],"wp:term":[{"taxonomy":"category","embeddable":true,"href":"http:\/\/eloficiodehistoriar.com.mx\/index.php?rest_route=%2Fwp%2Fv2%2Fcategories&post=11449"},{"taxonomy":"post_tag","embeddable":true,"href":"http:\/\/eloficiodehistoriar.com.mx\/index.php?rest_route=%2Fwp%2Fv2%2Ftags&post=11449"}],"curies":[{"name":"wp","href":"https:\/\/api.w.org\/{rel}","templated":true}]}}