{"id":11454,"date":"2015-04-14T23:20:18","date_gmt":"2015-04-15T05:20:18","guid":{"rendered":"https:\/\/eloficiodehistoriar.com.mx\/?p=11454"},"modified":"2015-04-14T23:20:18","modified_gmt":"2015-04-15T05:20:18","slug":"las-letras-de-luto","status":"publish","type":"post","link":"http:\/\/eloficiodehistoriar.com.mx\/?p=11454","title":{"rendered":"Las Letras de Luto"},"content":{"rendered":"<div class=\"AppContainer\">\n<div id=\"c_base\" class=\"c_base\">\n<div id=\"c_content\" class=\"c_main\">\n<div id=\"pageContent\">\n<div id=\"pageInbox\" class=\"v-Page\">\n<div id=\"inboxControl0f\">\n<div class=\"containsYSizerBar\">\n<div class=\"ContentRight WithRightRail FullView\">\n<div class=\"ContentRightInner t_mbgc t_qtc t_urtc\">\n<div id=\"inboxControl0fv-ReadMessageContainer\" class=\"v-ReadMessageContainer slideOnResize\">\n<div class=\"c-ReadMessage\">\n<div id=\"ReadMessageScrollableSection\" class=\"rmMessages ClearBoth\">\n<div id=\"readMessagePartControl376f\" class=\"c-ReadMessagePart ReadMsgContainer HasLayout ClearBoth HideShadows FullPart NoHistory Read RmIc\">\n<div class=\"c-ReadMessagePartBody\">\n<div class=\"readMsgBody\">\n<div id=\"bodyreadMessagePartBodyControl381f\" class=\"ExternalClass MsgBodyContainer\">\n<div dir=\"ltr\">\n<h1 class=\"ecxla-jornada-nitf-title\">Editorial<\/h1>\n<h1 class=\"ecxla-jornada-nitf-title\">Las letras, de luto<\/h1>\n<div><\/div>\n<div>La Jornada<\/div>\n<h2 class=\"ecxla-jornada-nitf-subtitle\"><\/h2>\n<header class=\"header\">\n<div id=\"ecxViewContetsNitf\">\n<div>\n<div class=\"ecxla-jornada-nitf-content\">\n<p align=\"JUSTIFY\">Con pocas horas de diferencia fallecieron ayer el novelista alem\u00e1n G\u00fcnter Grass, premio Nobel de Literatura (1999), y el escritor uruguayo Eduardo Galeano, int\u00e9rprete por excelencia del sentir latinoamericano y colaborador y amigo de este diario desde su fundaci\u00f3n. Dos d\u00edas antes, en Par\u00eds, hab\u00eda muerto Fran\u00e7ois Maspero, novelista, periodista, escritor y editor que realiz\u00f3 una contribuci\u00f3n fundamental a la difusi\u00f3n en Francia y en Europa de la literatura y el pensamiento pol\u00edtico de Am\u00e9rica Latina y del Tercer Mundo, desde C\u00e9sar Vallejo hasta el Che Guevara, pasando por Frantz Fanon, Nazim Hikmet y Yannis Ritsos. Las letras y el pensamiento social est\u00e1n de luto.<\/p>\n<p align=\"JUSTIFY\">Adem\u00e1s de narrador prol\u00edfico y agudo, Grass fue un cr\u00edtico implacable del orden establecido en el viejo continente y particularmente en su pa\u00eds, Alemania, tras la ca\u00edda del Tercer Reich y el fin de la Segunda Guerra Mundial. En su Danzig natal (hoy Gdansk, Polonia) vivi\u00f3 en carne propia los horrores de esa conflagraci\u00f3n y carg\u00f3 toda su vida el pecado de haber participado en ella, en la juventud, como recluta de las unidades de \u00e9lite SS. A diferencia de otras figuras destacadas que sirvieron en las filas del nazismo, como el fallecido secretario general de la ONU y presidente austriaco Kurt Waldheim (quien ocult\u00f3 siempre el dato) o el ex pont\u00edfice Joseph Ratzinger (quien procur\u00f3 trivializarlo), Grass tuvo el valor de hacerlo p\u00fablico. Por lo dem\u00e1s, el novelista fallecido ayer mantuvo en todo momento una honestidad literaria e intelectual que lo situ\u00f3 como una conciencia inc\u00f3moda para Alemania y para Europa occidental y lo coloc\u00f3 en no pocas ocasiones en el centro de la pol\u00e9mica y en el blanco de diatribas y descalificaciones. Su narrativa, en la que destaca la trilog\u00eda\u00a0<i>El tambor de hojalata<\/i>,\u00a0<i>El gato y el rat\u00f3n\u00a0<\/i>y\u00a0<i>A\u00f1os de perro<\/i>, lo hizo acreedor al m\u00e1ximo galard\u00f3n literario del mundo.<\/p>\n<p align=\"JUSTIFY\">Eduardo Galeano se inici\u00f3 en el periodismo como editor de la legendaria revista\u00a0<i>Marcha<\/i>, de Montevideo, y de all\u00ed pas\u00f3 a trabajos de largo aliento en los que combin\u00f3 el ensayo, el reportaje y la poes\u00eda. El primero fue\u00a0<i>Guatemala, pa\u00eds ocupado<\/i>(1967) y en 1971 public\u00f3 su obra m\u00e1s conocida:\u00a0<i>Las venas abiertas de Am\u00e9rica Latina<\/i>, libro que ha ejercido una influencia determinante en la conformaci\u00f3n de la identidad y la conciencia social de nuestros pa\u00edses. Posteriormente vendr\u00edan\u00a0<i>La canci\u00f3n de nosotros<\/i>,\u00a0<i>D\u00edas y noches de amor y de guerra<\/i>,\u00a0<i>Memoria del fuego<\/i>,\u00a0<i>El f\u00fatbol a sol y sombra\u00a0<\/i>y Patas\u00a0<i>arriba: Escuela del mundo al rev\u00e9s<\/i>, entre otros libros que dejaron una huella \u00e9tica, po\u00e9tica y pol\u00edtica imborrable en millones de lectores. Sin asumir una militancia partidista espec\u00edfica, Galeano fue un aliado internacionalista imprescindible de las gestas sociales m\u00e1s relevantes de la regi\u00f3n \u2013desde la revoluci\u00f3n cubana hasta la bolivariana\u2013 y fue un cr\u00edtico tan precoz como inflexible del modelo neoliberal que tantos estragos ha causado en el subcontinente y en el mundo. Si alguien ha asumido a Latinoam\u00e9rica como nacionalidad, y a las causas de los de abajo como br\u00fajula de su quehacer intelectual, ese es Galeano.<\/p>\n<p align=\"JUSTIFY\">Para\u00a0<i>La Jornada\u00a0<\/i>el adi\u00f3s a Galeano resulta especialmente doloroso porque estuvo al lado del diario desde su fundaci\u00f3n y no escatim\u00f3 su palabra de aliento ni su pluma comprometida para aportar a estas p\u00e1ginas un pensamiento sustancial vertido en ese estilo tan suyo que era a la vez tierno y lapidario.<\/p>\n<p align=\"JUSTIFY\">Los tres recientemente fallecidos, Maspero, Grass y Galeano, fueron figuras fundamentales de su tiempo, que es el nuestro, y los une la determinaci\u00f3n de apartarse de corrientes hegem\u00f3nicas de pensamiento para buscar y retratar el otro lado de la vida, que es donde est\u00e1n situados los condenados de la tierra, los de abajo, los disidentes, los marginados; es decir, la mayor\u00eda de la humanidad.<\/p>\n<\/div>\n<\/div>\n<\/div>\n<\/header>\n<\/div>\n<\/div>\n<\/div>\n<\/div>\n<\/div>\n<\/div>\n<\/div>\n<\/div>\n<\/div>\n<div class=\"v-InboxFooterContainer\">\n<div class=\"c-PageFooter Unselectable\"><\/div>\n<\/div>\n<\/div>\n<div class=\"reauthenticationDiv\"><\/div>\n<\/div>\n<\/div>\n<\/div>\n<\/div>\n<\/div>\n<\/div>\n<div id=\"m_whm\"><\/div>\n<div id=\"m_mm\"><\/div>\n<\/div>\n<p>&nbsp;<\/p>\n","protected":false},"excerpt":{"rendered":"<p>Editorial Las letras, de luto La Jornada Con pocas horas de diferencia fallecieron ayer el novelista alem\u00e1n G\u00fcnter Grass, premio Nobel de Literatura (1999), y el escritor uruguayo Eduardo Galeano, int\u00e9rprete por excelencia del sentir latinoamericano y colaborador y amigo de este diario desde su fundaci\u00f3n. Dos d\u00edas antes, en Par\u00eds, hab\u00eda muerto Fran\u00e7ois Maspero, [&hellip;]<\/p>\n","protected":false},"author":249,"featured_media":11455,"comment_status":"open","ping_status":"closed","sticky":false,"template":"","format":"standard","meta":{"footnotes":""},"categories":[30,10,27,12,28,26,9],"tags":[],"class_list":["post-11454","post","type-post","status-publish","format-standard","has-post-thumbnail","hentry","category-arte","category-historia","category-latinoamerica","category-libros","category-literatura","category-mundo","category-otros-lugares"],"_links":{"self":[{"href":"http:\/\/eloficiodehistoriar.com.mx\/index.php?rest_route=\/wp\/v2\/posts\/11454","targetHints":{"allow":["GET"]}}],"collection":[{"href":"http:\/\/eloficiodehistoriar.com.mx\/index.php?rest_route=\/wp\/v2\/posts"}],"about":[{"href":"http:\/\/eloficiodehistoriar.com.mx\/index.php?rest_route=\/wp\/v2\/types\/post"}],"author":[{"embeddable":true,"href":"http:\/\/eloficiodehistoriar.com.mx\/index.php?rest_route=\/wp\/v2\/users\/249"}],"replies":[{"embeddable":true,"href":"http:\/\/eloficiodehistoriar.com.mx\/index.php?rest_route=%2Fwp%2Fv2%2Fcomments&post=11454"}],"version-history":[{"count":1,"href":"http:\/\/eloficiodehistoriar.com.mx\/index.php?rest_route=\/wp\/v2\/posts\/11454\/revisions"}],"predecessor-version":[{"id":11456,"href":"http:\/\/eloficiodehistoriar.com.mx\/index.php?rest_route=\/wp\/v2\/posts\/11454\/revisions\/11456"}],"wp:featuredmedia":[{"embeddable":true,"href":"http:\/\/eloficiodehistoriar.com.mx\/index.php?rest_route=\/wp\/v2\/media\/11455"}],"wp:attachment":[{"href":"http:\/\/eloficiodehistoriar.com.mx\/index.php?rest_route=%2Fwp%2Fv2%2Fmedia&parent=11454"}],"wp:term":[{"taxonomy":"category","embeddable":true,"href":"http:\/\/eloficiodehistoriar.com.mx\/index.php?rest_route=%2Fwp%2Fv2%2Fcategories&post=11454"},{"taxonomy":"post_tag","embeddable":true,"href":"http:\/\/eloficiodehistoriar.com.mx\/index.php?rest_route=%2Fwp%2Fv2%2Ftags&post=11454"}],"curies":[{"name":"wp","href":"https:\/\/api.w.org\/{rel}","templated":true}]}}