{"id":11504,"date":"2015-05-12T21:19:17","date_gmt":"2015-05-13T03:19:17","guid":{"rendered":"https:\/\/eloficiodehistoriar.com.mx\/?p=11504"},"modified":"2015-05-12T21:19:17","modified_gmt":"2015-05-13T03:19:17","slug":"conmemoraran-el-491-aniversario-de-la-evangelizacion-en-mexico","status":"publish","type":"post","link":"http:\/\/eloficiodehistoriar.com.mx\/?p=11504","title":{"rendered":"Conmemorar\u00e1n el 491 aniversario de la Evangelizaci\u00f3n en M\u00e9xico"},"content":{"rendered":"<h1 class=\"ecxMsoNormal\"><strong>Conmemorar\u00e1n el 491 aniversario de la Evangelizaci\u00f3n en M\u00e9xico<\/strong><\/h1>\n<h1><\/h1>\n<p class=\"ecxMsoNormal\">EFR\u00c9N-BALLE\u00d1O-SANCHEZ<\/p>\n<p class=\"ecxMsoNormal\">Fraile franciscano Enfr\u00e9n Ba\u00f1e\u00f1o S\u00e1nchez.<\/p>\n<p class=\"ecxMsoNormal\">Ausencio Rivera Gonz\u00e1lez<\/p>\n<p class=\"ecxMsoNormal\">El Dictamen<\/p>\n<p class=\"ecxMsoNormal\">En el marco de la celebraci\u00f3n del 491 aniversario del Inicio de la Evangelizaci\u00f3n en M\u00e9xico, este s\u00e1bado se realizar\u00e1 una procesi\u00f3n a las diez de la ma\u00f1ana que partir\u00e1 de la Gran Plaza Veracruz hacia la Iglesia la Catedral de la Asunci\u00f3n.<\/p>\n<p class=\"ecxMsoNormal\">Al respecto el fraile franciscano Enfr\u00e9n Ba\u00f1e\u00f1o S\u00e1nchez explic\u00f3 que en base al programa se contempla para ese d\u00eda a las 12 una misa solemne que ser\u00e1 presidida por Monse\u00f1or Luis Felipe Gallardo Mart\u00edn del Campo.<\/p>\n<p class=\"ecxMsoNormal\">Para el d\u00eda 18 de mayo habr\u00e1 una serie de conferencias en donde se tendr\u00e1 como expositores a Juan de Dios Garc\u00eda y David Bobadilla.<\/p>\n<p class=\"ecxMsoNormal\">Estas conferencias se impartir\u00e1n en conocido sal\u00f3n ubicado en la avenida las Am\u00e9ricas n\u00famero 231 del Fraccionamiento las Am\u00e9ricas de Boca del R\u00edo.<\/p>\n<p class=\"ecxMsoNormal\">Para el domingo 17 de mayo a las diez de la ma\u00f1ana se espera la llegada de la capilla de Nuestra Se\u00f1ora del Rosario en la Antigua Veracruz y, Rezo del Oficio Divino.<\/p>\n<p class=\"ecxMsoNormal\">A las 10:45 da inici\u00f3 la procesi\u00f3n hacia el Santuario El Cristo del Buen Viaje, en donde el presb\u00edtero Ismael Villegas Narv\u00e1ez recibe los santos evangelios.<\/p>\n<p class=\"ecxMsoNormal\">A las 12:00 horas habr\u00e1 una solemne eucarist\u00eda presidida por el ministro provincial de los frailes Mercedarios, dijo.<\/p>\n","protected":false},"excerpt":{"rendered":"<p>Conmemorar\u00e1n el 491 aniversario de la Evangelizaci\u00f3n en M\u00e9xico EFR\u00c9N-BALLE\u00d1O-SANCHEZ Fraile franciscano Enfr\u00e9n Ba\u00f1e\u00f1o S\u00e1nchez. Ausencio Rivera Gonz\u00e1lez El Dictamen En el marco de la celebraci\u00f3n del 491 aniversario del Inicio de la Evangelizaci\u00f3n en M\u00e9xico, este s\u00e1bado se realizar\u00e1 una procesi\u00f3n a las diez de la ma\u00f1ana que partir\u00e1 de la Gran Plaza Veracruz [&hellip;]<\/p>\n","protected":false},"author":249,"featured_media":11505,"comment_status":"open","ping_status":"closed","sticky":false,"template":"","format":"standard","meta":{"footnotes":""},"categories":[1],"tags":[],"class_list":["post-11504","post","type-post","status-publish","format-standard","has-post-thumbnail","hentry","category-sin-categoria"],"_links":{"self":[{"href":"http:\/\/eloficiodehistoriar.com.mx\/index.php?rest_route=\/wp\/v2\/posts\/11504","targetHints":{"allow":["GET"]}}],"collection":[{"href":"http:\/\/eloficiodehistoriar.com.mx\/index.php?rest_route=\/wp\/v2\/posts"}],"about":[{"href":"http:\/\/eloficiodehistoriar.com.mx\/index.php?rest_route=\/wp\/v2\/types\/post"}],"author":[{"embeddable":true,"href":"http:\/\/eloficiodehistoriar.com.mx\/index.php?rest_route=\/wp\/v2\/users\/249"}],"replies":[{"embeddable":true,"href":"http:\/\/eloficiodehistoriar.com.mx\/index.php?rest_route=%2Fwp%2Fv2%2Fcomments&post=11504"}],"version-history":[{"count":1,"href":"http:\/\/eloficiodehistoriar.com.mx\/index.php?rest_route=\/wp\/v2\/posts\/11504\/revisions"}],"predecessor-version":[{"id":11506,"href":"http:\/\/eloficiodehistoriar.com.mx\/index.php?rest_route=\/wp\/v2\/posts\/11504\/revisions\/11506"}],"wp:featuredmedia":[{"embeddable":true,"href":"http:\/\/eloficiodehistoriar.com.mx\/index.php?rest_route=\/wp\/v2\/media\/11505"}],"wp:attachment":[{"href":"http:\/\/eloficiodehistoriar.com.mx\/index.php?rest_route=%2Fwp%2Fv2%2Fmedia&parent=11504"}],"wp:term":[{"taxonomy":"category","embeddable":true,"href":"http:\/\/eloficiodehistoriar.com.mx\/index.php?rest_route=%2Fwp%2Fv2%2Fcategories&post=11504"},{"taxonomy":"post_tag","embeddable":true,"href":"http:\/\/eloficiodehistoriar.com.mx\/index.php?rest_route=%2Fwp%2Fv2%2Ftags&post=11504"}],"curies":[{"name":"wp","href":"https:\/\/api.w.org\/{rel}","templated":true}]}}