{"id":11508,"date":"2015-05-12T21:22:34","date_gmt":"2015-05-13T03:22:34","guid":{"rendered":"https:\/\/eloficiodehistoriar.com.mx\/?p=11508"},"modified":"2015-05-12T21:22:34","modified_gmt":"2015-05-13T03:22:34","slug":"la-cultura-en-mexico","status":"publish","type":"post","link":"http:\/\/eloficiodehistoriar.com.mx\/?p=11508","title":{"rendered":"La cultura en M\u00e9xico."},"content":{"rendered":"<h1 class=\"ecxMsoNormal\"><strong>La cultura en M\u00e9xico<\/strong><\/h1>\n<p class=\"ecxMsoNormal\">Hermann Bellinghausen<\/p>\n<p class=\"ecxMsoNormal\">El concepto de cultura se ha vuelto demasiado m\u00faltiple y se manosea en la voz de merolicos y pol\u00edticos (vengo de la cultura del esfuerzo, establezcamos una cultura del respeto o del ahorro), miembros de una casta que lleva rato exhibiendo cuan inculta es, cuan impermeable al conocimiento y la reflexi\u00f3n. Pero cosas de la modernidad, el Estado neoliberal, a pesar de sus gerentes, sigue financiando a la cultura. De modo elitista, pero relativamente amplio. Tiene su m\u00e9rito, ahora que el Estado se retira de sus funciones tradicionales y persigue otras (vender el territorio, arrendar nuestros tesoros, reprimir a gran escala, administrar los resultados), lejos de la estela revolucionaria y el funcional en su momento Estado desarrollista y de bienestar.<\/p>\n<p class=\"ecxMsoNormal\">\n<p class=\"ecxMsoNormal\">La idea de cultura como necesidad humana y deber del Estado, espacio para la creaci\u00f3n, el aprendizaje y el goce colectivo es relativamente nueva en M\u00e9xico. El trauma de la conquista y la brutal colonizaci\u00f3n erradicaron la cultura (en plural: civilizaci\u00f3n) de los pueblos avasallados, pues era diab\u00f3lica, primitiva, supersticiosa. La obra de aquel culturicidio se complet\u00f3 con una m\u00ednima educaci\u00f3n con base en la cristianizaci\u00f3n y la castellanizaci\u00f3n obligatorias. Los naturales en su totalidad, y buena parte de su prole mestiza, permaneci\u00f3 abandonada, iletrada, y las \u00e9lites no ve\u00edan la necesidad de allegarles cultura. La acaparaban ellos, y desde el poder de su desd\u00e9n, apenas tolerar\u00edan cierta dosis de folclor y pintoresquismo de los indios y las clases subalternas. La posibilidad de que all\u00ed residiera conocimiento, o alguna sabidur\u00eda, se deneg\u00f3 sistem\u00e1ticamente.<\/p>\n<p class=\"ecxMsoNormal\">\n<p class=\"ecxMsoNormal\">La generaci\u00f3n de la Reforma (los Prieto, Altamirano, Ram\u00edrez) asumi\u00f3 un magisterio nacional, con generosidad \u00fanica en la historia del pa\u00eds nos trajo universalidad en lo local. Mas la aparici\u00f3n de la cultura como asunto p\u00fablico, ajeno a la religi\u00f3n y parte de la educaci\u00f3n de los gentiles data de la Revoluci\u00f3n triunfante: el salto que separa a Jos\u00e9 Vasconcelos de Justo Sierra. La cultura se reconoci\u00f3 como un derecho de todos, no s\u00f3lo de las \u00e9lites (que en ese periodo se hab\u00edan desfondado). Empujado por generales, el siglo XX nace culturalmente con la utop\u00eda de que cualquiera podr\u00eda leer la Iliada y la Divina comedia en el ranchito m\u00e1s lejano.<\/p>\n<p class=\"ecxMsoNormal\">\n<p class=\"ecxMsoNormal\">Una nueva y rugiente generaci\u00f3n de artistas pl\u00e1sticos pone motor a la multiplicaci\u00f3n de los panes espirituales nacionalistas entre el proletariado y el agrarismo. Los muralistas representan la expresi\u00f3n m\u00e1s radical y eficaz. Reivindican antes y mejor que nadie el indigenismo, el pasado cultural y civilizatorio de los pueblos originales, y los vuelven sujeto constante de su denuncia pl\u00e1stica y su discurso redentor. Aun Orozco, m\u00e1s esc\u00e9ptico, da ese paso, y a la manera de Jos\u00e9 Revueltas la lleva a un m\u00e1s all\u00e1 tr\u00e1gico y universal.<\/p>\n<p class=\"ecxMsoNormal\">\n<p class=\"ecxMsoNormal\">Con el nacionalismo y la educaci\u00f3n p\u00fablica, literatura, cine, teatro, m\u00fasica, artes pl\u00e1sticas, arquitectura y otras musas se adscriben al Estado, igual que la salud, la justicia laboral, el reparto agrario. La demagogia posrevolucionaria aprovecha la cosa cultural y los nuevos referentes hist\u00f3ricos de la Naci\u00f3n de manera sostenida. Con los a\u00f1os, como todo en este mundo, lo nuevo dejar\u00eda de ser nuevo y comenzar\u00eda a desmoronarse. No obstante, a partir de los a\u00f1os 80, no sin cinismo, el Estado sostiene visibles pol\u00edticas culturales, relativamente a salvo de las privatizaciones y las claudicaciones legales y territoriales de su neoliberalismo.<\/p>\n<p class=\"ecxMsoNormal\">\n<p class=\"ecxMsoNormal\">La cultura en su acepci\u00f3n moderna (del siglo XX) incluye difusi\u00f3n, formaci\u00f3n, financiamiento (como el campesinado, la cultura recibe apoyos). Como resultado, millones de mexicanos tienen a la mano bibliotecas, museos, casa de la cultura que \u00bfqu\u00e9 sedimento dejaron? \u00bfQu\u00e9 se hizo para darles continuidad, est\u00edmulo y sentido? Hoy difusi\u00f3n empata con consumo. (Nueva definici\u00f3n de museo: lugar para sacarse buenas selfies.) A los pol\u00edticos y los administradores de la educaci\u00f3n y la cultura, el acceso a Internet y las redes sociales les resulta lo m\u00e1s cultural que puede haber. \u00a1Y moderno! (Bueno, ya sabemos qu\u00e9 gente tan inculta nos gobierna: clases de ingl\u00e9s y computaci\u00f3n para todos. \u00a1Aj\u00faa!)<\/p>\n<p class=\"ecxMsoNormal\">\n<p class=\"ecxMsoNormal\">Hasta el siglo XX se consider\u00f3 a las masas trabajadoras como merecedoras de cultura. Si bien la cultura de \u00e9stas no se tom\u00f3 muy en serio, y eso cuando se admit\u00eda su mera existencia. Como tema, an\u00e9cdota o propaganda, lo popular y folcl\u00f3rico siempre tuvieron prestigio cultural, y tambi\u00e9n lo ind\u00edgena. Ni la f\u00e1brica ni la milpa son espacios de cultura; para acceder a ella el trabajador necesita del ocio. Le da una opci\u00f3n para aprovechar el tiempo libre. Horas muertas para leer. Desde que aparece, la televisi\u00f3n compite con la cultura por el tiempo libre de la gente, y hace mucho que gan\u00f3 la batalla. Los medios electr\u00f3nicos y sus derivados en la edad cibern\u00e9tica han entronizado al entretenimiento. No hay cultura con semejante rating, y la tratan como a un residuo.<\/p>\n<p class=\"ecxMsoNormal\">\n","protected":false},"excerpt":{"rendered":"<p>La cultura en M\u00e9xico Hermann Bellinghausen El concepto de cultura se ha vuelto demasiado m\u00faltiple y se manosea en la voz de merolicos y pol\u00edticos (vengo de la cultura del esfuerzo, establezcamos una cultura del respeto o del ahorro), miembros de una casta que lleva rato exhibiendo cuan inculta es, cuan impermeable al conocimiento y [&hellip;]<\/p>\n","protected":false},"author":249,"featured_media":11509,"comment_status":"open","ping_status":"closed","sticky":false,"template":"","format":"standard","meta":{"footnotes":""},"categories":[1],"tags":[],"class_list":["post-11508","post","type-post","status-publish","format-standard","has-post-thumbnail","hentry","category-sin-categoria"],"_links":{"self":[{"href":"http:\/\/eloficiodehistoriar.com.mx\/index.php?rest_route=\/wp\/v2\/posts\/11508","targetHints":{"allow":["GET"]}}],"collection":[{"href":"http:\/\/eloficiodehistoriar.com.mx\/index.php?rest_route=\/wp\/v2\/posts"}],"about":[{"href":"http:\/\/eloficiodehistoriar.com.mx\/index.php?rest_route=\/wp\/v2\/types\/post"}],"author":[{"embeddable":true,"href":"http:\/\/eloficiodehistoriar.com.mx\/index.php?rest_route=\/wp\/v2\/users\/249"}],"replies":[{"embeddable":true,"href":"http:\/\/eloficiodehistoriar.com.mx\/index.php?rest_route=%2Fwp%2Fv2%2Fcomments&post=11508"}],"version-history":[{"count":1,"href":"http:\/\/eloficiodehistoriar.com.mx\/index.php?rest_route=\/wp\/v2\/posts\/11508\/revisions"}],"predecessor-version":[{"id":11510,"href":"http:\/\/eloficiodehistoriar.com.mx\/index.php?rest_route=\/wp\/v2\/posts\/11508\/revisions\/11510"}],"wp:featuredmedia":[{"embeddable":true,"href":"http:\/\/eloficiodehistoriar.com.mx\/index.php?rest_route=\/wp\/v2\/media\/11509"}],"wp:attachment":[{"href":"http:\/\/eloficiodehistoriar.com.mx\/index.php?rest_route=%2Fwp%2Fv2%2Fmedia&parent=11508"}],"wp:term":[{"taxonomy":"category","embeddable":true,"href":"http:\/\/eloficiodehistoriar.com.mx\/index.php?rest_route=%2Fwp%2Fv2%2Fcategories&post=11508"},{"taxonomy":"post_tag","embeddable":true,"href":"http:\/\/eloficiodehistoriar.com.mx\/index.php?rest_route=%2Fwp%2Fv2%2Ftags&post=11508"}],"curies":[{"name":"wp","href":"https:\/\/api.w.org\/{rel}","templated":true}]}}