{"id":11516,"date":"2015-05-15T07:13:24","date_gmt":"2015-05-15T13:13:24","guid":{"rendered":"https:\/\/eloficiodehistoriar.com.mx\/?p=11516"},"modified":"2015-05-15T07:13:24","modified_gmt":"2015-05-15T13:13:24","slug":"los-porrua","status":"publish","type":"post","link":"http:\/\/eloficiodehistoriar.com.mx\/?p=11516","title":{"rendered":"Los Porr\u00faa"},"content":{"rendered":"<div class=\"AppContainer\">\n<div id=\"c_base\" class=\"c_base\">\n<div id=\"c_content\" class=\"c_main\">\n<div id=\"pageContent\">\n<div id=\"pageInbox\" class=\"v-Page\">\n<div id=\"inboxControl0f\">\n<div class=\"containsYSizerBar\">\n<div class=\"ContentRight WithRightRail FullView\">\n<div class=\"ContentRightInner t_mbgc t_qtc t_urtc\">\n<div id=\"inboxControl0fv-ReadMessageContainer\" class=\"v-ReadMessageContainer slideOnResize\">\n<div class=\"c-ReadMessage\">\n<div id=\"ReadMessageScrollableSection\" class=\"rmMessages ClearBoth\">\n<div id=\"readMessagePartControl991f\" class=\"c-ReadMessagePart ReadMsgContainer HasLayout ClearBoth HideShadows FullPart NoHistory Read RmIc\">\n<div class=\"c-ReadMessagePartBody\">\n<div class=\"readMsgBody\">\n<div id=\"bodyreadMessagePartBodyControl996f\" class=\"ExternalClass MsgBodyContainer\">\n<div dir=\"ltr\">\n<p class=\"ecxMsoNormal\">Los Porr\u00faa<\/p>\n<p class=\"ecxMsoNormal\">Hugo Gutierrez Vega<\/p>\n<p class=\"ecxMsoNormal\">Desde hace varias d\u00e9cadas, la familia Porr\u00faa (con todos sus patriarcas, familiares, divisiones y subdivisiones) ha venido realizando una notable y digna de encomio y celebraci\u00f3n tarea de difusi\u00f3n masiva de la literatura mexicana. Presentaciones austeras y elegantes, excelentes pr\u00f3logos e impecable selecci\u00f3n de textos, son las caracter\u00edsticas de estos notables editores que tienen como ejemplo ilustre de su vocaci\u00f3n literaria la colecci\u00f3n Sepan Cuantos. Los precios de sus libros son accesibles para casi todos los bolsillos y conozco varios casos de estudiantes preparatorianos que han formado sus peque\u00f1as bibliotecas con libros de Porr\u00faa.<\/p>\n<p class=\"ecxMsoNormal\">Ahora que estoy seleccionando libros para hacer algunas donaciones, me he encontrado con ejemplares de las distintas colecciones de Porr\u00faa que jugaron un papel important\u00edsimo en mi conocimiento y estudio de la literatura mexicana. Los puse sobre mi mesa y d\u00eda a d\u00eda releo algunas de sus p\u00e1ginas y revivo el gozo de la primera lectura. En mis manos est\u00e1n los cuentos de Micr\u00f3s, el inolvidable \u00c1ngel de Campo, que con El Pinto. Notas biogr\u00e1ficas de un perro y \u201cChato Barrios\u201d, demuestra que el periodismo es un g\u00e9nero de la literatura tan hermoso e ilustre como los otros.<\/p>\n<p class=\"ecxMsoNormal\">Pienso que Micr\u00f3s debe ser le\u00eddo por todos los que quieran dedicarse al periodismo. Su sensibilidad social, su esp\u00edritu justiciero y libertario y su prosa fluida y amena cumplieron un papel fundamental en el desarrollo de las primeras inquietudes que dieron paso a nuestros movimientos revolucionarios. Veo al Chato Barrios, en el estrado de la \u201camiga\u201d manchado por el carb\u00f3n del negocio familiar y sosteniendo en sus manos sorprendidas el humilde diploma que daba fe de su capacidad estudiantil. En las primeras sillas se sentaban las se\u00f1oronas y los se\u00f1orones due\u00f1os del barrio, acompa\u00f1ados por sus hijos relamidos y racistas. El pobre Pinto sostiene un largo y angustioso mon\u00f3logo en el que nos habla de su vida, sus trabajos y sus dolores de perro callejero.<\/p>\n<p class=\"ecxMsoNormal\">De repente apareci\u00f3 el libro de Jes\u00fas Goytort\u00faa, Pensativa. Esta sorprendente novela gan\u00f3 un concurso de El Universal y fue publicada por Porr\u00faa. Muy pocos se dieron cuenta de que este magn\u00edfico trabajo narrativo, junto con Los cristeros y los bragados, de Jos\u00e9 Guadalupe de Anda, es uno de los testimonios m\u00e1s crudos, fieles, objetivos y bien escritos sobre las guerras cristeras y sus consecuencias. Pensativa es una novela en la que predomina la oscuridad. En ella est\u00e1n las osamentas, los cr\u00e1neos agujereados y las memorias enfermas de las guerras fratricidas que oscurecieron los a\u00f1os veinte y el principio de los treinta de nuestro pa\u00eds.<\/p>\n<p class=\"ecxMsoNormal\">Chucho el Ninfo y Baile y cochino de nuestro periodista y narrador Facundo nos producen un renovado regocijo. Su costumbrismo trasciende la an\u00e9cdota al interpretarla y darle sentido cr\u00edtico. Los personajes de la realidad adquieren una fuerza especial cuando se les retrata en vivo y se les pone a hablar como ellos hablan. De esta manera la caricatura o, si usted quiere, la parodia, cumplen una funci\u00f3n literaria y, al mismo tiempo, una ingente tarea de cr\u00edtica de las costumbres.<\/p>\n<p class=\"ecxMsoNormal\">No recuerdo de momento cu\u00e1ntos t\u00edtulos tiene Sepan Cuantos. El t\u00edtulo de la colecci\u00f3n nos autoriza a no ser demasiado precisos. Lo que s\u00ed sabemos es que todos son buenos, sencillos y baratos, y que todos han colaborado de manera notable a la promoci\u00f3n del libro en nuestro medio dominado por comerciantes feroces y por mercachifles capaces de torcer el camino de la cr\u00edtica literaria para servir a sus intereses. Pensemos en todos los prestigios falsos que en unos cuantos a\u00f1os han desaparecido y en las enf\u00e1ticas declaraciones sobre la genialidad de autores que escribieron un librito m\u00e1s o menos ingenioso y despu\u00e9s desaparecieron de la vida literaria. Sepan Cu\u00e1ntos no utiliza esas t\u00e1cticas de los \u201ccreativos\u201d de la propaganda literaria y de sus servidores que en revistas y suplementos les ayudan a crear prestigios falsos para vender sus productos tristemente perecederos.<\/p>\n<p class=\"ecxMsoNormal\">Sobre mi mesa est\u00e1n Facundo, Micr\u00f3s y Goytort\u00faa. Ayer me resplandeci\u00f3 la tarde al releer, en la edici\u00f3n Porr\u00faa, el Acto preparatorio de Al filo del agua, de Agust\u00edn Y\u00e1\u00f1ez.<\/p>\n<\/div>\n<\/div>\n<\/div>\n<\/div>\n<\/div>\n<\/div>\n<\/div>\n<\/div>\n<\/div>\n<\/div>\n<\/div>\n<\/div>\n<\/div>\n<\/div>\n<\/div>\n<\/div>\n<\/div>\n","protected":false},"excerpt":{"rendered":"<p>Los Porr\u00faa Hugo Gutierrez Vega Desde hace varias d\u00e9cadas, la familia Porr\u00faa (con todos sus patriarcas, familiares, divisiones y subdivisiones) ha venido realizando una notable y digna de encomio y celebraci\u00f3n tarea de difusi\u00f3n masiva de la literatura mexicana. Presentaciones austeras y elegantes, excelentes pr\u00f3logos e impecable selecci\u00f3n de textos, son las caracter\u00edsticas de estos [&hellip;]<\/p>\n","protected":false},"author":249,"featured_media":11517,"comment_status":"open","ping_status":"closed","sticky":false,"template":"","format":"standard","meta":{"footnotes":""},"categories":[24,10,27,12,28],"tags":[],"class_list":["post-11516","post","type-post","status-publish","format-standard","has-post-thumbnail","hentry","category-ciudad-de-mexico","category-historia","category-latinoamerica","category-libros","category-literatura"],"_links":{"self":[{"href":"http:\/\/eloficiodehistoriar.com.mx\/index.php?rest_route=\/wp\/v2\/posts\/11516","targetHints":{"allow":["GET"]}}],"collection":[{"href":"http:\/\/eloficiodehistoriar.com.mx\/index.php?rest_route=\/wp\/v2\/posts"}],"about":[{"href":"http:\/\/eloficiodehistoriar.com.mx\/index.php?rest_route=\/wp\/v2\/types\/post"}],"author":[{"embeddable":true,"href":"http:\/\/eloficiodehistoriar.com.mx\/index.php?rest_route=\/wp\/v2\/users\/249"}],"replies":[{"embeddable":true,"href":"http:\/\/eloficiodehistoriar.com.mx\/index.php?rest_route=%2Fwp%2Fv2%2Fcomments&post=11516"}],"version-history":[{"count":1,"href":"http:\/\/eloficiodehistoriar.com.mx\/index.php?rest_route=\/wp\/v2\/posts\/11516\/revisions"}],"predecessor-version":[{"id":11518,"href":"http:\/\/eloficiodehistoriar.com.mx\/index.php?rest_route=\/wp\/v2\/posts\/11516\/revisions\/11518"}],"wp:featuredmedia":[{"embeddable":true,"href":"http:\/\/eloficiodehistoriar.com.mx\/index.php?rest_route=\/wp\/v2\/media\/11517"}],"wp:attachment":[{"href":"http:\/\/eloficiodehistoriar.com.mx\/index.php?rest_route=%2Fwp%2Fv2%2Fmedia&parent=11516"}],"wp:term":[{"taxonomy":"category","embeddable":true,"href":"http:\/\/eloficiodehistoriar.com.mx\/index.php?rest_route=%2Fwp%2Fv2%2Fcategories&post=11516"},{"taxonomy":"post_tag","embeddable":true,"href":"http:\/\/eloficiodehistoriar.com.mx\/index.php?rest_route=%2Fwp%2Fv2%2Ftags&post=11516"}],"curies":[{"name":"wp","href":"https:\/\/api.w.org\/{rel}","templated":true}]}}