{"id":11725,"date":"2015-12-19T15:09:26","date_gmt":"2015-12-19T21:09:26","guid":{"rendered":"https:\/\/eloficiodehistoriar.com.mx\/?p=11725"},"modified":"2015-12-19T15:09:26","modified_gmt":"2015-12-19T21:09:26","slug":"fallece-kurt-masur-uno-de-los-mas-grandes-directores-de-orquesta","status":"publish","type":"post","link":"http:\/\/eloficiodehistoriar.com.mx\/?p=11725","title":{"rendered":"Fallece Kurt Masur, uno de los m\u00e1s grandes directores de orquesta"},"content":{"rendered":"<p class=\"x_MsoNormal\">Fallece Kurt Masur, uno de los m\u00e1s grandes directores de orquesta<\/p>\n<p class=\"x_MsoNormal\">Pablo Espinosa<\/p>\n<p class=\"x_MsoNormal\">La Jornada<\/p>\n<p class=\"x_MsoNormal\">\u00a0El director de orquesta alem\u00e1n Kurt Masur falleci\u00f3 este s\u00e1bado en su casa, en Nueva York, a los 88 a\u00f1os de edad. Con \u00e9l culmina una era, la de las grandes figuras human\u00edsticas que desde su condici\u00f3n de artistas cambian el curso de la historia. Fue uno de los art\u00edfices de la reunificaci\u00f3n alemana. Como figura moral, condujo las acciones preservando lo que \u00e9l llam\u00f3 \u201cla revoluci\u00f3n alemana\u201d sin violencia.<\/p>\n<p class=\"x_MsoNormal\">Poco afecto al marketing, cuyo polo opuesto es sin duda Herbert von Karajan (1908-1989), Kurt Masur no figura en las grandes marquesinas de mero consumo. Su concentraci\u00f3n en el trabajo lo destinan al gran pante\u00f3n de los inmortales.<\/p>\n<p class=\"x_MsoNormal\">Visit\u00f3 M\u00e9xico en distintas ocasiones y giras. La primera vez ocurri\u00f3 en mayo de 1980, al frente de la Gewandhaus de Leipzig, de la que fue titular durante 26 a\u00f1os, cuando todav\u00eda exist\u00eda la Rep\u00fablica Democr\u00e1tica Alemana.<\/p>\n<p class=\"x_MsoNormal\">En junio de 1997 retorn\u00f3 al Palacio de Bellas Artes, ahora como titular de la Filarm\u00f3nica de Nueva York, a la que dirigi\u00f3 durante once a\u00f1os y ante la imposibilidad de seguir como titular, debido a un estatuto que impide que un director permanezca m\u00e1s de diez a\u00f1os, fue nombrado Director Em\u00e9rito, para luego asumir la titularidad de la Orquesta Nacional de Francia, donde a su vez recibi\u00f3 el nombramiento de Director Musical Honorario de Por Vida.<\/p>\n<p class=\"x_MsoNormal\">Su visita m\u00e1s impactante ocurri\u00f3 en la Sala Nezahualc\u00f3yotl, donde dirigi\u00f3 con una mano solamente debido a una de sus constantes ca\u00eddas en su etapa madura. Era corpulento, de risa infantil, amorosa, y cuando su cuerpo no resist\u00eda, se fractur\u00f3 un om\u00f3plato en 2012, la cadera en 2013 y siempre regres\u00f3 al podio. Recuerda la agencia Dpa: \u201cme mantiene en forma saber que a las diez de la ma\u00f1ana tengo ensayo \u00bfqu\u00e9 voy a hacer si no, dejar de trabajar y esperar que llegue la muerte?\u201d.<\/p>\n<p class=\"x_MsoNormal\">Durante sus visitas, concedi\u00f3 entrevistas exclusivas a La Jornada.<\/p>\n<p class=\"x_MsoNormal\">\n<p class=\"x_MsoNormal\">En la Sala Nezahualc\u00f3yotl, por ejemplo, dijo a este reportero:<\/p>\n<p class=\"x_MsoNormal\">\n<p class=\"x_MsoNormal\">\u2014 \u00bfEn qu\u00e9 momento ocurre el milagro po\u00e9tico de la m\u00fasica?<\/p>\n<p class=\"x_MsoNormal\">\n<p class=\"x_MsoNormal\">\u2014 Si pensamos en Bruckner \u2014respondi\u00f3 Masur \u2014 est\u00e1 la apariencia de lo simple. Bruckner es el autor de la m\u00e1xima simplicidad. Pero si se sigue con atenci\u00f3n, se notar\u00e1 que esa simpleza est\u00e1 llena de colores, de significados muy variados. Y todo el tiempo parece estar repitiendo lo mismo, pero todo el tiempo dice cosas diferentes. Algunas veces parecer\u00e1 sonar un ave canora, otra el canto del tromb\u00f3n, el color del sonido de una trompeta, o bien el color que dan los cornos. Te materializa, en ese instante, el m\u00e1s alto linaje de los sentimientos que tienes dentro. Es el instante de la poes\u00eda en la m\u00fasica. Puede suceder tambi\u00e9n en un adagio de Mahler. O en Schumann, cuyo Concierto para Cuatro Cornos interpretaremos esta noche en M\u00e9xico. Al escuchar a Schumann uno distingue la herida de inmediato, el coraz\u00f3n atormentado, la pasi\u00f3n ardiendo. Muchos directores de orquesta toman demasiado a la ligera la m\u00fasica rom\u00e1ntica. Para m\u00ed el esp\u00edritu de la m\u00fasica rom\u00e1ntica no vive en el lirismo, sino en las emociones. Ah\u00ed anida tambi\u00e9n ese instante en el que ocurre la poes\u00eda.<\/p>\n<p class=\"x_MsoNormal\">\n<p class=\"x_MsoNormal\">Kurt Masur instaur\u00f3 una po\u00e9tica en el arte de la direcci\u00f3n de orquesta. Lo recordamos dirigiendo con los dedos, los pu\u00f1os, los antebrazos, sin batuta, elevado muchos metros por encima de la orquesta, no solamente debido a su estatura sino su estilo tan potente que no imped\u00eda la danza. Su cuerpo entero era una masa compacta de m\u00fasica infinita.<\/p>\n<p class=\"x_MsoNormal\">\n<p class=\"x_MsoNormal\">Deja una discograf\u00eda impresionante. Ninguno de esos discos fue grabado en estudio, sino todos en vivo, por las razones que expuso as\u00ed en una de las entrevistas que concedi\u00f3 a La Jornada:<\/p>\n<p class=\"x_MsoNormal\">\n<p class=\"x_MsoNormal\">\u00bfCu\u00e1l es su posici\u00f3n en una era en la que impera la m\u00fasica grabada?<\/p>\n<p class=\"x_MsoNormal\">\n<p class=\"x_MsoNormal\">Creo en las grabaciones \u00fanicamente como una forma de capturar las interpretaciones en vivo. Eso es algo muy interesante que est\u00e1 a\u00fan por descubrirse. Y no se ha descubierto porque la grabaci\u00f3n discogr\u00e1fica es una industria sustentada en conceptos tales como el marketing, \u00e9xito y otros factores que no tienen que ver con lo art\u00edstico. Lo importante es que sea el p\u00fablico el que decida, convencido por sus propias necesidades est\u00e9ticas y no por razones inducidas por la industria. Lo fundamental estriba en indagar por lo verdaderamente convincente, en la convicci\u00f3n propia de cada escucha. Es por eso que yo estoy por las grabaciones discogr\u00e1ficas, pero en vivo, en una sala de conciertos y no en un estudio.<\/p>\n<p class=\"x_MsoNormal\">\n<p class=\"x_MsoNormal\">\u201cAhora, claro, quedan riesgos todav\u00eda: usted se lleva a casa una obra interpretada con errores, que yo no estoy dispuesto a esconder, como se acostumbra en las grabaciones discogr\u00e1ficas, y usted va a escuchar en su casa una sola versi\u00f3n de una obra tocada con los mismos errores todos los d\u00edas, lo cual puede llegar a ser un tanto molesto, pero sobre todo injusto para los compositores que quedan documentados y sus obras conocidas por el gran p\u00fablico que no lee m\u00fasica, con errores. Pero al fin y al cabo, son todav\u00eda algunos riesgos que corren quienes quieren confiar incondicionalmente en la m\u00fasica grabada. Es por eso que yo no grabo sino versiones en vivo. Es lo \u00fanico que pueden lograr los discos: capturar una versi\u00f3n en vivo, una sola\u201d.<\/p>\n<p class=\"x_MsoNormal\">\n<p class=\"x_MsoNormal\">Lo que queda del maestro Kurt Masur: el milagro de la poes\u00eda en la m\u00fasica, su gigantesca estatura f\u00edsica y musical, sus visitas a M\u00e9xico. Su condici\u00f3n de gigante de la historia de la cultura de Occidente.<\/p>\n<p class=\"x_MsoNormal\">\n<p class=\"x_MsoNormal\">Ah, y una discograf\u00eda impresionante. Toda en vivo. Viva. Adi\u00f3s, maestro Masur.<\/p>\n","protected":false},"excerpt":{"rendered":"<p>Fallece Kurt Masur, uno de los m\u00e1s grandes directores de orquesta Pablo Espinosa La Jornada \u00a0El director de orquesta alem\u00e1n Kurt Masur falleci\u00f3 este s\u00e1bado en su casa, en Nueva York, a los 88 a\u00f1os de edad. Con \u00e9l culmina una era, la de las grandes figuras human\u00edsticas que desde su condici\u00f3n de artistas cambian [&hellip;]<\/p>\n","protected":false},"author":249,"featured_media":11726,"comment_status":"open","ping_status":"closed","sticky":false,"template":"","format":"standard","meta":{"footnotes":""},"categories":[1],"tags":[],"class_list":["post-11725","post","type-post","status-publish","format-standard","has-post-thumbnail","hentry","category-sin-categoria"],"_links":{"self":[{"href":"http:\/\/eloficiodehistoriar.com.mx\/index.php?rest_route=\/wp\/v2\/posts\/11725","targetHints":{"allow":["GET"]}}],"collection":[{"href":"http:\/\/eloficiodehistoriar.com.mx\/index.php?rest_route=\/wp\/v2\/posts"}],"about":[{"href":"http:\/\/eloficiodehistoriar.com.mx\/index.php?rest_route=\/wp\/v2\/types\/post"}],"author":[{"embeddable":true,"href":"http:\/\/eloficiodehistoriar.com.mx\/index.php?rest_route=\/wp\/v2\/users\/249"}],"replies":[{"embeddable":true,"href":"http:\/\/eloficiodehistoriar.com.mx\/index.php?rest_route=%2Fwp%2Fv2%2Fcomments&post=11725"}],"version-history":[{"count":1,"href":"http:\/\/eloficiodehistoriar.com.mx\/index.php?rest_route=\/wp\/v2\/posts\/11725\/revisions"}],"predecessor-version":[{"id":11727,"href":"http:\/\/eloficiodehistoriar.com.mx\/index.php?rest_route=\/wp\/v2\/posts\/11725\/revisions\/11727"}],"wp:featuredmedia":[{"embeddable":true,"href":"http:\/\/eloficiodehistoriar.com.mx\/index.php?rest_route=\/wp\/v2\/media\/11726"}],"wp:attachment":[{"href":"http:\/\/eloficiodehistoriar.com.mx\/index.php?rest_route=%2Fwp%2Fv2%2Fmedia&parent=11725"}],"wp:term":[{"taxonomy":"category","embeddable":true,"href":"http:\/\/eloficiodehistoriar.com.mx\/index.php?rest_route=%2Fwp%2Fv2%2Fcategories&post=11725"},{"taxonomy":"post_tag","embeddable":true,"href":"http:\/\/eloficiodehistoriar.com.mx\/index.php?rest_route=%2Fwp%2Fv2%2Ftags&post=11725"}],"curies":[{"name":"wp","href":"https:\/\/api.w.org\/{rel}","templated":true}]}}