{"id":11728,"date":"2015-12-24T10:43:30","date_gmt":"2015-12-24T16:43:30","guid":{"rendered":"https:\/\/eloficiodehistoriar.com.mx\/?p=11728"},"modified":"2015-12-24T10:43:30","modified_gmt":"2015-12-24T16:43:30","slug":"el-periodista-poeta-sacerdote-jesuita-y-fundador-de-la-revista-proceso-enrique-maza-fallecio-la-noche-de-ayer-miercoles-a-los-86-anos-de-edad","status":"publish","type":"post","link":"http:\/\/eloficiodehistoriar.com.mx\/?p=11728","title":{"rendered":"El periodista, poeta, sacerdote jesuita y fundador de la revista Proceso, Enrique Maza, falleci\u00f3 la noche de ayer mi\u00e9rcoles a los 86 a\u00f1os de edad."},"content":{"rendered":"<p class=\"x_MsoNormal\">El periodista, poeta, sacerdote jesuita y fundador de la revista Proceso, Enrique Maza, falleci\u00f3 la noche de ayer mi\u00e9rcoles a los 86 a\u00f1os de edad.<\/p>\n<p class=\"x_MsoNormal\">(apro).-<\/p>\n<p class=\"x_MsoNormal\">Enrique Maza, periodista, poeta, sacerdote jesuita y fundador de la revista Proceso, falleci\u00f3 la noche del mi\u00e9rcoles a los 86 a\u00f1os de edad.<\/p>\n<p class=\"x_MsoNormal\">Maza naci\u00f3 en El Paso en 1929, donde sus padres se hab\u00edan refugiado de la guerra cristera. Cuando ten\u00eda un a\u00f1o de edad lleg\u00f3 a la Ciudad de M\u00e9xico y cumplidos los 16 ingres\u00f3 a la Compa\u00f1\u00eda de Jes\u00fas. Estudi\u00f3 periodismo en la Universidad de Missouri y ten\u00eda maestr\u00edas en Ciencias y Humanidades, Filosof\u00eda y Teolog\u00eda.<\/p>\n<p class=\"x_MsoNormal\">Fue columnista de Excelsior desde 1964 hasta 1976 y entre 1968 y 1969 fue vicepresidente de la Prensa Cat\u00f3lica Internacional.<\/p>\n<p class=\"x_MsoNormal\">A partir de 1976 escribi\u00f3 en Proceso, semanario del que fue directivo junto con los tambi\u00e9n ya fallecidos Julio Scherer Garc\u00eda y Vicente Le\u00f1ero.<\/p>\n<p class=\"x_MsoNormal\">Escribi\u00f3, entre otros, los siguientes libros: Libertad de expresi\u00f3n en la Iglesia; Rostros del hombre; La cara oculta de la migraci\u00f3n; Medios de comunicaci\u00f3n: realidades y b\u00fasquedas; Lo pleno y lo vac\u00edo y El Diablo.<\/p>\n<p class=\"x_MsoNormal\">En una entrevista realizada por Silvia Isabel G\u00e1mez, en enero del 2009, se preguntaba \u201c\u00bfC\u00f3mo se relaciona que el Papa viva en uno de los palacios m\u00e1s ricos del mundo con la pobreza de Jes\u00fas? \u00bfEs el Papa m\u00e1s que Jes\u00fas, al que representa?\u201d.<\/p>\n<p class=\"x_MsoNormal\">Puntual cr\u00edtico de la Iglesia cat\u00f3lica, dec\u00eda: \u201cno ha predicado la Biblia, sino su propia doctrina, hasta distorsionar su mensaje y el del Evangelio\u201d.<\/p>\n<p class=\"x_MsoNormal\">Discrepaba de quienes esperaban todo de Dios. \u201cNosotros somos los responsables de nuestra vida, de nuestros deseos y ambiciones, de nuestra peque\u00f1ez o grandeza. Nosotros. Soy yo quien tengo que confrontar mi vida, mis acciones y mis palabras con lo que Jes\u00fas dice y fue\u201d.<\/p>\n<p class=\"x_MsoNormal\">Usaba las palabras atribuidas a Jes\u00fas para explicar su manera de vivir:<\/p>\n<p class=\"x_MsoNormal\">\u201cJes\u00fas dijo: \u2018Yo no estoy aqu\u00ed como el que manda, estoy como el que sirve\u2019. Eso es lo que nos toca: apoyar, servir, respetar. No tengo por qu\u00e9 imponerle a los dem\u00e1s rezar el rosario y decirles que es pecado mortal no ir a misa\u201d.<\/p>\n<p class=\"x_MsoNormal\">La periodista le pregunto si el sexo era pecado y el respondi\u00f3:<\/p>\n<p class=\"x_MsoNormal\">\u201cNo, pecado es forzar a alguien. Si el sexo hace da\u00f1o, est\u00e1 mal, pero en la medida en que sea una manera bella de expresar el amor, me parece maravilloso\u201d. \u00bfY el aborto? \u201cSe hacen unas bolas\u2026 pero yo digo, un feto no empieza a ser humano antes del sexto mes, porque no se han formado las c\u00e9lulas cerebrales. Y donde no hay cerebro, no hay ser humano\u201d.<\/p>\n<p class=\"x_MsoNormal\">-\u00bfY la homosexualidad?<\/p>\n<p class=\"x_MsoNormal\">\n<p class=\"x_MsoNormal\">-Yo la tengo en mi familia y no hay problema. As\u00ed son y ni modo. El problema es que no respetamos al ser humano, su manera de ser, sus decisiones.<\/p>\n<p class=\"x_MsoNormal\">Confes\u00f3: \u201cMi sacerdocio no ha consistido en decir rosarios, misas y confesar, rara vez hice esas cosas. Mi apostolado era otro; como Jes\u00fas, el supremo sacerdote, que se dedic\u00f3 a recorrer Palestina hablando y tratando de convertir a los dem\u00e1s, denunciando a quienes explotaban al pueblo\u201d.<\/p>\n<p class=\"x_MsoNormal\">-\u00bfTuvo ca\u00eddas?<\/p>\n<p class=\"x_MsoNormal\">-S\u00ed, como todos, pero se trata simplemente de aceptar mi condici\u00f3n humana y decir, s\u00ed, yo no soy la trompa del tren, tampoco el cabuz, soy uno de los carros, igualito que los dem\u00e1s. No pretendo aparentar m\u00e1s de lo que soy.<\/p>\n<p class=\"x_MsoNormal\">-\u00bfHab\u00eda algo que detonara esas ca\u00eddas?<\/p>\n<p class=\"x_MsoNormal\">-No, cae uno como todo el mundo: un ego\u00edsmo, un enojo, te hace sacudir el \u00e1rbol geneal\u00f3gico de alguien. Dios nunca pretendi\u00f3 que los hombres fueran perfectos.<\/p>\n<p class=\"x_MsoNormal\">Enrique Maza viv\u00eda retirado en la Casa Provincial de los Jesuitas.<\/p>\n<p class=\"x_MsoNormal\">El Dictamen.- El periodista, poeta, sacerdote jesuita y fundador de la revista Proceso, Enrique Maza, falleci\u00f3 la noche de ayer mi\u00e9rcoles a los 86 a\u00f1os de edad.<\/p>\n<p class=\"x_MsoNormal\">\n<p class=\"x_MsoNormal\">La Revista Proceso, donde fue directivo junto con los tambi\u00e9n fallecidos Julio Scherer Garc\u00eda y Vicente Le\u00f1ero, inform\u00f3 de su fallecimiento en su sitio web.<\/p>\n<p class=\"x_MsoNormal\">\n<p class=\"x_MsoNormal\">Maza naci\u00f3 en El Paso, Texas, en 1929, donde sus padres se hab\u00edan refugiado de la guerra cristera. Cuando ten\u00eda un a\u00f1o de edad lleg\u00f3 a la Ciudad de M\u00e9xico y cumplidos los 16 ingres\u00f3 a la Compa\u00f1\u00eda de Jes\u00fas. Estudi\u00f3 periodismo en la Universidad de Missouri y ten\u00eda maestr\u00edas en Ciencias y Humanidades, Filosof\u00eda y Teolog\u00eda.<\/p>\n<p class=\"x_MsoNormal\">\n<p class=\"x_MsoNormal\">Escribi\u00f3, entre otros, los siguientes libros: Libertad de expresi\u00f3n en la Iglesia; Rostros del hombre; La cara oculta de la migraci\u00f3n; Medios de comunicaci\u00f3n: realidades y b\u00fasquedas; Lo pleno y lo vac\u00edo y El Diablo.<\/p>\n","protected":false},"excerpt":{"rendered":"<p>El periodista, poeta, sacerdote jesuita y fundador de la revista Proceso, Enrique Maza, falleci\u00f3 la noche de ayer mi\u00e9rcoles a los 86 a\u00f1os de edad. (apro).- Enrique Maza, periodista, poeta, sacerdote jesuita y fundador de la revista Proceso, falleci\u00f3 la noche del mi\u00e9rcoles a los 86 a\u00f1os de edad. Maza naci\u00f3 en El Paso en [&hellip;]<\/p>\n","protected":false},"author":249,"featured_media":11729,"comment_status":"open","ping_status":"closed","sticky":false,"template":"","format":"standard","meta":{"footnotes":""},"categories":[1],"tags":[],"class_list":["post-11728","post","type-post","status-publish","format-standard","has-post-thumbnail","hentry","category-sin-categoria"],"_links":{"self":[{"href":"http:\/\/eloficiodehistoriar.com.mx\/index.php?rest_route=\/wp\/v2\/posts\/11728","targetHints":{"allow":["GET"]}}],"collection":[{"href":"http:\/\/eloficiodehistoriar.com.mx\/index.php?rest_route=\/wp\/v2\/posts"}],"about":[{"href":"http:\/\/eloficiodehistoriar.com.mx\/index.php?rest_route=\/wp\/v2\/types\/post"}],"author":[{"embeddable":true,"href":"http:\/\/eloficiodehistoriar.com.mx\/index.php?rest_route=\/wp\/v2\/users\/249"}],"replies":[{"embeddable":true,"href":"http:\/\/eloficiodehistoriar.com.mx\/index.php?rest_route=%2Fwp%2Fv2%2Fcomments&post=11728"}],"version-history":[{"count":1,"href":"http:\/\/eloficiodehistoriar.com.mx\/index.php?rest_route=\/wp\/v2\/posts\/11728\/revisions"}],"predecessor-version":[{"id":11730,"href":"http:\/\/eloficiodehistoriar.com.mx\/index.php?rest_route=\/wp\/v2\/posts\/11728\/revisions\/11730"}],"wp:featuredmedia":[{"embeddable":true,"href":"http:\/\/eloficiodehistoriar.com.mx\/index.php?rest_route=\/wp\/v2\/media\/11729"}],"wp:attachment":[{"href":"http:\/\/eloficiodehistoriar.com.mx\/index.php?rest_route=%2Fwp%2Fv2%2Fmedia&parent=11728"}],"wp:term":[{"taxonomy":"category","embeddable":true,"href":"http:\/\/eloficiodehistoriar.com.mx\/index.php?rest_route=%2Fwp%2Fv2%2Fcategories&post=11728"},{"taxonomy":"post_tag","embeddable":true,"href":"http:\/\/eloficiodehistoriar.com.mx\/index.php?rest_route=%2Fwp%2Fv2%2Ftags&post=11728"}],"curies":[{"name":"wp","href":"https:\/\/api.w.org\/{rel}","templated":true}]}}