{"id":11748,"date":"2016-01-24T13:34:00","date_gmt":"2016-01-24T19:34:00","guid":{"rendered":"https:\/\/eloficiodehistoriar.com.mx\/?p=11748"},"modified":"2016-01-24T13:34:00","modified_gmt":"2016-01-24T19:34:00","slug":"la-teoria-de-la-historia-en-mexico-1940-1973","status":"publish","type":"post","link":"http:\/\/eloficiodehistoriar.com.mx\/?p=11748","title":{"rendered":"La teor\u00eda de la historia en M\u00e9xico (1940-1973)"},"content":{"rendered":"<p class=\"x_MsoNormal\">La teor\u00eda de la historia en M\u00e9xico (1940-1968)<\/p>\n<p class=\"x_MsoNormal\">\u00c1lvaro Matute (selecci\u00f3n y pr\u00f3logo)<\/p>\n<p class=\"x_MsoNormal\">Fondo de Cultura Econ\u00f3mica, M\u00e9xico, 2015.<\/p>\n<p class=\"x_MsoNormal\">Ricardo Guzm\u00e1n Wolffer<\/p>\n<p class=\"x_MsoNormal\">Originalmente publicada en 1974, esta compilaci\u00f3n de ensayos sobre la historiograf\u00eda nacional establece varios modos de aproximaci\u00f3n a la concepci\u00f3n no s\u00f3lo de la historia, sino de la manera en que se advierte el transcurrir de la vida.<\/p>\n<p class=\"x_MsoNormal\">\n<p class=\"x_MsoNormal\">La profundidad de cada texto impide el comentario de todos, pero algunos son ineludibles, como las sesiones donde participaron O\u2019Gorman, Caso, Iglesia y otros para hablar \u201csobre el problema de la verdad hist\u00f3rica\u201d. \u201cLa verdad en Historia no es otra cosa sino la adecuaci\u00f3n del pasado humano (selecci\u00f3n) a las exigencias vitales del presente\u201d, dice Miguel de Unamuno, sobre lo cual Antonio Caso comenta problem\u00e1ticas m\u00e1s profundas: \u00bfen verdad el ser humano puede conocer lo que sucede en su esp\u00edritu?, \u00bfo fuera de su persona? Caso parte de la necesidad de establecer la subjetividad del historiador y c\u00f3mo debe optar por las fuentes a consultar para luego establecer jerarqu\u00edas en su apreciaci\u00f3n, partiendo desde luego de las condiciones del propio historiador. No existe un historiador \u201cobjetivo\u201d: si es un an\u00e1lisis retrospectivo, se enfrenta a tales aspectos (fuentes confiables y necesidad de seleccionarlas y priorizarlas); si es un cronista, contempor\u00e1neo del hecho, se ver\u00e1 influenciado por los hechos mismos; incluso los documentos privados a consultar, donde el emisor no pensaba siquiera en el fen\u00f3meno hist\u00f3rico, tambi\u00e9n ser\u00e1n parciales. Caso equipara al historiador con el juez, bajo el dato a\u00f1adido de que, por las diferencias de tiempo, de c\u00f3digos morales, \u00e9ticos y de circunstancias, es m\u00e1s improbable que juez y acusado compartan idiomas morales, por la separaci\u00f3n de juicios. A ello, a\u00f1ade Jos\u00e9 Gaos, se suma la edad del historiador, pues incluso los m\u00e1s avezados en su juventud ir\u00e1n cambiando de habilidades y de mecanismos mentales para interpretar y seleccionar. Parece, nos dicen los enormes historiadores de esas d\u00e9cadas, que la verdad hist\u00f3rica objetiva es m\u00e1s un anhelo que un hecho plausible.<\/p>\n<p class=\"x_MsoNormal\">\n<p class=\"x_MsoNormal\">Bastar\u00eda ver los nombres de los autores que hablan sobre historia para establecer la necesidad de leer este libro, seamos o no especialistas: Alfonso Reyes, Edmundo O\u00b4Gorman, Alfonso Caso, Jes\u00fas Reyes Heroles, Jos\u00e9 Gaos, Ram\u00f3n Iglesia, y otros de similar calibre.<\/p>\n<p class=\"x_MsoNormal\">\n<p class=\"x_MsoNormal\">\u201cEs con la precisi\u00f3n del derecho, con el s\u00edmbolo del arte, con la aproximaci\u00f3n de la pol\u00edtica, con el rigor de la ciencia, los datos y an\u00e1lisis de la sociolog\u00eda, como el hombre escribe Historia\u201d, precisa Reyes.<\/p>\n<p class=\"x_MsoNormal\">\n<p class=\"x_MsoNormal\">En la vivencia actual, donde hablar de \u201cverdad hist\u00f3rica\u201d de cr\u00edmenes y sus usufructos, implica escuchar y amalgamar las m\u00e1s dispares voces; donde el olvido hist\u00f3rico ha permitido los viejos abusos de las partes del Estado, resulta muy necesario regresar a las ideas originales que sobre la Historia plantearon especialistas hace unas d\u00e9cadas. Un texto imprescindible \u2022<\/p>\n<p>&nbsp;<\/p>\n","protected":false},"excerpt":{"rendered":"<p>La teor\u00eda de la historia en M\u00e9xico (1940-1968) \u00c1lvaro Matute (selecci\u00f3n y pr\u00f3logo) Fondo de Cultura Econ\u00f3mica, M\u00e9xico, 2015. Ricardo Guzm\u00e1n Wolffer Originalmente publicada en 1974, esta compilaci\u00f3n de ensayos sobre la historiograf\u00eda nacional establece varios modos de aproximaci\u00f3n a la concepci\u00f3n no s\u00f3lo de la historia, sino de la manera en que se advierte [&hellip;]<\/p>\n","protected":false},"author":249,"featured_media":11749,"comment_status":"open","ping_status":"closed","sticky":false,"template":"","format":"standard","meta":{"footnotes":""},"categories":[1],"tags":[],"class_list":["post-11748","post","type-post","status-publish","format-standard","has-post-thumbnail","hentry","category-sin-categoria"],"_links":{"self":[{"href":"http:\/\/eloficiodehistoriar.com.mx\/index.php?rest_route=\/wp\/v2\/posts\/11748","targetHints":{"allow":["GET"]}}],"collection":[{"href":"http:\/\/eloficiodehistoriar.com.mx\/index.php?rest_route=\/wp\/v2\/posts"}],"about":[{"href":"http:\/\/eloficiodehistoriar.com.mx\/index.php?rest_route=\/wp\/v2\/types\/post"}],"author":[{"embeddable":true,"href":"http:\/\/eloficiodehistoriar.com.mx\/index.php?rest_route=\/wp\/v2\/users\/249"}],"replies":[{"embeddable":true,"href":"http:\/\/eloficiodehistoriar.com.mx\/index.php?rest_route=%2Fwp%2Fv2%2Fcomments&post=11748"}],"version-history":[{"count":1,"href":"http:\/\/eloficiodehistoriar.com.mx\/index.php?rest_route=\/wp\/v2\/posts\/11748\/revisions"}],"predecessor-version":[{"id":11750,"href":"http:\/\/eloficiodehistoriar.com.mx\/index.php?rest_route=\/wp\/v2\/posts\/11748\/revisions\/11750"}],"wp:featuredmedia":[{"embeddable":true,"href":"http:\/\/eloficiodehistoriar.com.mx\/index.php?rest_route=\/wp\/v2\/media\/11749"}],"wp:attachment":[{"href":"http:\/\/eloficiodehistoriar.com.mx\/index.php?rest_route=%2Fwp%2Fv2%2Fmedia&parent=11748"}],"wp:term":[{"taxonomy":"category","embeddable":true,"href":"http:\/\/eloficiodehistoriar.com.mx\/index.php?rest_route=%2Fwp%2Fv2%2Fcategories&post=11748"},{"taxonomy":"post_tag","embeddable":true,"href":"http:\/\/eloficiodehistoriar.com.mx\/index.php?rest_route=%2Fwp%2Fv2%2Ftags&post=11748"}],"curies":[{"name":"wp","href":"https:\/\/api.w.org\/{rel}","templated":true}]}}