{"id":12108,"date":"2016-12-14T11:33:50","date_gmt":"2016-12-14T17:33:50","guid":{"rendered":"https:\/\/eloficiodehistoriar.com.mx\/?p=12108"},"modified":"2016-12-14T11:33:50","modified_gmt":"2016-12-14T17:33:50","slug":"conservatorio-nacional-150-anos","status":"publish","type":"post","link":"http:\/\/eloficiodehistoriar.com.mx\/?p=12108","title":{"rendered":"Conservatorio Nacional, 150 a\u00f1os"},"content":{"rendered":"<p class=\"x_MsoNormal\">Conservatorio Nacional, 150 a\u00f1os<\/p>\n<p class=\"x_MsoNormal\">POR RA\u00daL D\u00cdAZ<\/p>\n<p class=\"x_MsoNormal\">CIUDAD DE M\u00c9XICO<\/p>\n<p class=\"x_MsoNormal\">Proceso<\/p>\n<p class=\"x_MsoNormal\">\u201d \u2026La m\u00fasica es una de las artes que no pueden producir mal a nadie\u2026 y \u00bfqu\u00e9 cosa puede haber m\u00e1s grata al coraz\u00f3n del hombre que el haber proporcionado un entretenimiento a sus semejantes y haberlos hecho olvidar por algunas horas las tristes penalidades de la vida?\u201d. En esta forma, el 1 de julio de 1866, el maestro Agust\u00edn Caballero inauguraba el Conservatorio de M\u00fasica de la Sociedad Filarm\u00f3nica Mexicana, hoy, a 150 a\u00f1os de distancia, orgullosamente el Conservatorio Nacional de M\u00fasica (CNM).<\/p>\n<p class=\"x_MsoNormal\">\n<p class=\"x_MsoNormal\">Y el mi\u00e9rcoles 16 un conglomerado m\u00fasico-vocal de 150 atrilistas y cantantes, uno por cada a\u00f1o, culminaron las celebraciones de tan importante aniversario: Maestros, exmaestros, estudiantes, exestudiantes y futuros estudiantes formales \u2013porque tambi\u00e9n particip\u00f3 el Coro de Ni\u00f1os del CNM que integran ratones y ratonas de 7 a 12 a\u00f1os\u2013, ofrecieron un concierto que, por sus caracter\u00edsticas, ser\u00e1 irrepetible, y fue abierto gratuitamente al p\u00fablico.<\/p>\n<p class=\"x_MsoNormal\">\n<p class=\"x_MsoNormal\">Culminaci\u00f3n de un trabajo de meses comandado por el maestro Julio Brise\u00f1o \u2013que cont\u00f3 con la complicidad de medio mundo, autoridades y exautoridades incluidas\u2013, el concierto se realiz\u00f3 no en el interior de una sala sino en el vest\u00edbulo del edificio que, en 1944, empez\u00f3 a construir Mario Pani, para, a decir del maestro Brise\u00f1o, sacar la m\u00fasica a espacios m\u00e1s amplios, m\u00e1s abiertos, donde la m\u00fasica vuele y llegue a m\u00e1s o\u00eddos y esp\u00edritus.<\/p>\n<p class=\"x_MsoNormal\">\n<p class=\"x_MsoNormal\">All\u00ed pues, frente al busto de Silvestre Revueltas, la Orquesta y el Coro del Conservatorio Nacional, reforzados con invitados especiales \u2013el ya citado Coro de Ni\u00f1os, y los j\u00f3venes cantantes Adelaida Gual, soprano; \u00cdtalo Greco, contratenor; Roberto Cort\u00e9s, tenor; Mar\u00eda Anaya, sopra\u00adno; Ana Rosal\u00eda Ramos, soprano, y Rodrigo Petate, tenor, todos bajo la direcci\u00f3n (que no batuta porque no la usa) de Brise\u00f1o\u2013 nos brindaron el concierto conmemorativo.<\/p>\n<p class=\"x_MsoNormal\">\n<p class=\"x_MsoNormal\">Dos estupendas obras, poco programadas en nuestro pa\u00eds por cierto, fueron las escogidas: la Misa a 4 en sol mayor para la Real Colegiata de Ignacio de Jerusalem y Stella (1707-1769), y la Oda para el d\u00eda de Santa Cecilia (patrona de los m\u00fasicos) de George Frideric Handel (1685-1759). Es decir, la culminaci\u00f3n del barroco en todo su esplendor.<\/p>\n<p class=\"x_MsoNormal\">\n<p class=\"x_MsoNormal\">M\u00e1s all\u00e1 de los buenos resultados art\u00edsticos conseguidos en la interpretaci\u00f3n de estas dos muy bellas pero igualmente dif\u00edciles obras, el concierto es muestra del trabajo conjunto y entendimiento entre estudiantes y maestros m\u00e1s all\u00e1 de las aulas; este proyecto ha venido desarroll\u00e1ndose a lo largo del a\u00f1o y es de desear se prolongue mucho m\u00e1s all\u00e1 de esta importante celebraci\u00f3n.<\/p>\n<p class=\"x_MsoNormal\">\n<p class=\"x_MsoNormal\">El combinar ya sobre el escenario las aptitudes personales de los j\u00f3venes estudiantes y sus maestros actuales, pasados y posiblemente futuros, es una experiencia seguramente muy enriquecedora para los educandos que, la verdad, pocas veces se consigue y, por parte de las autoridades, menos se propicia. En esta pr\u00e1ctica radica la mayor importancia del concierto, ya que trae al terreno de los hechos las ense\u00f1anzas vertidas, pero tambi\u00e9n las aprehendidas y las que no y, a partir de esto, saber c\u00f3mo andar el resto del camino que ambos deber\u00e1n a\u00fan transitar juntos.<\/p>\n","protected":false},"excerpt":{"rendered":"<p>Conservatorio Nacional, 150 a\u00f1os POR RA\u00daL D\u00cdAZ CIUDAD DE M\u00c9XICO Proceso \u201d \u2026La m\u00fasica es una de las artes que no pueden producir mal a nadie\u2026 y \u00bfqu\u00e9 cosa puede haber m\u00e1s grata al coraz\u00f3n del hombre que el haber proporcionado un entretenimiento a sus semejantes y haberlos hecho olvidar por algunas horas las tristes [&hellip;]<\/p>\n","protected":false},"author":249,"featured_media":12109,"comment_status":"open","ping_status":"closed","sticky":false,"template":"","format":"standard","meta":{"footnotes":""},"categories":[1],"tags":[],"class_list":["post-12108","post","type-post","status-publish","format-standard","has-post-thumbnail","hentry","category-sin-categoria"],"_links":{"self":[{"href":"http:\/\/eloficiodehistoriar.com.mx\/index.php?rest_route=\/wp\/v2\/posts\/12108","targetHints":{"allow":["GET"]}}],"collection":[{"href":"http:\/\/eloficiodehistoriar.com.mx\/index.php?rest_route=\/wp\/v2\/posts"}],"about":[{"href":"http:\/\/eloficiodehistoriar.com.mx\/index.php?rest_route=\/wp\/v2\/types\/post"}],"author":[{"embeddable":true,"href":"http:\/\/eloficiodehistoriar.com.mx\/index.php?rest_route=\/wp\/v2\/users\/249"}],"replies":[{"embeddable":true,"href":"http:\/\/eloficiodehistoriar.com.mx\/index.php?rest_route=%2Fwp%2Fv2%2Fcomments&post=12108"}],"version-history":[{"count":1,"href":"http:\/\/eloficiodehistoriar.com.mx\/index.php?rest_route=\/wp\/v2\/posts\/12108\/revisions"}],"predecessor-version":[{"id":12110,"href":"http:\/\/eloficiodehistoriar.com.mx\/index.php?rest_route=\/wp\/v2\/posts\/12108\/revisions\/12110"}],"wp:featuredmedia":[{"embeddable":true,"href":"http:\/\/eloficiodehistoriar.com.mx\/index.php?rest_route=\/wp\/v2\/media\/12109"}],"wp:attachment":[{"href":"http:\/\/eloficiodehistoriar.com.mx\/index.php?rest_route=%2Fwp%2Fv2%2Fmedia&parent=12108"}],"wp:term":[{"taxonomy":"category","embeddable":true,"href":"http:\/\/eloficiodehistoriar.com.mx\/index.php?rest_route=%2Fwp%2Fv2%2Fcategories&post=12108"},{"taxonomy":"post_tag","embeddable":true,"href":"http:\/\/eloficiodehistoriar.com.mx\/index.php?rest_route=%2Fwp%2Fv2%2Ftags&post=12108"}],"curies":[{"name":"wp","href":"https:\/\/api.w.org\/{rel}","templated":true}]}}