{"id":12128,"date":"2017-01-27T12:50:59","date_gmt":"2017-01-27T18:50:59","guid":{"rendered":"https:\/\/eloficiodehistoriar.com.mx\/?p=12128"},"modified":"2017-01-27T12:50:59","modified_gmt":"2017-01-27T18:50:59","slug":"rafael-nadal-y-roger-federer","status":"publish","type":"post","link":"http:\/\/eloficiodehistoriar.com.mx\/?p=12128","title":{"rendered":"Rafael Nadal y Roger Federer"},"content":{"rendered":"<p align=\"justify\"><i>Rafael Nadal y Roger Federer<br \/>\n<\/i><\/p>\n<p align=\"justify\"><i>Melbourne<\/i>.<\/p>\n<p align=\"justify\">Rafael Nadal y Roger Federer revivir\u00e1n el domingo en la final del Abierto de Australia el gran cl\u00e1sico del tenis despu\u00e9s de que el espa\u00f1ol ganara hoy al b\u00falgaro Grigor Dimitrov una aut\u00e9ntica batalla por 6-3, 5-7, 7-6 (7-5), 6-7 (4-7) y 6-4 despu\u00e9s de cuatro horas y 56 minutos.<\/p>\n<p align=\"justify\">Con el en\u00e9simo triunfo con sabor a \u00e9pica de su carrera, Nadal regres\u00f3 a sus 30 a\u00f1os a una final de Grand Slam desde Roland Garros 2014, cuando gan\u00f3 sobre la arcilla parisina el \u00faltimo de sus 14 grandes.<\/p>\n<p align=\"justify\">El espa\u00f1ol tumb\u00f3 a Dimitrov y a su excelso rev\u00e9s a una mano en una semifinal ag\u00f3nica que fue una demostraci\u00f3n de fe y de confianza. Ya no hay dudas, el Nadal de la ansiedad ya est\u00e1 enterrado. Hoy volvi\u00f3 a rugir como en esas grandes victorias que lo convirtieron en leyenda.<\/p>\n<p align=\"justify\">\u00abEstos partidos y esta manera de competir me da lo que necesito para seguir compitiendo. Ha sido uno de los mejores partidos de mi carrera, sin duda\u00bb, se\u00f1al\u00f3 Nadal. Y que esas palabras salgan de la boca de Nadal, que con la del domingo habr\u00e1 disputado 21 finales de Grand Slam, dice mucho de la calidad del tenis que se vio.<\/p>\n<p align=\"justify\">\u00abHa sido un partidazo, hemos jugado puntos fant\u00e1sticos, muy bonitos, de aguantar una m\u00e1s, dando golpes de gran nivel. Es dif\u00edcil poder pedir m\u00e1s a un partido de tenis. Ha tenido de todo. Me siento muy feliz de haber sido parte de este partido. Es uno de esos especiales dentro de mi carrera\u00bb, a\u00f1adi\u00f3 tras el duelo en la Rod Laver Arena.<\/p>\n<p align=\"justify\">Campe\u00f3n en Australia en 2009, el espa\u00f1ol qued\u00f3 a una victoria de convertirse en el primer tenista de la historia de la Era Abierta en ganar dos veces cada Grand Slam. En su palmar\u00e9s lucen nueve Roland Garros, dos Wimbledon, dos US Open y un Abierto de Australia.<\/p>\n<p align=\"justify\">El domingo tendr\u00e1 la oportunidad de conquistar su d\u00e9cimo quinta corona, desempatar con Pete Sampras y acortar la distancia con las 17 de Federer. El suizo ya esperaba en la final tras su victoria del jueves sobre Stan Wawrinka.<\/p>\n<p align=\"justify\">Rivalidad con historia<\/p>\n<p align=\"justify\">Protagonistas de una de las mayores rivalidades de la historia del tenis y del deporte, Federer y Nadal ya jugaron ocho partidos por la copa de un Grand Slam. El balance es de 6-2 para el espa\u00f1ol, que \u00fanicamente perdi\u00f3 con Federer en dos finales sobre la hierba de Wimbledon.<\/p>\n<p align=\"justify\">\u00abEn la historia reciente de nuestro deporte es un partido de los m\u00e1s especiales que se han vivido. Y poder disfrutarlo una vez m\u00e1s&#8230; Creo que quiz\u00e1 la gente no se imaginaba esto despu\u00e9s de donde ven\u00edamos, pero aqu\u00ed estamos. Hay que estar agradecidos a la vida por estar aqu\u00ed\u00bb, indic\u00f3 Nadal, que, al igual que Federer tuvo un 2016 marcado por las lesiones.<\/p>\n<p align=\"justify\">De hecho, la rodilla del suizo y la mu\u00f1eca del espa\u00f1ol tuvieron en parte la culpa de que la final de Basilea 2015 sea su \u00faltimo choque.<\/p>\n<p align=\"justify\">Para la \u00faltima final de Grand Slam hay que rebobinar la rivalidad un poco m\u00e1s, hasta Roland Garros 2011.<\/p>\n<p align=\"justify\">Melbourne Park llevaba ya varios d\u00edas suspirando por un rencuentro de Nadal y Federer en la gran final. Sin embargo, hace apenas unas semanas parec\u00eda una utop\u00eda su enfrentamiento n\u00famero 35. Durante su ausencia por lesi\u00f3n, el espa\u00f1ol y el suizo cayeron en el ranking hasta los puestos nueve y 17, respectivamente, y llegaron a Australia entre interrogantes.<\/p>\n<p align=\"justify\">Federer y Nadal ya jugaron por el t\u00edtulo en Australia una vez, en 2009, cuando Nadal se impuso en cinco sets y su rival acab\u00f3 llorando en la ceremonia de premiaci\u00f3n.<\/p>\n<p align=\"justify\">En aquella ocasi\u00f3n, Nadal hab\u00eda ganado en semifinales una batalla ante Fernando Verdasco de m\u00e1s de cinco horas. Hoy tuvo un desaf\u00edo similar ante Dimitrov.<\/p>\n<p align=\"justify\">Al b\u00falgaro, que a sus 25 a\u00f1os podr\u00eda regresar el lunes al \u00abtop ten\u00bb, le gusta el tenis de ataque, sin concesiones. Apodado \u00abBaby Federer\u00bb desde que irrumpi\u00f3 en el circuito -hoy se vio de nuevo por qu\u00e9-, Dimitrov lleg\u00f3 al duelo con Nadal en plena racha. Diez victorias en los \u00faltimos partidos y t\u00edtulo en Brisbane hace dos semanas hablaban de un tenista con la confianza por las nubes. Mucha culpa de ello tiene su entrenador desde agosto, el venezolano Daniel Vallverd\u00fa. \u00abDevolv\u00eda bolas como si fuera (Novak) Djokovic. Devolv\u00eda todas y te las pon\u00eda en la l\u00ednea\u00bb, indic\u00f3 Toni Nadal, t\u00edo y t\u00e9cnico del jugador espa\u00f1ol, tras el encuentro.<\/p>\n<p align=\"justify\">Sin embargo, el Nadal que ten\u00eda enfrente tambi\u00e9n desborda seguridad y fe en s\u00ed mismo. Hoy lo demostr\u00f3 cuando la derecha, su mejor golpe, no le hac\u00eda ganar puntos. El \u00abdrive\u00bb no funcionaba, pero la cabeza le iba a las mil maravillas.<\/p>\n<p align=\"justify\">El partido fue una monta\u00f1a rusa de emociones y parec\u00eda en la mano de Nadal cuando se coloc\u00f3 2-1 en sets. El espa\u00f1ol s\u00f3lo hab\u00eda perdido tres de las 23 semifinales de Grand Slam que hab\u00eda jugado, pero Dimitrov insist\u00eda una y otra vez con sus pelotas a la l\u00ednea. Quer\u00eda m\u00e1s batalla, quer\u00eda llegar a su primera final de Grand Slam.<\/p>\n<p align=\"justify\">Todo se acab\u00f3 decidiendo en el quinto y el b\u00falgaro parec\u00eda llegar m\u00e1s entero tras encontrar su mejor tenis en el cuarto parcial. Pero Nadal es quiz\u00e1s el mejor competidor que vio el tenis, un jugador que disfruta sufriendo, que nunca pierde la fe.<\/p>\n<p align=\"justify\">Cuando iba 4-3 abajo, salv\u00f3 dos pelotas de break, pr\u00e1cticamente dos match points. \u00abRafa, eres dios\u00bb, gritaban desde la grada mientras Nadal rug\u00eda en la cancha.<\/p>\n<p align=\"justify\">No era dios, pero estaba iluminado en ese momento y rompi\u00f3 en el noveno juego. Le quedaba ganar su saque para volver a la final de un grande. Y lo hizo.<\/p>\n<p align=\"justify\">\u00abLa fe, la valent\u00eda y la confianza que ha tenido Nadal ha sido clave.<\/p>\n<p align=\"justify\">Por momentos se ha visto superado y ha seguido ah\u00ed. Ha estado m\u00e1s fuerte de cabeza\u00bb, analiz\u00f3 tras el partido Carlos Moy\u00e1, que se uni\u00f3 recientemente al equipo de Nadal.<\/p>\n<p align=\"justify\">Y Dimitrov resumi\u00f3 la batalla a la perfecci\u00f3n con siete palabras: \u00abHoy Rafa demostr\u00f3 por qu\u00e9 es Rafa\u00bb.<\/p>\n","protected":false},"excerpt":{"rendered":"<p>Rafael Nadal y Roger Federer Melbourne. Rafael Nadal y Roger Federer revivir\u00e1n el domingo en la final del Abierto de Australia el gran cl\u00e1sico del tenis despu\u00e9s de que el espa\u00f1ol ganara hoy al b\u00falgaro Grigor Dimitrov una aut\u00e9ntica batalla por 6-3, 5-7, 7-6 (7-5), 6-7 (4-7) y 6-4 despu\u00e9s de cuatro horas y 56 [&hellip;]<\/p>\n","protected":false},"author":249,"featured_media":12129,"comment_status":"open","ping_status":"closed","sticky":false,"template":"","format":"standard","meta":{"footnotes":""},"categories":[1],"tags":[],"class_list":["post-12128","post","type-post","status-publish","format-standard","has-post-thumbnail","hentry","category-sin-categoria"],"_links":{"self":[{"href":"http:\/\/eloficiodehistoriar.com.mx\/index.php?rest_route=\/wp\/v2\/posts\/12128","targetHints":{"allow":["GET"]}}],"collection":[{"href":"http:\/\/eloficiodehistoriar.com.mx\/index.php?rest_route=\/wp\/v2\/posts"}],"about":[{"href":"http:\/\/eloficiodehistoriar.com.mx\/index.php?rest_route=\/wp\/v2\/types\/post"}],"author":[{"embeddable":true,"href":"http:\/\/eloficiodehistoriar.com.mx\/index.php?rest_route=\/wp\/v2\/users\/249"}],"replies":[{"embeddable":true,"href":"http:\/\/eloficiodehistoriar.com.mx\/index.php?rest_route=%2Fwp%2Fv2%2Fcomments&post=12128"}],"version-history":[{"count":1,"href":"http:\/\/eloficiodehistoriar.com.mx\/index.php?rest_route=\/wp\/v2\/posts\/12128\/revisions"}],"predecessor-version":[{"id":12130,"href":"http:\/\/eloficiodehistoriar.com.mx\/index.php?rest_route=\/wp\/v2\/posts\/12128\/revisions\/12130"}],"wp:featuredmedia":[{"embeddable":true,"href":"http:\/\/eloficiodehistoriar.com.mx\/index.php?rest_route=\/wp\/v2\/media\/12129"}],"wp:attachment":[{"href":"http:\/\/eloficiodehistoriar.com.mx\/index.php?rest_route=%2Fwp%2Fv2%2Fmedia&parent=12128"}],"wp:term":[{"taxonomy":"category","embeddable":true,"href":"http:\/\/eloficiodehistoriar.com.mx\/index.php?rest_route=%2Fwp%2Fv2%2Fcategories&post=12128"},{"taxonomy":"post_tag","embeddable":true,"href":"http:\/\/eloficiodehistoriar.com.mx\/index.php?rest_route=%2Fwp%2Fv2%2Ftags&post=12128"}],"curies":[{"name":"wp","href":"https:\/\/api.w.org\/{rel}","templated":true}]}}