{"id":12131,"date":"2017-01-27T19:10:25","date_gmt":"2017-01-28T01:10:25","guid":{"rendered":"https:\/\/eloficiodehistoriar.com.mx\/?p=12131"},"modified":"2017-01-27T19:10:25","modified_gmt":"2017-01-28T01:10:25","slug":"cien-anos-de-soledad-cumple-50-anos-con-sus-lectores","status":"publish","type":"post","link":"http:\/\/eloficiodehistoriar.com.mx\/?p=12131","title":{"rendered":"\u2018Cien a\u00f1os de soledad\u2019 cumple 50 a\u00f1os con sus lectores"},"content":{"rendered":"<p class=\"x_MsoNormal\">\u2018Cien a\u00f1os de soledad\u2019 cumple 50 a\u00f1os con sus lectores<\/p>\n<p class=\"x_MsoNormal\">La Fundaci\u00f3n Nuevo Periodismo Iberoamericano organiza una lectura p\u00fablica de la obra de Gabriel Garc\u00eda M\u00e1rquez<\/p>\n<p class=\"x_MsoNormal\">ANA MARCOS<\/p>\n<p class=\"x_MsoNormal\">El Pa\u00eds<\/p>\n<p class=\"x_MsoNormal\">Cartagena de Indias<\/p>\n<p class=\"x_MsoNormal\">Cien a\u00f1os de soledad es un vallenato, dijo Gabriel Garc\u00eda M\u00e1rquez de su obra. Con la veda abierta, la historia de la familia Buend\u00eda ha cumplido 50 a\u00f1os envuelta en tantas interpretaciones como lectores tiene. \u00abEl m\u00e9rito es del que escribi\u00f3 el libro\u00bb, aseguraba Fernando Aramburu, auto de Patria, tras leer el fragmento final de la novela del primer Nobel colombiano. El escritor espa\u00f1ol forma parte del grupo de ciudadanos que durante tres d\u00edas, dos horas por jornada, leen el libro en Cartagena de Indias para conmemorar este aniversario y \u00abmantenerlo vivo\u00bb, apostilla Jaime Abello, responsable de la Fundaci\u00f3n para el Nuevo Periodismo Iberoamericano (FNPI) fundada por Garc\u00eda M\u00e1rquez que ha organizado esta iniciativa en el marco del Hay Festival.<\/p>\n<p class=\"x_MsoNormal\">\n<p class=\"x_MsoNormal\">\u00abEs una lectura plural y multiling\u00fce\u00bb, explica el director de la FNPI, \u00abestos tres d\u00edas vamos a escuchar Cien a\u00f1os de soledad en castellano, ingl\u00e9s, franc\u00e9s, portugu\u00e9s e italiano\u00bb. Y se va a escuchar en la voz de la n\u00f3mina de autores de distintas partes del mundo que acuden hasta el 29 de enero al Hay Festival, pero tambi\u00e9n en la de los amigos de cartageneros de Gabo, y en la de los periodistas locales que como el escritor, cuentan las historias del Caribe colombiano. \u00abCada uno ha escogido el cap\u00edtulo que m\u00e1s le gusta\u00bb, apunta Abello. La obra no se va a leer completa como sucede con El Quijote de Cervantes con la celebraci\u00f3n del D\u00eda del Libro en Madrid. \u00abLa proeza cultural de este libro es que, entre otras cosas, cada fragmente tiene vida propia\u00bb. El fot\u00f3grafo Daniel Mordzinski eligi\u00f3 la parte que le hubiera gustado que Garc\u00eda M\u00e1rquez le leyera. El escritor colombiano H\u00e9ctor Abad-Faciolince, la periodista mexicana Carmen Ar\u00edstegui y el italiano Iacopo Barison, entre otros, cerraron la primera jornada de lecturas.<\/p>\n<p class=\"x_MsoNormal\">\n<p class=\"x_MsoNormal\">Con ellos un grupo de lectores menos conocidos que, con breves textos, convencieron a la FNPI de que tambi\u00e9n ten\u00edan que formar parte de este tributo. Ni\u00f1os, j\u00f3venes, adultos y ancianos que le dan el acento caribe\u00f1o al que suena Cien a\u00f1os de soledad. El peque\u00f1o Jos\u00e9 Luis Guzm\u00e1n a\u00fan no sabe si quiere ser periodista, pero decidi\u00f3 apuntarse al Club El Nuevo Gabo, una iniciativa del proyecto Cronicando que el Centro Gabo, adscrito a la FNPI, ha creado para llevar el periodismo a los ni\u00f1os de los barrios m\u00e1s humildes de Cartagena. \u00abEra un deseo de Gabriel Garc\u00eda M\u00e1rquez\u00bb, dice Abello. De estos talleres no solo saldr\u00e1 el futuro del mejor oficio del mundo, tambi\u00e9n \u00abciudadanos con pensamiento cr\u00edtico\u00bb.<\/p>\n<p class=\"x_MsoNormal\">\n<p class=\"x_MsoNormal\">Guzm\u00e1n, como sus compa\u00f1eros de lectura, se present\u00f3, se confundi\u00f3, por los nervios, con la hora del d\u00eda, y comenz\u00f3 a leer trastabille\u00e1ndose, pero sin parar. Otra vez los nervios, el p\u00fablico, la edad. Cuando termin\u00f3, agradeci\u00f3 que le escucharan y le cedi\u00f3 el puesto a un veterano en esto de las letras. Se sent\u00f3 a esperar que el resto leyera. En silencio miraba de un lado a otro y escuchaba el resto de la novela que resonaba entre los muros coloniales de la Casa del Marqu\u00e9s, sede de la Canciller\u00eda en Cartagena. Las historias de los Buend\u00eda continur\u00e1n record\u00e1ndose a la hora malva, cuando el sol cae en la ciudad amurallada.<\/p>\n","protected":false},"excerpt":{"rendered":"<p>\u2018Cien a\u00f1os de soledad\u2019 cumple 50 a\u00f1os con sus lectores La Fundaci\u00f3n Nuevo Periodismo Iberoamericano organiza una lectura p\u00fablica de la obra de Gabriel Garc\u00eda M\u00e1rquez ANA MARCOS El Pa\u00eds Cartagena de Indias Cien a\u00f1os de soledad es un vallenato, dijo Gabriel Garc\u00eda M\u00e1rquez de su obra. Con la veda abierta, la historia de la [&hellip;]<\/p>\n","protected":false},"author":249,"featured_media":12132,"comment_status":"open","ping_status":"closed","sticky":false,"template":"","format":"standard","meta":{"footnotes":""},"categories":[1],"tags":[],"class_list":["post-12131","post","type-post","status-publish","format-standard","has-post-thumbnail","hentry","category-sin-categoria"],"_links":{"self":[{"href":"http:\/\/eloficiodehistoriar.com.mx\/index.php?rest_route=\/wp\/v2\/posts\/12131","targetHints":{"allow":["GET"]}}],"collection":[{"href":"http:\/\/eloficiodehistoriar.com.mx\/index.php?rest_route=\/wp\/v2\/posts"}],"about":[{"href":"http:\/\/eloficiodehistoriar.com.mx\/index.php?rest_route=\/wp\/v2\/types\/post"}],"author":[{"embeddable":true,"href":"http:\/\/eloficiodehistoriar.com.mx\/index.php?rest_route=\/wp\/v2\/users\/249"}],"replies":[{"embeddable":true,"href":"http:\/\/eloficiodehistoriar.com.mx\/index.php?rest_route=%2Fwp%2Fv2%2Fcomments&post=12131"}],"version-history":[{"count":1,"href":"http:\/\/eloficiodehistoriar.com.mx\/index.php?rest_route=\/wp\/v2\/posts\/12131\/revisions"}],"predecessor-version":[{"id":12133,"href":"http:\/\/eloficiodehistoriar.com.mx\/index.php?rest_route=\/wp\/v2\/posts\/12131\/revisions\/12133"}],"wp:featuredmedia":[{"embeddable":true,"href":"http:\/\/eloficiodehistoriar.com.mx\/index.php?rest_route=\/wp\/v2\/media\/12132"}],"wp:attachment":[{"href":"http:\/\/eloficiodehistoriar.com.mx\/index.php?rest_route=%2Fwp%2Fv2%2Fmedia&parent=12131"}],"wp:term":[{"taxonomy":"category","embeddable":true,"href":"http:\/\/eloficiodehistoriar.com.mx\/index.php?rest_route=%2Fwp%2Fv2%2Fcategories&post=12131"},{"taxonomy":"post_tag","embeddable":true,"href":"http:\/\/eloficiodehistoriar.com.mx\/index.php?rest_route=%2Fwp%2Fv2%2Ftags&post=12131"}],"curies":[{"name":"wp","href":"https:\/\/api.w.org\/{rel}","templated":true}]}}