{"id":12134,"date":"2017-01-31T13:58:34","date_gmt":"2017-01-31T19:58:34","guid":{"rendered":"https:\/\/eloficiodehistoriar.com.mx\/?p=12134"},"modified":"2017-01-31T13:58:34","modified_gmt":"2017-01-31T19:58:34","slug":"don-bosco","status":"publish","type":"post","link":"http:\/\/eloficiodehistoriar.com.mx\/?p=12134","title":{"rendered":"Don Bosco"},"content":{"rendered":"<p class=\"x_MsoNormal\">Don Bosco<\/p>\n<p class=\"x_MsoNormal\">San Juan Melchor Bosco Occhiena<\/p>\n<p class=\"x_MsoNormal\">16 agosto 1815 &#8211; 31 enero 1888<\/p>\n<p class=\"x_MsoNormal\">Don Bosco supo intuir desde su ni\u00f1ez el llamado de Dios al servicio de los ni\u00f1os, j\u00f3venes, permitiendo que su persona estuviera a disposici\u00f3n de cada uno de sus chicos y de ellos a todo el mundo, en el tiempo y en la eternidad. Creemos que la Sociedad de san Francisco de Sales no es s\u00f3lo fruto de una idea humana, sino de la iniciativa de Dios Para contribuir a la salvaci\u00f3n de la juventud &#8211; la porci\u00f3n m\u00e1s delicada y valiosa de la sociedad humana -, el Esp\u00edritu Santo suscit\u00f3, con la intervenci\u00f3n materna de Mar\u00eda, a San Juan Bosco. Form\u00f3 en \u00e9l un coraz\u00f3n de padre y maestro, capaz de una entrega total: Tengo prometido a Dios que incluso mi \u00faltimo aliento ser\u00e1 para mis pobres j\u00f3venes Para prolongar en el tiempo esta misi\u00f3n suya, lo guio en la empresa de dar vida a diferentes fuerzas apost\u00f3licas, la primera entre todas nuestra Sociedad. La Iglesia ha reconocido en ello la acci\u00f3n de Dios.<\/p>\n<p class=\"x_MsoNormal\">Nace en agosto de 1815 en I Becchi, caser\u00edo de Castelnuovo d\u00b4 Asti,hoy Castelnuovo Don Bosco di\u00f3cesis de Tur\u00edn, Italia. Su familia es de pobres campesinos. Queda hu\u00e9rfano de padre, Francisco Bosco, a los dos a\u00f1os. Su madre Margarita Occhiena lo saca adelante con inteligencia y energ\u00eda. Le ense\u00f1a a trabajar la tierra y a ver a Dios en la naturaleza, la vida y el trabajo cotidiano.<\/p>\n<p class=\"x_MsoNormal\">Un misterioso sue\u00f1o marc\u00f3 su vida a los nueve a\u00f1os. A los nueve a\u00f1os de edad, un sue\u00f1o que no olvid\u00f3 nunca, le revel\u00f3 su vocaci\u00f3n: En aquel primer sue\u00f1o, se vio rodeado de una multitud de chiquillos que se peleaban entre s\u00ed y blasfemaban; Juan Bosco trat\u00f3 de hacer la paz, primero con exhortaciones y despu\u00e9s con los pu\u00f1os. S\u00fabitamente apareci\u00f3 Jesucristo y le dijo: \u00ab\u00a1No, no; tienes que gan\u00e1rtelos con la mansedumbre y el amor!\u00bb Le indic\u00f3 tambi\u00e9n que su Maestra ser\u00eda la Sant\u00edsima Virgen, quien al instante apareci\u00f3 y le dijo: \u00abToma tu cayado de pastor y gu\u00eda a tus ovejas\u00bb.<\/p>\n<p class=\"x_MsoNormal\">Cuando la Se\u00f1ora pronunci\u00f3 estas palabras los ni\u00f1os se convirtieron primero, en bestias feroces y luego en ovejas. El sue\u00f1o termin\u00f3, pero desde aquel momento Juan Bosco comprendi\u00f3 que su vocaci\u00f3n era ayudar a los ni\u00f1os pobres, y empez\u00f3 inmediatamente a ense\u00f1ar el catecismo y a llevar a la iglesia a los chicos de su pueblo. Su camino queda orientado a la luz de este sue\u00f1o. Madre e hijo ven en \u00e9l una ruta a seguir. Margarita soporta trabajos y sufrimientos incre\u00edbles para lograr que su hijo llegue a ser sacerdote. Don Bosco llega a Tur\u00edn en 1841, joven sacerdote de 26 a\u00f1os. Don Jos\u00e9 Cafasso, su director espiritual, le da este consejo: \u00abCamina y mira a tu alrededor\u00bb.<\/p>\n<p class=\"x_MsoNormal\">San Juan Bosco con sus muchachos<\/p>\n<p class=\"x_MsoNormal\">Es as\u00ed c\u00f3mo el joven sacerdote explora la miseria humana. Esta lo sacude con fuerza. Los suburbios de la ciudad estaban repletos de j\u00f3venes, focos de vicio y de peleas, verdaderas zonas de desolaci\u00f3n. Adolescentes ociosos y aburridos vagabundeaban por las calles listos al robo y a la pendencia. Las c\u00e1rceles le causan una impresi\u00f3n sobrecogedora. Sale de ellas totalmente decidido: \u00abComo sea, debo hacer lo imposible para evitar que encierren en ellas a chicos tan j\u00f3venes\u00bb. Muchos curas de entonces esperaban que los j\u00f3venes emigrantes fueran a sus iglesias y sacrist\u00edas a recibir la catequesis tradicional. Otros intentaban probar nuevas formas de apostolado, un apostolado litigante yendo directamente a f\u00e1bricas y talleres, comercios y plazas. Don Bosco es uno de ellos.<\/p>\n<p class=\"x_MsoNormal\">El 8 de diciembre de 1841 acoge a Bartolom\u00e9 Garelli, el primer chico de la calle.<\/p>\n<p class=\"x_MsoNormal\">A los tres d\u00edas aloja a nueve y tres meses m\u00e1s tarde a veinticinco. En verano de 1842 son m\u00e1s de ochenta. As\u00ed es como nace el Oratorio. Pero muchos chicos que no tienen adonde ir a dormir. Algunos van a los dormitorios p\u00fablicos. El primer problema es el de recoger a los muchachos que no tienen casa. Su primera bienhechora es su madre Margarita Occhiena, pobre campesina analfabeta, tiene entonces 59 a\u00f1os. Deja su casita en la aldea y acompa\u00f1a a su hijo. Se encargar\u00e1 de la cocina y de la ropa de los muchachos.<\/p>\n<p class=\"x_MsoNormal\">M\u00e1s de uno de aquellos mismos chicos que tienen a Don Bosco como padre y maestro, quiere \u00abllegar a ser como \u00e9l\u00bb. Y as\u00ed nace la Congregaci\u00f3n Salesiana con el nombre de Sociedad de San Francisco de Sales.<\/p>\n<p class=\"x_MsoNormal\">En oto\u00f1o de 1853 empiezan a funcionar en Valdocco los primeros talleres.<\/p>\n<p class=\"x_MsoNormal\">Don Bosco en persona es el primer maestro.<\/p>\n<p class=\"x_MsoNormal\">El 18 de diciembre de 1859: nace oficialmente la Congregaci\u00f3n Salesiana.<\/p>\n<p class=\"x_MsoNormal\">30 de julio de 1860: se ordena de sacerdote Miguel R\u00faa, el \u00abprimer alumno de Don Bosco\u00bb.<\/p>\n<p class=\"x_MsoNormal\">Marzo de 1864: se pone la primera piedra del Santuario de Mar\u00eda Auxiliadora en Tur\u00edn-Valdocco. Ocho a\u00f1os m\u00e1s tarde inicia Don Bosco otro \u00abSantuario\u00bb de la Virgen: la Congregaci\u00f3n de las Hijas de Mar\u00eda Auxiliadora (Salesianas).<\/p>\n<p class=\"x_MsoNormal\">Noviembre de 1875: Parten para Am\u00e9rica del Sur los diez primeros misioneros salesianos. Ese mismo a\u00f1o nacen los \u00abCooperadores\u00bb, tercera rama de la Familia Salesiana.<\/p>\n<p class=\"x_MsoNormal\">Antes de morir, dir\u00e1 el Santo a sus Cooperadores: \u00abSin vuestra caridad yo no hubiera podido hacer nada; con vuestra caridad hemos enjugado muchas l\u00e1grimas y hemos salvado muchas almas\u00bb. Pero la obra m\u00e1s grande que Don Bosco deja a la Iglesia es su \u00abSistema de educaci\u00f3n de la juventud\u00bb.<\/p>\n<p class=\"x_MsoNormal\">Si alguien le pregunta cu\u00e1l es el secreto para transformar enormes colegios en verdaderas \u00abfamilias\u00bb en las que todos se quieren, y c\u00f3mo hay que hacer para \u00abestar entre los j\u00f3venes\u00bb, su \u00fanica respuesta es: todo consiste en tres palabras: raz\u00f3n, religi\u00f3n y cari\u00f1o (amabilidad) elementos que constituyen su m\u00e9todo educativo al que llama \u00abpreventivo\u00bb.<\/p>\n<p class=\"x_MsoNormal\">Cuando en vez de amenazar se razona, cuando el verdadero \u00abdue\u00f1o de la casa\u00bb es Dios y cuando no se siente miedo, sino que todos se quieren, entonces nace la familia.<\/p>\n<p class=\"x_MsoNormal\">Don Bosco muere al amanecer del 31 de enero de 1888.<\/p>\n<p class=\"x_MsoNormal\">A los salesianos que est\u00e1n en torno a su lecho les dice sus \u00faltimas palabras: \u00bb Sean hermanos. Hagan el bien a todos, el mal a nadie&#8230; Digan a mis muchachos que los espero a todos en el Para\u00edso\u00bb.<\/p>\n<p class=\"x_MsoNormal\">Canonizaci\u00f3n<\/p>\n<p class=\"x_MsoNormal\">\u00abEn su vida, lo sobrenatural se hizo casi natural y lo extraordinario, ordinario.\u00bb P\u00edo XI Gran constructor de iglesias, entre ellas la Bas\u00edlica de San Juan Evangelista, la Bas\u00edlica de Mar\u00eda Auxiliadora y la Iglesia del Sagrado Coraz\u00f3n en Roma donde celebr\u00f3 su \u00faltima misa.<\/p>\n<p class=\"x_MsoNormal\">Famoso por sus sue\u00f1os prof\u00e9ticos entre ellos el de la Nave de Pedro, sus \u00faltimas recomendaciones fueron: \u00abPropagad la devoci\u00f3n a Jes\u00fas Sacramentado y a Mar\u00eda Auxiliadora y ver\u00e9is lo que son milagros. Ayudad mucho a los ni\u00f1os pobres, a los enfermos, a los ancianos y a la gente m\u00e1s necesitada, y conseguir\u00e9is enormes bendiciones y ayudas de Dios. Os espero en el Para\u00edso\u00bb.<\/p>\n<p class=\"x_MsoNormal\">Cuarenta mil personas acompa\u00f1aron su cuerpo (en la iglesia, guardado en una urna que permite observarle sin dificultad), sus funerales fueron una marcha triunfal, porque toda la ciudad de Tur\u00edn sali\u00f3 a la calle durante tres d\u00edas a honrar a Don Bosco por \u00faltima vez.<\/p>\n<p class=\"x_MsoNormal\">Fueron tantos los testimonios y milagros de Dios atribuidos a Don Bosco, que el Sumo Pont\u00edfice Pio XI lo canoniz\u00f3 en 1934, hab\u00edan pasado solo 46 a\u00f1os de su muerte y lo declar\u00f3 en 1935 Santo Patrono y protector de la ni\u00f1ez y juventud de la Rep\u00fablica Mexicana, adem\u00e1s de ser nombrado patrono de los que difunden buenas lecturas e impresores cat\u00f3licos y en el siglo XX San Juan Pablo II lo declar\u00f3 \u00abPadre, maestro y amigo de la juventud\u00bb.<\/p>\n","protected":false},"excerpt":{"rendered":"<p>Don Bosco San Juan Melchor Bosco Occhiena 16 agosto 1815 &#8211; 31 enero 1888 Don Bosco supo intuir desde su ni\u00f1ez el llamado de Dios al servicio de los ni\u00f1os, j\u00f3venes, permitiendo que su persona estuviera a disposici\u00f3n de cada uno de sus chicos y de ellos a todo el mundo, en el tiempo y [&hellip;]<\/p>\n","protected":false},"author":249,"featured_media":12135,"comment_status":"open","ping_status":"closed","sticky":false,"template":"","format":"standard","meta":{"footnotes":""},"categories":[1],"tags":[],"class_list":["post-12134","post","type-post","status-publish","format-standard","has-post-thumbnail","hentry","category-sin-categoria"],"_links":{"self":[{"href":"http:\/\/eloficiodehistoriar.com.mx\/index.php?rest_route=\/wp\/v2\/posts\/12134","targetHints":{"allow":["GET"]}}],"collection":[{"href":"http:\/\/eloficiodehistoriar.com.mx\/index.php?rest_route=\/wp\/v2\/posts"}],"about":[{"href":"http:\/\/eloficiodehistoriar.com.mx\/index.php?rest_route=\/wp\/v2\/types\/post"}],"author":[{"embeddable":true,"href":"http:\/\/eloficiodehistoriar.com.mx\/index.php?rest_route=\/wp\/v2\/users\/249"}],"replies":[{"embeddable":true,"href":"http:\/\/eloficiodehistoriar.com.mx\/index.php?rest_route=%2Fwp%2Fv2%2Fcomments&post=12134"}],"version-history":[{"count":1,"href":"http:\/\/eloficiodehistoriar.com.mx\/index.php?rest_route=\/wp\/v2\/posts\/12134\/revisions"}],"predecessor-version":[{"id":12136,"href":"http:\/\/eloficiodehistoriar.com.mx\/index.php?rest_route=\/wp\/v2\/posts\/12134\/revisions\/12136"}],"wp:featuredmedia":[{"embeddable":true,"href":"http:\/\/eloficiodehistoriar.com.mx\/index.php?rest_route=\/wp\/v2\/media\/12135"}],"wp:attachment":[{"href":"http:\/\/eloficiodehistoriar.com.mx\/index.php?rest_route=%2Fwp%2Fv2%2Fmedia&parent=12134"}],"wp:term":[{"taxonomy":"category","embeddable":true,"href":"http:\/\/eloficiodehistoriar.com.mx\/index.php?rest_route=%2Fwp%2Fv2%2Fcategories&post=12134"},{"taxonomy":"post_tag","embeddable":true,"href":"http:\/\/eloficiodehistoriar.com.mx\/index.php?rest_route=%2Fwp%2Fv2%2Ftags&post=12134"}],"curies":[{"name":"wp","href":"https:\/\/api.w.org\/{rel}","templated":true}]}}