{"id":12138,"date":"2017-02-08T09:47:22","date_gmt":"2017-02-08T15:47:22","guid":{"rendered":"https:\/\/eloficiodehistoriar.com.mx\/?p=12138"},"modified":"2017-02-08T09:47:22","modified_gmt":"2017-02-08T15:47:22","slug":"muere-el-filosofo-frances-tzvetan-todorov","status":"publish","type":"post","link":"http:\/\/eloficiodehistoriar.com.mx\/?p=12138","title":{"rendered":"Muere el fil\u00f3sofo franc\u00e9s Tzvetan Todorov"},"content":{"rendered":"<p class=\"x_MsoNormal\">Muere el fil\u00f3sofo franc\u00e9s Tzvetan Todorov<\/p>\n<p class=\"x_MsoNormal\">Dpa y AFP<\/p>\n<p class=\"x_MsoNormal\">El tambi\u00e9n ling\u00fcista e historiador nacido en Bulgaria y Premio Pr\u00edncipe de Asturias, en 2008.<\/p>\n<p class=\"x_MsoNormal\">Par\u00eds. El fil\u00f3sofo, ling\u00fcista e historiador Tzvetan Todorov, considerado uno de los intelectuales franceses m\u00e1s destacados de las \u00faltimas d\u00e9cadas, falleci\u00f3 en la madrugada de hoy a los 77 a\u00f1os a consecuencia de complicaciones debido a una enfermedad neurodegenerativa, anunci\u00f3 su familia.<\/p>\n<p class=\"x_MsoNormal\">Todorov \u00abfalleci\u00f3 rodeado da familiares y allegados el 7 de de febrero de 2017. Acababa de finalizar su \u00faltimo libro, El triunfo del artista, que ser\u00e1 publicado en marzo\u00bb, indic\u00f3 su hija en una corta declaraci\u00f3n transmitida a la AFP.<\/p>\n<p class=\"x_MsoNormal\">Nacido en 1939 en Sof\u00eda, Bulgaria, Todorov se hizo conocer en un principio por sus ensayos literarios, como Literatura y significaci\u00f3n e Introducci\u00f3n a la literatura fant\u00e1stica. Viv\u00eda en Francia desde 1963.<\/p>\n<p class=\"x_MsoNormal\">Representante de la corriente del estructuralismo y fundador en 1970 de la revista Po\u00e9tique junto a G\u00e9rard Genette, a partir de los a\u00f1os 1980 se consagr\u00f3 a la historia de las ideas. En particular trabaj\u00f3 sobre el pensamiento humanista y sobre el totalitarismo (Memoria del mal, tentaci\u00f3n del bien, 2000).<\/p>\n<p class=\"x_MsoNormal\">De la obra te\u00f3rica de este \u00abhombre desplazado\u00bb, como sol\u00eda definirse y titul\u00f3 uno de sus ensayos, destaca el estudio de los formalistas rusos, la conquista de Am\u00e9rica, los campos de concentraci\u00f3n y el pensamiento ilustrado.<\/p>\n<p class=\"x_MsoNormal\">El nuevo desorden mundial (2008), La experiencia totalitaria (2010) o Los enemigos \u00edntimos de la democracia (2012) son algunos de los ensayos m\u00e1s destacados de este pensador que en 2008 fue distinguido con el Premio Pr\u00edncipe de Asturias de Ciencias Sociales por representar \u00abel esp\u00edritu de la unidad de Europa, del Este y del Oeste, y el compromiso con los ideales de libertad, igualdad, integraci\u00f3n y justicia\u00bb.<\/p>\n","protected":false},"excerpt":{"rendered":"<p>Muere el fil\u00f3sofo franc\u00e9s Tzvetan Todorov Dpa y AFP El tambi\u00e9n ling\u00fcista e historiador nacido en Bulgaria y Premio Pr\u00edncipe de Asturias, en 2008. Par\u00eds. El fil\u00f3sofo, ling\u00fcista e historiador Tzvetan Todorov, considerado uno de los intelectuales franceses m\u00e1s destacados de las \u00faltimas d\u00e9cadas, falleci\u00f3 en la madrugada de hoy a los 77 a\u00f1os a [&hellip;]<\/p>\n","protected":false},"author":249,"featured_media":12139,"comment_status":"open","ping_status":"closed","sticky":false,"template":"","format":"standard","meta":{"footnotes":""},"categories":[1],"tags":[],"class_list":["post-12138","post","type-post","status-publish","format-standard","has-post-thumbnail","hentry","category-sin-categoria"],"_links":{"self":[{"href":"http:\/\/eloficiodehistoriar.com.mx\/index.php?rest_route=\/wp\/v2\/posts\/12138","targetHints":{"allow":["GET"]}}],"collection":[{"href":"http:\/\/eloficiodehistoriar.com.mx\/index.php?rest_route=\/wp\/v2\/posts"}],"about":[{"href":"http:\/\/eloficiodehistoriar.com.mx\/index.php?rest_route=\/wp\/v2\/types\/post"}],"author":[{"embeddable":true,"href":"http:\/\/eloficiodehistoriar.com.mx\/index.php?rest_route=\/wp\/v2\/users\/249"}],"replies":[{"embeddable":true,"href":"http:\/\/eloficiodehistoriar.com.mx\/index.php?rest_route=%2Fwp%2Fv2%2Fcomments&post=12138"}],"version-history":[{"count":1,"href":"http:\/\/eloficiodehistoriar.com.mx\/index.php?rest_route=\/wp\/v2\/posts\/12138\/revisions"}],"predecessor-version":[{"id":12140,"href":"http:\/\/eloficiodehistoriar.com.mx\/index.php?rest_route=\/wp\/v2\/posts\/12138\/revisions\/12140"}],"wp:featuredmedia":[{"embeddable":true,"href":"http:\/\/eloficiodehistoriar.com.mx\/index.php?rest_route=\/wp\/v2\/media\/12139"}],"wp:attachment":[{"href":"http:\/\/eloficiodehistoriar.com.mx\/index.php?rest_route=%2Fwp%2Fv2%2Fmedia&parent=12138"}],"wp:term":[{"taxonomy":"category","embeddable":true,"href":"http:\/\/eloficiodehistoriar.com.mx\/index.php?rest_route=%2Fwp%2Fv2%2Fcategories&post=12138"},{"taxonomy":"post_tag","embeddable":true,"href":"http:\/\/eloficiodehistoriar.com.mx\/index.php?rest_route=%2Fwp%2Fv2%2Ftags&post=12138"}],"curies":[{"name":"wp","href":"https:\/\/api.w.org\/{rel}","templated":true}]}}