{"id":12161,"date":"2017-02-21T13:18:43","date_gmt":"2017-02-21T19:18:43","guid":{"rendered":"https:\/\/eloficiodehistoriar.com.mx\/?p=12161"},"modified":"2017-02-21T13:18:43","modified_gmt":"2017-02-21T19:18:43","slug":"murio-la-historiadora-docente-y-critica-de-arte-teresa-del-conde","status":"publish","type":"post","link":"http:\/\/eloficiodehistoriar.com.mx\/?p=12161","title":{"rendered":"Muri\u00f3 la historiadora, docente y cr\u00edtica de arte Teresa del Conde"},"content":{"rendered":"<p class=\"x_MsoNormal\">Muri\u00f3 la historiadora, docente y cr\u00edtica de arte Teresa del Conde<\/p>\n<p class=\"x_MsoNormal\">Las ideas est\u00e9ticas de Freud, marcaron su pasi\u00f3n por la sicolog\u00eda<\/p>\n<p class=\"x_MsoNormal\">Merry MacMasters<\/p>\n<p class=\"x_MsoNormal\">La Jornada<\/p>\n<p class=\"x_MsoNormal\">La historiadora, cr\u00edtica de arte, docente, autora y coautora de m\u00e1s de 40 libros, ex funcionaria del Instituto Nacional de Bellas Artes (INBA), articulista de La Jornada e integrante del Instituto de Investigaciones Est\u00e9ticas (IIE), de la Universidad Nacional Aut\u00f3noma de M\u00e9xico (UNAM), Teresa del Conde Pontones, quien acu\u00f1\u00f3 el t\u00e9rmino generaci\u00f3n de la ruptura, falleci\u00f3 este jueves a las 20:38 horas en su casa a consecuencia de un infarto cerebral.<\/p>\n<p class=\"x_MsoNormal\">Sus restos ser\u00e1n velados en la funeraria Garc\u00eda L\u00f3pez de San Jer\u00f3nimo a partir de las 10 de la ma\u00f1ana de este viernes y despu\u00e9s ser\u00e1n cremados.<\/p>\n<p class=\"x_MsoNormal\">Del Conde, quien el pasado 12 de enero cumpli\u00f3 82 a\u00f1os, realiz\u00f3 estudios de sicolog\u00eda, que se convirtieron en pauta para su incursi\u00f3n posterior en la historia del arte. En 1986 public\u00f3, por ejemplo, Las ideas est\u00e9ticas de Freud (Editorial Grijalbo), cuya investigaci\u00f3n form\u00f3 parte de su plan de trabajo desarrollado en el IIE de 1979 a 1982. En la introducci\u00f3n advierte: \u201cmi biograf\u00eda cultural, mis predilecciones, \u2018vicios y virtudes\u2019, y sobre todo mi capacidad parangonable a mis limitaciones para aprehender a Freud, se encuentran condicionados por lo que soy capaz de extraer de su pensamiento, lo que me resulta eficaz para la comprensi\u00f3n de los fen\u00f3menos creativos y tambi\u00e9n, \u00bfpor qu\u00e9 no?, lo que m\u00e1s apela a mi gusto est\u00e9tico\u201d.<\/p>\n<p class=\"x_MsoNormal\">\n<p class=\"x_MsoNormal\">Para la realizaci\u00f3n del libro, en 1982 obtuvo una beca de la Fundaci\u00f3n Memorial John Simon Guggenheim.<\/p>\n<p class=\"x_MsoNormal\">\n<p class=\"x_MsoNormal\">En su momento, Del Conde destac\u00f3 por su apoyo a la corriente del geometrismo mexicano. Siempre estuvo cerca de un grupo de pintores y escultores surgidos a finales de los a\u00f1os 70 del siglo pasado, entre ellos, los hermanos Castro Le\u00f1ero \u2013Alberto, Jos\u00e9, Francisco y Miguel\u2013, Irma Palacios, Manuel Mar\u00edn y Miguel \u00c1ngel Alamilla, cuya trayectoria profesional sigui\u00f3 desde un inicio.<\/p>\n<p class=\"x_MsoNormal\">\n<p class=\"x_MsoNormal\">Nacida el 12 de enero de 1935 en el Distrito Federal, Del Conde curs\u00f3 la licenciatura, maestr\u00eda y doctorado en historia del arte en la Facultad de Filosof\u00eda y Letras (FFyL) de la UNAM.<\/p>\n<p class=\"x_MsoNormal\">\n<p class=\"x_MsoNormal\">Consideraba sus maestros a Justino Fern\u00e1ndez, Xavier Moyss\u00e9n y Jorge Alberto Manrique. Escritora de ep\u00edstolas, con Manrique public\u00f3 Cartas absurdas. Tambi\u00e9n fue disc\u00edpula y corresponsal del historiador ingl\u00e9s sir Ernst Gombrich, a quien visitaba casi cada a\u00f1o. Una beca Rockefeller le permiti\u00f3 una estancia en Bellagio, Italia.<\/p>\n<p class=\"x_MsoNormal\">\n<p class=\"x_MsoNormal\">Fue docente adjunta en la FFyL desde 1975 y al a\u00f1o siguiente ingres\u00f3 por concurso abierto al IIE. En 1981 fue invitada a dirigir el \u00e1rea de Artes Pl\u00e1sticas del INBA, gesti\u00f3n que se extendi\u00f3 hasta 1988. Tres a\u00f1os m\u00e1s tarde fue nombrada directora del Museo de Arte Moderno, cuya titularidad ocup\u00f3 hasta 2001. Durante ese tiempo mont\u00f3 exposiciones memorables, como Settecento veneciano. Aspectos de la pintura veneciana del siglo XVIII y una de pintura de Lucien Freud.<\/p>\n<p class=\"x_MsoNormal\">\n<p class=\"x_MsoNormal\">Foto<\/p>\n<p class=\"x_MsoNormal\">Teresa del Conde, en imagen de 2008Foto Yazm\u00edn Ortega Cort\u00e9s<\/p>\n<p class=\"x_MsoNormal\">Del Conde cultiv\u00f3 su trabajo period\u00edstico, primero en el Suplemento Cultural del diario unom\u00e1suno, despu\u00e9s, y hasta la fecha, en La Jornada, donde el pasado 17 de enero public\u00f3 su \u00faltimo art\u00edculo: Goya, San Carlos: La Leocadia de Goya. Tambi\u00e9n colabor\u00f3 en la revista Vuelta, dirigida por Octavio Paz. Sus profundos conocimientos del arte abarcaron todas las \u00e9pocas.<\/p>\n<p class=\"x_MsoNormal\">\n<p class=\"x_MsoNormal\">Miembro de n\u00famero tanto de la Academia de Artes como de la Academia Mexicana de la Historia, Del Conde recibi\u00f3 el Premio Nacional de Cr\u00edtica de Arte Luis Cardoza y Arag\u00f3n 2002, la Medalla de Oro del INBA en 2008, el Premio UNAM 2010 y el reconocimiento Sor Juana In\u00e9s de la Cruz, por contribuci\u00f3n sobresaliente al cumplimiento de los altos fines universitarios, en 2015.<\/p>\n<p class=\"x_MsoNormal\">\n<p class=\"x_MsoNormal\">Entre sus libros destacan: Julio Ruelas y Frida Kahlo (ambos de 1976); Un pintor mexicano y su tiempo. La Ruptura (1979); Francisco Toledo (1980); Frida Kahlo. La pintora y el mito (1993); \u00bfEs arte? \u00bfNo es arte? (1998); Una visita guiada. Breve historia del arte mexicano del siglo XX (2000); Voces de artistas (2005); El viaje a la monta\u00f1a. Un ensayo cr\u00f3nica (2006); Derroteros. Manuel Felgu\u00e9rez (2009), y Las escaleras de Tamayo (2011).<\/p>\n<p class=\"x_MsoNormal\">\n<p class=\"x_MsoNormal\">En su colaboraci\u00f3n Cr\u00edtica de arte I (La Jornada\/19\/7\/16) Del Conde dijo participar, al igual que el pensador italiano Lionello Venturi, del supuesto de que \u201ces necesario vivir el arte que le es a uno contempor\u00e1neo para medio intuir el de otras \u00e9pocas, porque vemos con los ojos actuales. No vamos a ver pinturas de Rafael Sanzio o el Codice borb\u00f3nico con ojos de los siglos XV o XVI, sino los que miramos ahora, que pasaron por la transvanguardia de Acchile Bonito Oliva y tambi\u00e9n por los m\u00faltiples productos creativos que se exhiben en los museos de arte moderno y contempor\u00e1neo o de artes y artesan\u00edas regionales\u201d.<\/p>\n","protected":false},"excerpt":{"rendered":"<p>Muri\u00f3 la historiadora, docente y cr\u00edtica de arte Teresa del Conde Las ideas est\u00e9ticas de Freud, marcaron su pasi\u00f3n por la sicolog\u00eda Merry MacMasters La Jornada La historiadora, cr\u00edtica de arte, docente, autora y coautora de m\u00e1s de 40 libros, ex funcionaria del Instituto Nacional de Bellas Artes (INBA), articulista de La Jornada e integrante [&hellip;]<\/p>\n","protected":false},"author":249,"featured_media":12162,"comment_status":"open","ping_status":"closed","sticky":false,"template":"","format":"standard","meta":{"footnotes":""},"categories":[1],"tags":[],"class_list":["post-12161","post","type-post","status-publish","format-standard","has-post-thumbnail","hentry","category-sin-categoria"],"_links":{"self":[{"href":"http:\/\/eloficiodehistoriar.com.mx\/index.php?rest_route=\/wp\/v2\/posts\/12161","targetHints":{"allow":["GET"]}}],"collection":[{"href":"http:\/\/eloficiodehistoriar.com.mx\/index.php?rest_route=\/wp\/v2\/posts"}],"about":[{"href":"http:\/\/eloficiodehistoriar.com.mx\/index.php?rest_route=\/wp\/v2\/types\/post"}],"author":[{"embeddable":true,"href":"http:\/\/eloficiodehistoriar.com.mx\/index.php?rest_route=\/wp\/v2\/users\/249"}],"replies":[{"embeddable":true,"href":"http:\/\/eloficiodehistoriar.com.mx\/index.php?rest_route=%2Fwp%2Fv2%2Fcomments&post=12161"}],"version-history":[{"count":1,"href":"http:\/\/eloficiodehistoriar.com.mx\/index.php?rest_route=\/wp\/v2\/posts\/12161\/revisions"}],"predecessor-version":[{"id":12163,"href":"http:\/\/eloficiodehistoriar.com.mx\/index.php?rest_route=\/wp\/v2\/posts\/12161\/revisions\/12163"}],"wp:featuredmedia":[{"embeddable":true,"href":"http:\/\/eloficiodehistoriar.com.mx\/index.php?rest_route=\/wp\/v2\/media\/12162"}],"wp:attachment":[{"href":"http:\/\/eloficiodehistoriar.com.mx\/index.php?rest_route=%2Fwp%2Fv2%2Fmedia&parent=12161"}],"wp:term":[{"taxonomy":"category","embeddable":true,"href":"http:\/\/eloficiodehistoriar.com.mx\/index.php?rest_route=%2Fwp%2Fv2%2Fcategories&post=12161"},{"taxonomy":"post_tag","embeddable":true,"href":"http:\/\/eloficiodehistoriar.com.mx\/index.php?rest_route=%2Fwp%2Fv2%2Ftags&post=12161"}],"curies":[{"name":"wp","href":"https:\/\/api.w.org\/{rel}","templated":true}]}}