{"id":12929,"date":"2017-11-19T10:21:57","date_gmt":"2017-11-19T16:21:57","guid":{"rendered":"https:\/\/eloficiodehistoriar.com.mx\/?p=12929"},"modified":"2017-11-19T10:21:57","modified_gmt":"2017-11-19T16:21:57","slug":"primer-latinoamericano-que-ingresa-al-salon-de-la-fama-de-la-sociedad-de-la-artes-percusivas-de-eu","status":"publish","type":"post","link":"http:\/\/eloficiodehistoriar.com.mx\/?p=12929","title":{"rendered":"Primer latinoamericano que ingresa al Sal\u00f3n de la Fama de la Sociedad de la Artes Percusivas de EU"},"content":{"rendered":"<p class=\"x_MsoNormal\">Primer latinoamericano que ingresa al Sal\u00f3n de la Fama de la Sociedad de la Artes Percusivas de EU<\/p>\n<p class=\"x_MsoNormal\">Nandayapa, eminente compositor que contribuy\u00f3 al avance de la marimba<\/p>\n<p class=\"x_MsoNormal\">A ti que tocas todo, nunca toques la puerta del olvido, le dijo Agust\u00edn Lara al arreglista<\/p>\n<p class=\"x_MsoNormal\">La Jornada<\/p>\n<p class=\"x_MsoNormal\">En la d\u00e9cada de los a\u00f1os 60 del siglo pasado, despu\u00e9s de horas de grabaci\u00f3n, el compositor Agust\u00edn Lara le dijo al marimbista, director y arreglista Zeferino Nandayapa: A ti que tocas todo, nunca toques la puerta del olvido&#8230;<\/p>\n<p class=\"x_MsoNormal\">\n<p class=\"x_MsoNormal\">A casi siete a\u00f1os de su fallecimiento y como \u00e9l lo hubiera querido, con el melodioso sonar de su marimba, se le festej\u00f3 por su reciente ingreso al Sal\u00f3n de la Fama de la Sociedad de las Artes Percusivas (PAS, por sus siglas en ingl\u00e9s), con sede en Indian\u00e1polis, Estados Unidos.<\/p>\n<p class=\"x_MsoNormal\">\n<p class=\"x_MsoNormal\">En el Museo de Arte Popular, la noche del martes, se record\u00f3 el legado del fundador de la Marimba Nandayapa por su contribuci\u00f3n al avance de este instrumento, la eminencia y la erudici\u00f3n de sus composiciones que lo han distinguido entre sus contempor\u00e1neos, as\u00ed como su influencia entre los profesionales de la percusi\u00f3n.<\/p>\n<p class=\"x_MsoNormal\">\n<p class=\"x_MsoNormal\">Zeferino Nandayapa (1931-2010) viv\u00eda muy feliz con su m\u00fasica y nunca buscaba reconocimientos, pero, eso s\u00ed los recib\u00eda con mucho gusto, orgullo y una gran sonrisa, como cuando le avisaron que hab\u00eda recibido el Premio Nacional de Ciencias y Artes durante una gira por Jap\u00f3n, record\u00f3 Javier Nandayapa, hijo del m\u00fasico.<\/p>\n<p class=\"x_MsoNormal\">\n<p class=\"x_MsoNormal\">Junto a otros grandes<\/p>\n<p class=\"x_MsoNormal\">\n<p class=\"x_MsoNormal\">Nacido en Chiapa de Corzo, Nandayapa, \u00fanico marimbista latinoamericano y el primer mexicano en ingresar a este sal\u00f3n \u2013al ser reconocido junto a artistas como Tito Puente, Ringo Starr o Keiko Abe\u2013 comenz\u00f3 con su pasi\u00f3n vitalicia a los siete a\u00f1os de edad con el grupo Los Muchachitos y en la adolescencia viaj\u00f3 a Ciudad de M\u00e9xico para estudiar direcci\u00f3n de orquesta en el Conservatorio Nacional de M\u00fasica.<\/p>\n<p class=\"x_MsoNormal\">\n<p class=\"x_MsoNormal\">Cuatro a\u00f1os despu\u00e9s fund\u00f3 la Marimba Nandayapa, con la cual llev\u00f3 este instrumento al \u00e1mbito de la m\u00fasica de concierto y su conocimiento acad\u00e9mico le permiti\u00f3 descubrir que pod\u00eda tocar obras escritas para orquesta, piano y cuerdas; adem\u00e1s, transcribi\u00f3 para el instrumento varias obras selectas.<\/p>\n<p class=\"x_MsoNormal\">\n<p class=\"x_MsoNormal\">Con el ingreso de Zeferino Nandayapa al sal\u00f3n de la fama se reconoce a las tradiciones del sur de M\u00e9xico y Centroam\u00e9rica, donde la marimba es un instrumento nacional; adem\u00e1s, es el primer laureado en este rubro, ah\u00ed radica la importancia de la distinci\u00f3n, expres\u00f3 Javier, uno de los tres hijos del compositor, quien junto con \u00d3scar y Norberto Nandayapa, as\u00ed como los m\u00fasicos Sandra Moreno y Eduardo Hern\u00e1ndez Feliciano, integran el quinteto tradicional.<\/p>\n<p class=\"x_MsoNormal\">\n<p class=\"x_MsoNormal\">A\u00fan m\u00e1s relevante, prosigui\u00f3, \u201ces que mi padre sigue recibiendo reconocimientos y \u00e9ste estaba pendiente, porque tard\u00f3 20 a\u00f1os en concretarse y, ahora, nos impulsa a seguir adelante a 61 a\u00f1os de haberse fundado esta agrupaci\u00f3n, para continuar con la tarea de promover el legado de Zeferino, sus composiciones, arreglos para marimba y ense\u00f1anzas.<\/p>\n<p class=\"x_MsoNormal\">\n<p class=\"x_MsoNormal\">Gracias al reconocimiento la m\u00fasica y la marimba traspasan los muros y las barreras pol\u00edticas, sociales y econ\u00f3micas actuales, generando alegr\u00eda y unidad, refiri\u00f3 Javier, quien junto con la agrupaci\u00f3n grab\u00f3 la banda sonora de la pel\u00edcula animada Coco.<\/p>\n<p class=\"x_MsoNormal\">\n<p class=\"x_MsoNormal\">Ahora, reiter\u00f3, la distinci\u00f3n que se busc\u00f3 durante dos d\u00e9cadas para Nandayapa llega en una coyuntura desfavorable hacia los latinos, como parte del endurecimiento de la pol\u00edtica migratoria del presidente estadunidense, Donald Trump, lo cual no fue impedimento para que el 9 de noviembre el comit\u00e9 del PAS votara en favor de su ingreso al Sal\u00f3n de la Fama.<\/p>\n<p class=\"x_MsoNormal\">\n","protected":false},"excerpt":{"rendered":"<p>Primer latinoamericano que ingresa al Sal\u00f3n de la Fama de la Sociedad de la Artes Percusivas de EU Nandayapa, eminente compositor que contribuy\u00f3 al avance de la marimba A ti que tocas todo, nunca toques la puerta del olvido, le dijo Agust\u00edn Lara al arreglista La Jornada En la d\u00e9cada de los a\u00f1os 60 del [&hellip;]<\/p>\n","protected":false},"author":249,"featured_media":12930,"comment_status":"open","ping_status":"closed","sticky":false,"template":"","format":"standard","meta":{"footnotes":""},"categories":[1],"tags":[],"class_list":["post-12929","post","type-post","status-publish","format-standard","has-post-thumbnail","hentry","category-sin-categoria"],"_links":{"self":[{"href":"http:\/\/eloficiodehistoriar.com.mx\/index.php?rest_route=\/wp\/v2\/posts\/12929","targetHints":{"allow":["GET"]}}],"collection":[{"href":"http:\/\/eloficiodehistoriar.com.mx\/index.php?rest_route=\/wp\/v2\/posts"}],"about":[{"href":"http:\/\/eloficiodehistoriar.com.mx\/index.php?rest_route=\/wp\/v2\/types\/post"}],"author":[{"embeddable":true,"href":"http:\/\/eloficiodehistoriar.com.mx\/index.php?rest_route=\/wp\/v2\/users\/249"}],"replies":[{"embeddable":true,"href":"http:\/\/eloficiodehistoriar.com.mx\/index.php?rest_route=%2Fwp%2Fv2%2Fcomments&post=12929"}],"version-history":[{"count":1,"href":"http:\/\/eloficiodehistoriar.com.mx\/index.php?rest_route=\/wp\/v2\/posts\/12929\/revisions"}],"predecessor-version":[{"id":12931,"href":"http:\/\/eloficiodehistoriar.com.mx\/index.php?rest_route=\/wp\/v2\/posts\/12929\/revisions\/12931"}],"wp:featuredmedia":[{"embeddable":true,"href":"http:\/\/eloficiodehistoriar.com.mx\/index.php?rest_route=\/wp\/v2\/media\/12930"}],"wp:attachment":[{"href":"http:\/\/eloficiodehistoriar.com.mx\/index.php?rest_route=%2Fwp%2Fv2%2Fmedia&parent=12929"}],"wp:term":[{"taxonomy":"category","embeddable":true,"href":"http:\/\/eloficiodehistoriar.com.mx\/index.php?rest_route=%2Fwp%2Fv2%2Fcategories&post=12929"},{"taxonomy":"post_tag","embeddable":true,"href":"http:\/\/eloficiodehistoriar.com.mx\/index.php?rest_route=%2Fwp%2Fv2%2Ftags&post=12929"}],"curies":[{"name":"wp","href":"https:\/\/api.w.org\/{rel}","templated":true}]}}