{"id":12932,"date":"2017-11-19T10:24:04","date_gmt":"2017-11-19T16:24:04","guid":{"rendered":"https:\/\/eloficiodehistoriar.com.mx\/?p=12932"},"modified":"2017-11-19T10:24:04","modified_gmt":"2017-11-19T16:24:04","slug":"sergio-ramirez-premio-cervantes-2017","status":"publish","type":"post","link":"http:\/\/eloficiodehistoriar.com.mx\/?p=12932","title":{"rendered":"Sergio Ram\u00edrez, premio Cervantes 2017"},"content":{"rendered":"<p class=\"x_MsoNormal\">Sergio Ram\u00edrez, premio Cervantes 2017<\/p>\n<p class=\"x_MsoNormal\">El escritor es el primer nicarag\u00fcense en obtener el galard\u00f3n. Novelista y periodista, fue revolucionario sandinista y vicepresidente de su pa\u00eds entre 1985 y 1990 con Daniel Ortega<\/p>\n<p class=\"x_MsoNormal\">JES\u00daS RUIZ MANTILLA<\/p>\n<p class=\"x_MsoNormal\">Madrid<\/p>\n<p class=\"x_MsoNormal\">El Pa\u00eds<\/p>\n<p class=\"x_MsoNormal\">Cree Sergio Ram\u00edrez que la gracia del viaje de Don Quijote, es que no desea el regreso. Cuando te lo encuentras por esos mundos, sabes que suele andar a gusto all\u00e1 donde pueda compartir con amigos una buena conversaci\u00f3n sobre literatura o pol\u00edtica, acompa\u00f1ado siempre de Tulita, su esposa. Ambos tendr\u00e1n que desplazarse a Espa\u00f1a en abril para recibir de manos del rey Felipe el Premio Cervantes. El jurado se lo otorg\u00f3 este jueves con amplio consenso y despu\u00e9s de tres horas de deliberaciones y siete votaciones sucesivas. Es el primer autor nicarag\u00fcense y centroamericano que lo consigue.<\/p>\n<p class=\"x_MsoNormal\">\n<p class=\"x_MsoNormal\">Escritor en un sentido amplio y ancho de la palabra. Autor total a sus 75 a\u00f1os: novelista, ensayista, memorialista, periodista. Pero tambi\u00e9n pol\u00edtico. Hombre de rectos principios, comprometido con la Revoluci\u00f3n Sandinista hasta el punto de haber sido nombrado vicepresidente \u2013cargo que ejerci\u00f3 entre 1985 y 1990- por un Daniel Ortega que lo ve hoy como su principal pesadilla. Es cr\u00edtico con la deriva autoritaria de su pa\u00eds. El prestigio internacional de su conciencia, la de un creador traducido a 20 lenguas por todo el mundo, pesa.<\/p>\n<p class=\"x_MsoNormal\">\n<p class=\"x_MsoNormal\">\u00bfLas razones? Buena parte de ellas se leen en Adi\u00f3s, muchachos, su memoria de aquel tiempo, hoy reducido al caudillismo residual de su l\u00edder en Nicaragua. Ram\u00edrez fue abogado, pero la literatura lo cautiv\u00f3 pronto y lati\u00f3 durante toda su vida junto a su activismo por causas pol\u00edticas, sociales y civiles. Hasta 1996 compagin\u00f3 su carrera literaria con la pol\u00edtica y la abogac\u00eda, pero a partir de entonces, se dedica exclusivamente a crear.<\/p>\n<p class=\"x_MsoNormal\">\n<p class=\"x_MsoNormal\">Su obra est\u00e1 impregnada por toda una rica amalgama de compromiso c\u00edvico, cuajada de un pensamiento que cuestiona la realidad, experiencias en varios frentes, referentes hist\u00f3ricos de la literatura y el arte y atenci\u00f3n constante a las corrientes del tiempo que le ha tocado vivir.<\/p>\n<p class=\"x_MsoNormal\">\n<p class=\"x_MsoNormal\">\n<p class=\"x_MsoNormal\">\n<p class=\"x_MsoNormal\">El jurado, presidido por Dar\u00edo Villanueva, director de la Real Academia Espa\u00f1ola (RAE), ha destacado que su obra, dice el acta, \u201ca\u00fana la narraci\u00f3n, la poes\u00eda y el rigor del observador y el actor\u201d. Tambi\u00e9n, a\u00f1aden, \u201cque refleja la viveza de la vida cotidiana convirtiendo la realidad en una obra de arte, todo ello con excepcional altura literaria y en pluralidad de g\u00e9neros, como el cuento, la novela y el columnismo period\u00edstico\u201d.<\/p>\n<p class=\"x_MsoNormal\">\n<p class=\"x_MsoNormal\">Ram\u00edrez es un autor que conoce y profundiza en lo que le rodea, discreto y siempre dispuesto. Sereno y c\u00e1lido. Naci\u00f3 en 1942 en Masatepe y ya a los 18 a\u00f1os public\u00f3 sus primeros cuentos. Durante sus a\u00f1os de estudiante de Derecho fund\u00f3 la revista literaria Ventana y en 1970 public\u00f3 su primera novela, Tiempo de fulgor.<\/p>\n<p class=\"x_MsoNormal\">\n<p class=\"x_MsoNormal\">Desde entonces hasta Ya nadie llora por m\u00ed, su \u00faltima novela publicada hace dos meses, han aparecido Baile de m\u00e1scaras, Margarita est\u00e1 linda la mar \u2013Premio Alfaguara en 1998-, Sombras, nada m\u00e1s, Mil y una muertes, La fugitiva o la obra policiaca, El cielo llora por m\u00ed. Otro de sus g\u00e9neros constantes ha sido el cuento en los que destacan los vol\u00famenes El reino animal, Perd\u00f3n y olvido o Flores oscuras. Pero tambi\u00e9n la memoria, el ensayo y el articulismo en cada frente.<\/p>\n<p class=\"x_MsoNormal\">\n<p class=\"x_MsoNormal\">El fallo del premio dotado con 125.000 euros fue anunciado este jueves por el ministro \u00cd\u00f1igo M\u00e9ndez de Vigo. Lo acompa\u00f1aron en la mesa Dar\u00edo Villanueva y Eduardo Mendoza, ganador de la pasada edici\u00f3n. M\u00e9ndez de Vigo le llam\u00f3 personalmente para comunicarle el fallo. Eran las siete de la ma\u00f1ana en Managua cuando marc\u00f3. \u201cEs una buena manera de comenzar el d\u00eda\u201d, le dijo Ram\u00edrez.<\/p>\n<p class=\"x_MsoNormal\">\n<p class=\"x_MsoNormal\">Probablemente ya llevar\u00eda levantado unas horas. Escribe desde que canta el gallo o sale a pasear. Y en los a\u00f1os de sus viajes constantes como representante de su pa\u00eds, no era extra\u00f1o tropez\u00e1rselo haciendo footing con su prominente altura de p\u00edvot de baloncesto.<\/p>\n<p class=\"x_MsoNormal\">\n<p class=\"x_MsoNormal\">Villanueva, por su parte, destac\u00f3 el hecho de que el fallo resultara dif\u00edcil: \u201cEs buena prueba de lo poderosa que es la literatura en lengua espa\u00f1ola\u201d. Haber elegido a Ram\u00edrez le alegra por ser, dijo, \u201cun gran representante del territorio de La Mancha, que dir\u00eda Carlos Fuentes, participa de manera muy destacada y en plenitud de todas las aventuras, vicisitudes y proyectos del panhispanismo\u201d.<\/p>\n<p class=\"x_MsoNormal\">\n<p class=\"x_MsoNormal\">Adem\u00e1s, destac\u00f3 el director de la RAE, es un maestro de narradores y no solo el primer escritor nicarag\u00fcense que gana el Cervantes, sino centroamericano, algo especial cuando acabamos de celebrar hace un a\u00f1o el centenario de Rub\u00e9n Dar\u00edo, renovador de la poes\u00eda en castellano. Ram\u00edrez es digno heredero de la huella que dej\u00f3\u201d. Y tambi\u00e9n admirador con sanos remedios desmitificadores de su figura, como hizo en Margarita est\u00e1 linda la mar y en otras obras suyas, como Mil y una muertes, donde en una suerte de brillante narraci\u00f3n trufada de varios g\u00e9neros, lo mezcla con otras figuras legendarias como Flaubert o Chopin.<\/p>\n<p class=\"x_MsoNormal\">\n<p class=\"x_MsoNormal\">Mendoza, por su parte, asegur\u00f3 que estaba muy contento por el fallo, \u201cpero a la vez triste porque siento que acaba mi reinado\u201d. As\u00ed que el autor de La ciudad de los prodigios planea llamarlo para que no se venga arriba: \u201cLe dir\u00e9 que no se haga ilusiones porque, en un a\u00f1o, pasa a la reserva\u201d. Bromas aparte, sino, no ser\u00eda el gran Mendoza, \u201ces un premio que \u00e9l llevar\u00e1 con dignidad, mucho mejor que yo\u201d<\/p>\n","protected":false},"excerpt":{"rendered":"<p>Sergio Ram\u00edrez, premio Cervantes 2017 El escritor es el primer nicarag\u00fcense en obtener el galard\u00f3n. Novelista y periodista, fue revolucionario sandinista y vicepresidente de su pa\u00eds entre 1985 y 1990 con Daniel Ortega JES\u00daS RUIZ MANTILLA Madrid El Pa\u00eds Cree Sergio Ram\u00edrez que la gracia del viaje de Don Quijote, es que no desea el [&hellip;]<\/p>\n","protected":false},"author":249,"featured_media":12933,"comment_status":"open","ping_status":"closed","sticky":false,"template":"","format":"standard","meta":{"footnotes":""},"categories":[1],"tags":[],"class_list":["post-12932","post","type-post","status-publish","format-standard","has-post-thumbnail","hentry","category-sin-categoria"],"_links":{"self":[{"href":"http:\/\/eloficiodehistoriar.com.mx\/index.php?rest_route=\/wp\/v2\/posts\/12932","targetHints":{"allow":["GET"]}}],"collection":[{"href":"http:\/\/eloficiodehistoriar.com.mx\/index.php?rest_route=\/wp\/v2\/posts"}],"about":[{"href":"http:\/\/eloficiodehistoriar.com.mx\/index.php?rest_route=\/wp\/v2\/types\/post"}],"author":[{"embeddable":true,"href":"http:\/\/eloficiodehistoriar.com.mx\/index.php?rest_route=\/wp\/v2\/users\/249"}],"replies":[{"embeddable":true,"href":"http:\/\/eloficiodehistoriar.com.mx\/index.php?rest_route=%2Fwp%2Fv2%2Fcomments&post=12932"}],"version-history":[{"count":1,"href":"http:\/\/eloficiodehistoriar.com.mx\/index.php?rest_route=\/wp\/v2\/posts\/12932\/revisions"}],"predecessor-version":[{"id":12934,"href":"http:\/\/eloficiodehistoriar.com.mx\/index.php?rest_route=\/wp\/v2\/posts\/12932\/revisions\/12934"}],"wp:featuredmedia":[{"embeddable":true,"href":"http:\/\/eloficiodehistoriar.com.mx\/index.php?rest_route=\/wp\/v2\/media\/12933"}],"wp:attachment":[{"href":"http:\/\/eloficiodehistoriar.com.mx\/index.php?rest_route=%2Fwp%2Fv2%2Fmedia&parent=12932"}],"wp:term":[{"taxonomy":"category","embeddable":true,"href":"http:\/\/eloficiodehistoriar.com.mx\/index.php?rest_route=%2Fwp%2Fv2%2Fcategories&post=12932"},{"taxonomy":"post_tag","embeddable":true,"href":"http:\/\/eloficiodehistoriar.com.mx\/index.php?rest_route=%2Fwp%2Fv2%2Ftags&post=12932"}],"curies":[{"name":"wp","href":"https:\/\/api.w.org\/{rel}","templated":true}]}}