{"id":12939,"date":"2017-11-19T10:29:18","date_gmt":"2017-11-19T16:29:18","guid":{"rendered":"https:\/\/eloficiodehistoriar.com.mx\/?p=12939"},"modified":"2017-11-19T10:29:18","modified_gmt":"2017-11-19T16:29:18","slug":"sergio-ramirez-ganador-del-premio-cervantes","status":"publish","type":"post","link":"http:\/\/eloficiodehistoriar.com.mx\/?p=12939","title":{"rendered":"Sergio Ram\u00edrez, ganador del Premio Cervantes"},"content":{"rendered":"<p class=\"x_MsoNormal\">Sergio Ram\u00edrez, ganador del Premio Cervantes<\/p>\n<p class=\"x_MsoNormal\">Elena Poniatowska<\/p>\n<p class=\"x_MsoNormal\">La Jornada<\/p>\n<p class=\"x_MsoNormal\">Cuento cuentos por la necesidad de interesar a otros en algo que a m\u00ed me parece singular: compartir. Esta generosidad ha llevado a Sergio Ram\u00edrez a ser el ganador del Premio Cervantes 2017. El nicarag\u00fcense, editorialista de La Jornada, novelista y tambi\u00e9n ganador del mayor premio de Am\u00e9rica Latina, al menos por su monto, el Carlos Fuentes, en 2014, es el primer escritor de su pa\u00eds en recibir este galard\u00f3n.<\/p>\n<p class=\"x_MsoNormal\">\n<p class=\"x_MsoNormal\">Nicaragua (la Nicaragua tan violentamente dulce de Julio Cort\u00e1zar) brilla mejor y va a hablar m\u00e1s alto gracias a \u00e9l, como sucedi\u00f3 cuando Rub\u00e9n Dar\u00edo sali\u00f3 a la luz p\u00fablica y todos se admiraron que de un peque\u00f1o pa\u00eds centroamericano saliera una luz tan deslumbrante, la del fundador del modernismo en nuestros pa\u00edses. \u00a1Ay, Nicaragua, Nicarag\u00fcita! Sergio Ram\u00edrez tiene presente a sus compatriotas, a Ernesto Cardenal, a la bell\u00edsima Gioconda Belli, a Daisy Zamora, a Anailse G\u00f3mez y a poetas que siguieron el camino de Rub\u00e9n Dar\u00edo, Joaqu\u00edn Pasos y Carlos Mart\u00ednez Rivas.<\/p>\n<p class=\"x_MsoNormal\">\n<p class=\"x_MsoNormal\">En varias ocasiones, Sergio Ram\u00edrez insiste en que su nana, Mercedes Alvarado, le cont\u00f3 las primeras historias de su infancia, que de ella aprendi\u00f3 a escuchar y luego a escribir. En la adolescencia, sus lecturas de infancia fueron Los tres mosqueteros, El conde de Montecristo, Veinte a\u00f1os despu\u00e9s, El jorobado de nuestra se\u00f1ora de Par\u00eds. Se\u00f1ala a los mexicanos Juan Rulfo, Carlos Fuentes y Salvador Elizondo (concu\u00f1o de Gabriel Garc\u00eda M\u00e1rquez) como los escritores que le ense\u00f1aron otros caminos en la literatura de nuestro continente. Su primer cuento, El estudiante, escrito a los 17 a\u00f1os, publicado en la revista universitaria Le\u00f3n, cuando \u00e9l dej\u00f3 su natal Masatepe para la hacer su carrera de derecho, es su punto de arranque, y es la historia de un muchacho que llega a estudiar a Le\u00f3n pero se regresa derrotado a su pueblo. Fue lo primero que me impresion\u00f3 en la vida para sentir la necesidad de escribir.<\/p>\n<p class=\"x_MsoNormal\">\n<p class=\"x_MsoNormal\">En 1963 public\u00f3 su primer libro, Cuentos. Ser escritor centroamericano no debe ser nada f\u00e1cil a pesar de Rub\u00e9n Dar\u00edo. Esa pregunta deber\u00edamos hac\u00e9rsela a Sergio Ram\u00edrez, porque nosotros fuimos quienes acu\u00f1amos la frase \u201cDe Guatemala a Guatepeor\u201d y quienes maltratamos a los hombres, las mujeres y los casi ni\u00f1os que vienen subidos en el techo del tren La Bestia que muchas veces perdieron un brazo o una pierna o hasta murieron al caer sobre los rieles.<\/p>\n<p class=\"x_MsoNormal\">\n<p class=\"x_MsoNormal\">Muy activo en pol\u00edtica, Sergio Ram\u00edrez se opuso al r\u00e9gimen del horrible Anastasio Somoza Debayle y form\u00f3 parte del Frente Sandinista de Liberaci\u00f3n Nacional en 1981. Con el triunfo de la revoluci\u00f3n result\u00f3 electo vicepresidente de Nicaragua de 1984 a 1990. Para \u00e9l, result\u00f3 un gran reto compaginar al escritor con el pol\u00edtico, sobre todo porque corr\u00eda el riesgo de que uno se perdiera en el otro. Durante una d\u00e9cada abandon\u00f3 la literatura, aunque escribi\u00f3 discursos y manifiestos. Las letras eran sus armas en la revoluci\u00f3n nicarag\u00fcense del siglo XX.<\/p>\n<p class=\"x_MsoNormal\">\n<p class=\"x_MsoNormal\">En mayo de 2005 expres\u00f3: \u201cSiempre he cre\u00eddo que la novela en Am\u00e9rica Latina est\u00e1 indisolublemente ligada a la historia p\u00fablica y que resulta extremadamente dif\u00edcil escribir un texto narrativo imaginario sin acudir a ella o sin que logre colarse por los resquicios de la narraci\u00f3n.<\/p>\n<p class=\"x_MsoNormal\">\n<p class=\"x_MsoNormal\">El mundo latinoamericano se novela a s\u00ed solo y los escritores s\u00f3lo somos cronistas singulares. Esa frase le habr\u00eda gustado a Garc\u00eda M\u00e1rquez.<\/p>\n<p class=\"x_MsoNormal\">\n<p class=\"x_MsoNormal\">Es un gusto, un gran acierto que Sergio Ram\u00edrez vincule su premio Cervantes a su pa\u00eds Nicaragua, a sus bosques y a su naturaleza exuberante, a su agua y a sus \u00e1rboles, a sus ni\u00f1os y a sus habitantes m\u00e1s humildes, a su cielo y a su enorme tradici\u00f3n po\u00e9tica. Juan Rulfo dec\u00eda que en Chiapas a los poetas se les puede barrer con escoba. Sergio Ram\u00edrez tambi\u00e9n avanza ahora por una gran avenida seguido por una cauda de poetas excepcionales.<\/p>\n<p class=\"x_MsoNormal\">\n<p class=\"x_MsoNormal\">Disciplinado, Ram\u00edrez es un escritor de tiempo completo, por las ma\u00f1anas se dedica a sus novelas y cuentos, en las tardes escribe ensayos, pr\u00f3logos y conferencias, adem\u00e1s de ser entusiasta de las redes sociales.<\/p>\n<p class=\"x_MsoNormal\">\n<p class=\"x_MsoNormal\">Foto<\/p>\n<p class=\"x_MsoNormal\">El autor de Margarita, est\u00e1 linda la mar, en una entrevista con este diario en 2014Foto Carlos Cisneros<\/p>\n<p class=\"x_MsoNormal\">No s\u00e9 si felicitarte o darte el p\u00e9same. Cu\u00eddate mucho, porque para m\u00ed la gira fue mucho peor que todos los viajes que hice como vicepresidente de Nicaragua \u2013me escribi\u00f3 Sergio Ram\u00edrez desde Nicaragua cuando me concedieron el Premio Alfaguara en 2001. Entonces, mi mam\u00e1 \u2013de ya casi 92 a\u00f1os\u2013 estaba enferma y yo recib\u00ed la presea con el coraz\u00f3n en ascuas porque ten\u00eda que salir a recorrer todo el continente de hotel en hotel como demanda el Premio Alfaguara. Lo hice anestesiada por la tristeza de la p\u00e9rdida. Sonre\u00ed como calaca de cart\u00f3n. Nada peor pod\u00eda sucederme que la desaparici\u00f3n de Mam\u00e1. Alcanc\u00e9 a decirle: Mam\u00e1, me saqu\u00e9 un premio. \u00a1Qu\u00e9 bueno, porque ahora ya no vas a escribir!, fue su respuesta. Por alguna raz\u00f3n, Sergio Ram\u00edrez se qued\u00f3 ligado a ese premio en mi memoria y porque alguna vez me dijo: T\u00f3mate este whisky, t\u00f3matelo, te vas a sentir mejor, y mand\u00f3 a un mesero a que me trajera un p\u00e1lido jaibol, como lo habr\u00eda llamado el gran periodista Jos\u00e9 Alvarado.<\/p>\n<p class=\"x_MsoNormal\">\n<p class=\"x_MsoNormal\">Sergio Ram\u00edrez y yo coincidimos en alguna universidad de Estados Unidos y me dio gusto verlo; tambi\u00e9n lo hicimos en el velorio de Carlos Fuentes, en San Jer\u00f3nimo. \u00bfQu\u00e9 vamos a hacer?, tan inesperada esta muerte, tan injusta, tan fuera de tiempo, una novela por iniciarse sobre su mesa de trabajo, el dolor de Federico Reyes Heroles, su gran amigo, estaba ya en el segundo cap\u00edtulo. As\u00ed nos quedamos todos en el segundo cap\u00edtulo, la tercera es la vencida. De pie junto a Sergio, vimos entrar y salir a amigos y conocidos que corr\u00edan a abrazar a Silvia y a Cecilia la \u00fanica ni\u00f1a Fuentes que quedaba para contar c\u00f3mo pasaba en limpio el manuscrito de su padre a la computadora, novela tras novela, y vaya que Fuentes, adem\u00e1s de grande fue prol\u00edfico.<\/p>\n<p class=\"x_MsoNormal\">\n<p class=\"x_MsoNormal\">No s\u00e9 si vaya a poder verlo en la Feria de Guadalajara, va a andar m\u00e1s asediado y rodeado de admiradores que Vargas Llosa, quien siempre atraves\u00f3 la calle con un batall\u00f3n de admiradoras armadas de besos, pero desde aqu\u00ed, deseo con todo el coraz\u00f3n que sepa de mi cari\u00f1o y de mi admiraci\u00f3n.<\/p>\n<p class=\"x_MsoNormal\">\n<p class=\"x_MsoNormal\">Nicaragua y su literatura est\u00e1n en el candelero gracias a Sergio Ram\u00edrez, a quien sus Margarita, est\u00e1 linda la mar, Catalina y Catalina, Juan de Juanes, Ya nadie llora por m\u00ed, La jirafa embarazada, Sombras nada m\u00e1s, entre sus casi 50 t\u00edtulos, entre novelas y ensayos, respaldan el Premio Cervantes que todos en Am\u00e9rica Latina aplaudimos.<\/p>\n<p class=\"x_MsoNormal\">\n<p class=\"x_MsoNormal\">Seguramente sus tres hijos, Sergio, Mar\u00eda y Dorel, as\u00ed como sus ocho nietos, lo acompa\u00f1ar\u00e1n al paraninfo de la Universidad de Alcal\u00e1 de Henares y tendr\u00e1 que hablar desde ese pulpito al que hay que subir con gran cuidado tal como me lo recomend\u00f3 Jos\u00e9 Emilio Pacheco: Si das un paso en falso te vas de cabeza.<\/p>\n<p class=\"x_MsoNormal\">\n<p class=\"x_MsoNormal\">Tambi\u00e9n tendr\u00e1 que iniciar la lectura de El Quijote: \u201cEn un lugar de la Mancha de cuyo nombre no quiero acordarme\u2026\u201d y comer al lado de los reyes y los ministros y acad\u00e9micos de la lengua y otros invitados que le preguntar\u00e1n por Rub\u00e9n Dar\u00edo y por Ernesto Cardenal; caminar\u00e1 por la Gran V\u00eda y por las calles que apenas se abren a la primavera y se entibian a media ma\u00f1ana. Ser\u00e1 bueno llevar chaleco, porque todav\u00eda hace algo de fr\u00edo. Seguramente, Sergio recordar\u00e1 a su pueblo y al Grupo de los 12 formado por intelectuales, empresarios, sacerdotes y dirigentes civiles que apoyaron al Frente Sandinista y recordar\u00e1 sus tiempos de militancia.<\/p>\n<p class=\"x_MsoNormal\">\n<p class=\"x_MsoNormal\">En La Jornada lo tendremos muy presente por ser uno de sus colaboradores m\u00e1s queridos y el m\u00e1s capaz de analizar lo que sucede en nuestro continente, que sigue \u2013a pesar de nuestros esfuerzos\u2013 viviendo con 100 a\u00f1os de atraso, la soledad que tal parece est\u00e1 convirti\u00e9ndose en la morada de nuestros pa\u00edses tan necesitados de apoyo.<\/p>\n","protected":false},"excerpt":{"rendered":"<p>Sergio Ram\u00edrez, ganador del Premio Cervantes Elena Poniatowska La Jornada Cuento cuentos por la necesidad de interesar a otros en algo que a m\u00ed me parece singular: compartir. Esta generosidad ha llevado a Sergio Ram\u00edrez a ser el ganador del Premio Cervantes 2017. El nicarag\u00fcense, editorialista de La Jornada, novelista y tambi\u00e9n ganador del mayor [&hellip;]<\/p>\n","protected":false},"author":249,"featured_media":12940,"comment_status":"open","ping_status":"closed","sticky":false,"template":"","format":"standard","meta":{"footnotes":""},"categories":[1],"tags":[],"class_list":["post-12939","post","type-post","status-publish","format-standard","has-post-thumbnail","hentry","category-sin-categoria"],"_links":{"self":[{"href":"http:\/\/eloficiodehistoriar.com.mx\/index.php?rest_route=\/wp\/v2\/posts\/12939","targetHints":{"allow":["GET"]}}],"collection":[{"href":"http:\/\/eloficiodehistoriar.com.mx\/index.php?rest_route=\/wp\/v2\/posts"}],"about":[{"href":"http:\/\/eloficiodehistoriar.com.mx\/index.php?rest_route=\/wp\/v2\/types\/post"}],"author":[{"embeddable":true,"href":"http:\/\/eloficiodehistoriar.com.mx\/index.php?rest_route=\/wp\/v2\/users\/249"}],"replies":[{"embeddable":true,"href":"http:\/\/eloficiodehistoriar.com.mx\/index.php?rest_route=%2Fwp%2Fv2%2Fcomments&post=12939"}],"version-history":[{"count":1,"href":"http:\/\/eloficiodehistoriar.com.mx\/index.php?rest_route=\/wp\/v2\/posts\/12939\/revisions"}],"predecessor-version":[{"id":12941,"href":"http:\/\/eloficiodehistoriar.com.mx\/index.php?rest_route=\/wp\/v2\/posts\/12939\/revisions\/12941"}],"wp:featuredmedia":[{"embeddable":true,"href":"http:\/\/eloficiodehistoriar.com.mx\/index.php?rest_route=\/wp\/v2\/media\/12940"}],"wp:attachment":[{"href":"http:\/\/eloficiodehistoriar.com.mx\/index.php?rest_route=%2Fwp%2Fv2%2Fmedia&parent=12939"}],"wp:term":[{"taxonomy":"category","embeddable":true,"href":"http:\/\/eloficiodehistoriar.com.mx\/index.php?rest_route=%2Fwp%2Fv2%2Fcategories&post=12939"},{"taxonomy":"post_tag","embeddable":true,"href":"http:\/\/eloficiodehistoriar.com.mx\/index.php?rest_route=%2Fwp%2Fv2%2Ftags&post=12939"}],"curies":[{"name":"wp","href":"https:\/\/api.w.org\/{rel}","templated":true}]}}