{"id":12945,"date":"2017-11-19T10:35:13","date_gmt":"2017-11-19T16:35:13","guid":{"rendered":"https:\/\/eloficiodehistoriar.com.mx\/?p=12945"},"modified":"2017-11-19T10:35:13","modified_gmt":"2017-11-19T16:35:13","slug":"muere-el-cofundador-de-acdc-malcolm-young-a-los-64-anos","status":"publish","type":"post","link":"http:\/\/eloficiodehistoriar.com.mx\/?p=12945","title":{"rendered":"Muere el cofundador de AC\/DC Malcolm Young a los 64 a\u00f1os"},"content":{"rendered":"<p class=\"x_MsoNormal\">Muere el cofundador de AC\/DC Malcolm Young a los 64 a\u00f1os<\/p>\n<p class=\"x_MsoNormal\">Milit\u00f3 en el grupo australiano como guitarrista y compositor hasta 2014<\/p>\n<p class=\"x_MsoNormal\">DIEGO A. MANRIQUE<\/p>\n<p class=\"x_MsoNormal\">El Pa\u00eds<\/p>\n<p class=\"x_MsoNormal\">Malcolm Young, cofundador de AC\/DC, falleci\u00f3 hoy s\u00e1bado en Sidney (Australia), a los 64 a\u00f1os, un mes despu\u00e9s de que muriera su hermano George. Malcolm se hab\u00eda jubilado de la banda en 2010, tras una gira en la que el grupo anul\u00f3 o cambiar de fecha varios conciertos (su \u00faltima actuaci\u00f3n tuvo lugar en Estadio de San Mam\u00e9s, de Bilbao). Se difundi\u00f3 por entonces que Malcolm andaba mal de salud \u2014se habl\u00f3 de c\u00e1ncer de pulm\u00f3n y dolencias card\u00edacos\u2014 aunque finalmente la prensa australiana revel\u00f3 que sufr\u00eda demencia y que hab\u00eda sido internado en una residencia.<\/p>\n<p class=\"x_MsoNormal\">\n<p class=\"x_MsoNormal\">Nacido en Glasgow en 1953, Malcolm ten\u00eda diez a\u00f1os cuando emigr\u00f3 con su familia a Australia. Eran ocho hermanos, muchos con inclinaciones musicales; uno de ellos, Alexander Young, se quedar\u00eda en Inglaterra; como parte de Grapefruit estuvo brevemente conectado con los Beatles. El primero del contingente australiano en destacar fue George, que triunf\u00f3 con los extraordinarios Easybeats y que luego formar\u00eda con Harry Vanda un prol\u00edfico t\u00e1ndem de compositores-productores, aparte de reencarnarse en d\u00fao de techno-pop como Flash and the Pan.<\/p>\n<p class=\"x_MsoNormal\">\n<p class=\"x_MsoNormal\">Malcolm y su hermano menor, Angus, no ten\u00edan ambiciones tan sofisticadas. Despegaron como AC\/DC a finales de 1973 y se ganaron un hueco en el duro circuito australiano, ante p\u00fablicos belicosos a los que contentaban con versiones hard de cl\u00e1sicos del rock and roll y variaciones raka-raka del boogie-rock estadounidense. Sus temas propios exploraban un humor de sal gorda, aparte de desarrollar cierta \u00e9pica del rock transgresor.<\/p>\n<p class=\"x_MsoNormal\">\n<p class=\"x_MsoNormal\">Ubicados en Londres a partir de 1975, consiguieron un contrato internacional con Atlantic Records. Exhibieron una profesionalidad implacable: para Highway to hell (1979), \u00e1lbum con el que logran el perseguido \u00e9xito global, el equipo Vanda-Young fue reemplazado por el productor rodesiano Robert John Mutt Lange. La muerte tr\u00e1gica de su incendiario vocalista, Bon Scott, en 1980, fue tapada r\u00e1pidamente por la incorporaci\u00f3n de Brian Johnson, excantante del grupo Geordie, y la publicaci\u00f3n del celeb\u00e9rrimo Back in Black.<\/p>\n<p class=\"x_MsoNormal\">\n<p class=\"x_MsoNormal\">M\u00c1S INFORMACI\u00d3N<\/p>\n<p class=\"x_MsoNormal\">Muere George Young, pionero del pop-rock australiano y hermano de dos miembros de AC\/DC<\/p>\n<p class=\"x_MsoNormal\">La foto m\u00e1s rock del a\u00f1o es esta (a pesar de la taza que aparece por ah\u00ed)<\/p>\n<p class=\"x_MsoNormal\">El bajista de AC\/DC Cliff Williams confirma su adi\u00f3s definitivo a la banda<\/p>\n<p class=\"x_MsoNormal\">En los ochenta, ya hab\u00edan perfeccionado la f\u00f3rmula: himnos al sexo incansable, celebraciones del alcohol, formulaciones del poder unificador del rock, riffs m\u00e1s que contagiosos. Y no se desviaron un mil\u00edmetro. Su \u00fanico reto fue adaptar su espect\u00e1culo a festivales al aire libre, estadios ol\u00edmpicos y recintos similares. Lo resolvieron con pirotecnia, disparos de un ca\u00f1\u00f3n, una campana gigantesca y las imparables carreras de Angus vestido como un colegial.<\/p>\n<p class=\"x_MsoNormal\">\n<p class=\"x_MsoNormal\">Como organizaci\u00f3n empresarial, demostraron sensibilidad ante las circunstancias econ\u00f3micas de sus seguidores, aquilatando su cach\u00e9 para que las entradas no alcanzaran cantidades obscenas. Simpatizaban con el fervor de los p\u00fablicos hispanoparlantes, grabando videos en la madrile\u00f1a Plaza de las Ventas (No bull, 1996) o en un estadio porte\u00f1o (Live at River Plate, 2011).<\/p>\n<p class=\"x_MsoNormal\">\n<p class=\"x_MsoNormal\">Conscientes de que se repet\u00edan, quisieron reanimar la antigua llama con la colaboraci\u00f3n de Rick Rubin. El fruto resultante fue el excelente disco Ballbreaker (1995), lento en elaboraci\u00f3n y marcado por los conflictos entre el productor y Malcolm Young, defensor de las esencias de AC\/DC.<\/p>\n<p class=\"x_MsoNormal\">\n<p class=\"x_MsoNormal\">Aunque no rehu\u00edan las entrevistas, el grupo funcionaba como un n\u00facleo p\u00e9treo, sin que se filtraran las turbulencias internas. As\u00ed, la gira Black Ice Tour (2008-2010), se realiz\u00f3 pr\u00e1cticamente sin cambiar el orden de las canciones, para facilitar el desempe\u00f1o de Malcolm como guitarra r\u00edtmica y corista.<\/p>\n<p class=\"x_MsoNormal\">\n<p class=\"x_MsoNormal\">M\u00c1S INFORMACI\u00d3N<\/p>\n<p class=\"x_MsoNormal\">Muere el cofundador de ACDC Malcolm Young a los 64 a\u00f1os Los 10 discos m\u00e1s vendidos de la historia<\/p>\n<p class=\"x_MsoNormal\">El lema de AC\/DC parece ser \u201cel espect\u00e1culo debe continuar\u201d. Se ha prescindido del baterista Phil Rudd, amante de la vida peligrosa, en varios momentos. Para el tramo final de la gira Rock or Bust, el vocalista Brian Johnson (aquejado de sordera) fue reemplazado por Axl Rose, el l\u00edder de Guns N\u2019 Roses. Dado que el bajista, Cliff Williams, tambi\u00e9n anunci\u00f3 su retirada, cabr\u00eda pensar que los d\u00edas de AC\/DC est\u00e1n contados. Pero no apuesten por ello: este gato tiene muchas vidas.<\/p>\n<p class=\"x_MsoNormal\">\n","protected":false},"excerpt":{"rendered":"<p>Muere el cofundador de AC\/DC Malcolm Young a los 64 a\u00f1os Milit\u00f3 en el grupo australiano como guitarrista y compositor hasta 2014 DIEGO A. MANRIQUE El Pa\u00eds Malcolm Young, cofundador de AC\/DC, falleci\u00f3 hoy s\u00e1bado en Sidney (Australia), a los 64 a\u00f1os, un mes despu\u00e9s de que muriera su hermano George. Malcolm se hab\u00eda jubilado [&hellip;]<\/p>\n","protected":false},"author":249,"featured_media":12946,"comment_status":"open","ping_status":"closed","sticky":false,"template":"","format":"standard","meta":{"footnotes":""},"categories":[1],"tags":[],"class_list":["post-12945","post","type-post","status-publish","format-standard","has-post-thumbnail","hentry","category-sin-categoria"],"_links":{"self":[{"href":"http:\/\/eloficiodehistoriar.com.mx\/index.php?rest_route=\/wp\/v2\/posts\/12945","targetHints":{"allow":["GET"]}}],"collection":[{"href":"http:\/\/eloficiodehistoriar.com.mx\/index.php?rest_route=\/wp\/v2\/posts"}],"about":[{"href":"http:\/\/eloficiodehistoriar.com.mx\/index.php?rest_route=\/wp\/v2\/types\/post"}],"author":[{"embeddable":true,"href":"http:\/\/eloficiodehistoriar.com.mx\/index.php?rest_route=\/wp\/v2\/users\/249"}],"replies":[{"embeddable":true,"href":"http:\/\/eloficiodehistoriar.com.mx\/index.php?rest_route=%2Fwp%2Fv2%2Fcomments&post=12945"}],"version-history":[{"count":1,"href":"http:\/\/eloficiodehistoriar.com.mx\/index.php?rest_route=\/wp\/v2\/posts\/12945\/revisions"}],"predecessor-version":[{"id":12947,"href":"http:\/\/eloficiodehistoriar.com.mx\/index.php?rest_route=\/wp\/v2\/posts\/12945\/revisions\/12947"}],"wp:featuredmedia":[{"embeddable":true,"href":"http:\/\/eloficiodehistoriar.com.mx\/index.php?rest_route=\/wp\/v2\/media\/12946"}],"wp:attachment":[{"href":"http:\/\/eloficiodehistoriar.com.mx\/index.php?rest_route=%2Fwp%2Fv2%2Fmedia&parent=12945"}],"wp:term":[{"taxonomy":"category","embeddable":true,"href":"http:\/\/eloficiodehistoriar.com.mx\/index.php?rest_route=%2Fwp%2Fv2%2Fcategories&post=12945"},{"taxonomy":"post_tag","embeddable":true,"href":"http:\/\/eloficiodehistoriar.com.mx\/index.php?rest_route=%2Fwp%2Fv2%2Ftags&post=12945"}],"curies":[{"name":"wp","href":"https:\/\/api.w.org\/{rel}","templated":true}]}}