{"id":13226,"date":"2018-05-07T11:27:14","date_gmt":"2018-05-07T17:27:14","guid":{"rendered":"https:\/\/eloficiodehistoriar.com.mx\/?p=13226"},"modified":"2018-05-07T11:27:14","modified_gmt":"2018-05-07T17:27:14","slug":"princesa-de-asturias-a-la-mexicana-alma-guillermoprieto","status":"publish","type":"post","link":"http:\/\/eloficiodehistoriar.com.mx\/?p=13226","title":{"rendered":"Princesa de Asturias a la mexicana Alma Guillermoprieto"},"content":{"rendered":"<p class=\"x_MsoNormal\">Princesa de Asturias a la mexicana Alma Guillermoprieto<\/p>\n<p class=\"x_MsoNormal\">Armando G. Tejeda<\/p>\n<p class=\"x_MsoNormal\">\n<p class=\"x_MsoNormal\">Madrid.<\/p>\n<p class=\"x_MsoNormal\">La periodista mexicana Alma Guillermoprieto recibir\u00e1 este a\u00f1o el Premio Princesa de Asturias de Comunicaci\u00f3n y Humanidades, anunci\u00f3 el jueves la fundaci\u00f3n que otorga los galardones.<\/p>\n<p class=\"x_MsoNormal\">\n<p class=\"x_MsoNormal\">La premiada, cuyo nombre de nacimiento es Alma Estela Guillermo Prieto, ejerci\u00f3 de bailarina profesional hasta 1973 y vivi\u00f3 en Cuba, antes de trasladarse a Nueva York. Como reportera, cubri\u00f3 conflictos en Centroam\u00e9rica y Sudam\u00e9rica para medios de todo el mundo.<\/p>\n<p class=\"x_MsoNormal\">\n<p class=\"x_MsoNormal\">\u201cEste premio me llena de asombro, alegr\u00eda -y susto- por su significado e historia\u201d, dijo Guillermoprieto, de 68 a\u00f1os, en un comunicado. \u201cEs un honor inmenso ser un eslab\u00f3n m\u00e1s de esta historia,\u201d prosigui\u00f3. Se trata de \u201cun reconocimiento a todos los de mi oficio, el periodismo, que ha sido y sigue siendo la manera m\u00e1s emocionante de vivir el mundo\u201d.<\/p>\n<p class=\"x_MsoNormal\">\n<p class=\"x_MsoNormal\">El periodismo de investigaci\u00f3n de Guillermoprieto ha sabido transmitir las complejidades de la realidad latinoamericana en la prensa anglosajona \u201ctendiendo, de este modo, puentes en todo el continente americano\u201d, dijo el jurado en su fallo.<\/p>\n<p class=\"x_MsoNormal\">\n<p class=\"x_MsoNormal\">\u201cCon una escritura clara, rotunda y comprometida, Alma Guillermoprieto representa los mejores valores del periodismo en la sociedad contempor\u00e1nea\u201d, agreg\u00f3 el acta.<\/p>\n<p class=\"x_MsoNormal\">\n<p class=\"x_MsoNormal\">El de Comunicaci\u00f3n y Humanidades es el segundo de los ocho galardones internacionales que otorga la Fundaci\u00f3n Princesa de Asturias, que lleva el nombre de la heredera al Trono de Espa\u00f1a.<\/p>\n<p class=\"x_MsoNormal\">\n<p class=\"x_MsoNormal\">El director de cine estadunidense Martin Scorsese es el ganador del galard\u00f3n a las Artes de 2018. En las pr\u00f3ximas semanas se conocer\u00e1 a los premiados en Ciencias Sociales, Deportes e Investigaci\u00f3n Cient\u00edfica, entre otras categor\u00edas, que recibir\u00e1n 50 mil euros (59 mil 900 d\u00f3lares) en una ceremonia presidida por los Reyes de Espa\u00f1a a finales de a\u00f1o en la ciudad de Oviedo.<\/p>\n","protected":false},"excerpt":{"rendered":"<p>Princesa de Asturias a la mexicana Alma Guillermoprieto Armando G. Tejeda Madrid. La periodista mexicana Alma Guillermoprieto recibir\u00e1 este a\u00f1o el Premio Princesa de Asturias de Comunicaci\u00f3n y Humanidades, anunci\u00f3 el jueves la fundaci\u00f3n que otorga los galardones. La premiada, cuyo nombre de nacimiento es Alma Estela Guillermo Prieto, ejerci\u00f3 de bailarina profesional hasta 1973 [&hellip;]<\/p>\n","protected":false},"author":249,"featured_media":13227,"comment_status":"open","ping_status":"closed","sticky":false,"template":"","format":"standard","meta":{"footnotes":""},"categories":[1],"tags":[],"class_list":["post-13226","post","type-post","status-publish","format-standard","has-post-thumbnail","hentry","category-sin-categoria"],"_links":{"self":[{"href":"http:\/\/eloficiodehistoriar.com.mx\/index.php?rest_route=\/wp\/v2\/posts\/13226","targetHints":{"allow":["GET"]}}],"collection":[{"href":"http:\/\/eloficiodehistoriar.com.mx\/index.php?rest_route=\/wp\/v2\/posts"}],"about":[{"href":"http:\/\/eloficiodehistoriar.com.mx\/index.php?rest_route=\/wp\/v2\/types\/post"}],"author":[{"embeddable":true,"href":"http:\/\/eloficiodehistoriar.com.mx\/index.php?rest_route=\/wp\/v2\/users\/249"}],"replies":[{"embeddable":true,"href":"http:\/\/eloficiodehistoriar.com.mx\/index.php?rest_route=%2Fwp%2Fv2%2Fcomments&post=13226"}],"version-history":[{"count":1,"href":"http:\/\/eloficiodehistoriar.com.mx\/index.php?rest_route=\/wp\/v2\/posts\/13226\/revisions"}],"predecessor-version":[{"id":13228,"href":"http:\/\/eloficiodehistoriar.com.mx\/index.php?rest_route=\/wp\/v2\/posts\/13226\/revisions\/13228"}],"wp:featuredmedia":[{"embeddable":true,"href":"http:\/\/eloficiodehistoriar.com.mx\/index.php?rest_route=\/wp\/v2\/media\/13227"}],"wp:attachment":[{"href":"http:\/\/eloficiodehistoriar.com.mx\/index.php?rest_route=%2Fwp%2Fv2%2Fmedia&parent=13226"}],"wp:term":[{"taxonomy":"category","embeddable":true,"href":"http:\/\/eloficiodehistoriar.com.mx\/index.php?rest_route=%2Fwp%2Fv2%2Fcategories&post=13226"},{"taxonomy":"post_tag","embeddable":true,"href":"http:\/\/eloficiodehistoriar.com.mx\/index.php?rest_route=%2Fwp%2Fv2%2Ftags&post=13226"}],"curies":[{"name":"wp","href":"https:\/\/api.w.org\/{rel}","templated":true}]}}