{"id":13245,"date":"2018-07-13T09:53:19","date_gmt":"2018-07-13T15:53:19","guid":{"rendered":"https:\/\/eloficiodehistoriar.com.mx\/?p=13245"},"modified":"2018-07-13T09:53:19","modified_gmt":"2018-07-13T15:53:19","slug":"halladas-unas-cartas-manuscritas-de-santa-teresa-a-su-otro-amor","status":"publish","type":"post","link":"http:\/\/eloficiodehistoriar.com.mx\/?p=13245","title":{"rendered":"Halladas unas cartas manuscritas de Santa Teresa a su \u2018otro\u2019 amor"},"content":{"rendered":"<p><strong>Halladas unas cartas manuscritas de Santa Teresa a su \u2018otro\u2019 amor<\/strong><\/p>\n<p>La Guardia Civil encuentra parte de una correspondencia de la m\u00edstica con el fraile Jer\u00f3nimo Graci\u00e1n en el marco de una operaci\u00f3n de recuperaci\u00f3n de otras 19 obras de arte.<\/p>\n<p>&nbsp;<\/p>\n<p>PATRICIA ORTEGA DOLZ<\/p>\n<p>&nbsp;<\/p>\n<p>Santa Teresa de Jes\u00fas tuvo otro amor, aparte de Dios. Uno m\u00e1s carnal y menos confesable: Jer\u00f3nimo Graci\u00e1n. A \u00e9l le dirige una de las dos cartas manuscritas e in\u00e9ditas halladas en el marco de una operaci\u00f3n de la Guardia Civil, junto a 19 obras de arte. Santa Teresa ten\u00eda ya cerca de 60 a\u00f1os, pero eso no impidi\u00f3 que se apasionara con ese fraile joven y comprometido, dispuesto a acompa\u00f1arla en la renovaci\u00f3n de una iglesia carcomida por la depravaci\u00f3n que en aquellos a\u00f1os (1578), con algunos frailes bebedores y puteros y monjas corrompidas; el \u00e1mbito eclesi\u00e1stico se encontraba inmerso en arduas luchas de poder entre los dos grupos de carmelitas, los calzados y los descalzos.<\/p>\n<p>&nbsp;<\/p>\n<p>&nbsp;<\/p>\n<p>\u00abPara mi padre el maestro fray Jer\u00f3nimo Graci\u00e1n de la madre de Dios, en su mano&#8230;\u00bb, arranca la misiva. Teresa de Jes\u00fas y Graci\u00e1n tuvieron que soportar las habladur\u00edas que su relaci\u00f3n provocaba en su comunidad religiosa. Sobre todo Graci\u00e1n, que acab\u00f3 huyendo de sus propios hermanos, los carmelitas descalzos, que lograron expulsarlo de Espa\u00f1a. \u00abFue perseguido por seguir las ideas de una mujer, fue apresado por corsarios y acab\u00f3 siendo acogido por quienes hab\u00edan sido sus adversarios: los carmelitas calzados\u00bb, comentaba el periodista y escritor Fernando Delgado, que escribi\u00f3 un novela basada en la relaci\u00f3n entre ambos: Sus ojos en m\u00ed.<\/p>\n<p>\u00ab&#8230;En harta gracia nos ha ca\u00eddo lo que le respondi\u00f3 a los calzados para la obra que ellos meten ya en Medina y c\u00f3mo persuaden a las monjas que obedezcan al provincial del pa\u00f1o\u00bb, le escribe el 19 de agosto de 1578 desde \u00c1vila. \u00abEst\u00e1 all\u00ed Valdemoro por vicario, que no obtuvo votos para Prior y d\u00e9jole el provincial por vicario para que remediase aquella casa; y el, desde lo de marras, est\u00e1 muy mal con la priora Alberta. Andan diciendo que les han de servir y mucha cosa. Las otras, muertas de miedo de \u00e9l. Ya las ha asegurado\u00bb.<\/p>\n<p>Son muchas las preocupaciones de la Santa en esos momentos. Graci\u00e1n est\u00e1 en Madrid, bien alojado, pero medio escondido y sin osar presentarse ante el nuncio Sega. Fray Juan de la Cruz ha huido de la c\u00e1rcel. Ella lo ignora y sigue angustiada por la suerte de ese Santo. El General de la Orden, que con ella mantiene absoluto mutismo, ha escrito a una monja de la Encarnaci\u00f3n una carta desalentadora. La Santa tiene que tranquilizar a las carmelitas de Medina, aterrorizadas por la llegada de Valdemoro, uno de los carceleros de Fray Juan de la Cruz.<\/p>\n<p>Las dos cartas han sido encontradas despu\u00e9s de que el Servicio de Protecci\u00f3n de la Naturaleza (SEPRONA) de la Guardia Civil en Valladolid, en el marco las actuaciones que lleva a cabo para la protecci\u00f3n y salvaguardar el Patrimonio Hist\u00f3rico y Arqueol\u00f3gico, recuperase 19 obras de arte que se encontraban en el mercado il\u00edcito. Y cinco piezas que el arzobispado de Valladolid daba en paradero desconocido.<\/p>\n<p>Un anticuario y una casa de subastas<\/p>\n<p>El titular de un anticuario y el administrador de una casa de subastas han sido los principales investigados por presuntos delitos de estafa, receptaci\u00f3n y venta il\u00edcita de siete obras de arte de Patrimonio Hist\u00f3rico.<\/p>\n<p>La operaci\u00f3n \u201cCamar\u00edn\u201d se inici\u00f3 el pasado mes de marzo cuando los agentes del SEPRONA descubrieron una compraventa de una pintura, llevada a cabo a trav\u00e9s de una subasta en Madrid que podr\u00eda corresponderse con una que pose\u00edan las Carmelitas Descalzas del Convento de San Jos\u00e9 de Medina de Rioseco (Valladolid), por las que tanto se preocupaba Santa Teresa, y que estaba incluida en los cat\u00e1logos \u201cClausuras. El Patrimonio de los conventos de la Provincia de Valladolid\u201d, como en \u201cCat\u00e1logo Monumental de la Provincia de Valladolid\u201d.<\/p>\n<p>Los agentes solicitaron la colaboraci\u00f3n del Servicio de Ordenaci\u00f3n y Protecci\u00f3n de la Direcci\u00f3n General de Patrimonio Cultural, el Servicio Territorial de Cultura y Turismo de la Junta de Castilla y Le\u00f3n en Valladolid, el Museo Provincial de Valladolid \u201cFabio Nelli\u201d, la Diputaci\u00f3n Provincial de Valladolid y de la Delegaci\u00f3n Diocesana de Patrimonio del Arzobispado de Valladolid para lo que se mantuvieron numerosos contactos, reuniones e intercambio de informes con el objetivo de descubrir los supuestos delitos penales o las infracciones administrativas, y recuperar las piezas.<\/p>\n<p>As\u00ed se pudo comprobar que la obra subastada pertenec\u00eda a una colecci\u00f3n compuesta por un total de 174 piezas, de la que 28 obras se encontraban en paradero desconocido desde el a\u00f1o 2005. Y las investigaciones les condujeron hasta un anticuario de Valladolid, adonde habr\u00edan llegado a trav\u00e9s de una casa de subastas de Madrid, que tas\u00f3 y analiz\u00f3 la obra. En la ficha del cat\u00e1logo de la subasta se hab\u00eda ocultado la procedencia de la obra y se hab\u00eda cambiado la fecha de su creaci\u00f3n. El lienzo se localiz\u00f3 y recuper\u00f3 en Madrid y fue entregado voluntariamente por el comprador de buena fe.<\/p>\n<p>Los agentes descubrieron, al inspeccionar el establecimiento, que la obra subastada se hab\u00eda ocultado con otro nombre en el libro de polic\u00eda. Adem\u00e1s, durante las inspecciones realizadas, los investigadores aprehendieron siete obras procedentes de la colecci\u00f3n, as\u00ed como otras siete obras catalogadas.<\/p>\n<p>Los estudios de la informaci\u00f3n recabada les permitieron localizar tambi\u00e9n cinco piezas pertenecientes a la misma colecci\u00f3n, en edificios institucionales de Salamanca, Toledo, Viana de Cega y Medina de Rioseco (Valladolid). Estas obras, que se daban como \u201cen paradero desconocido\u201d, son de origen l\u00edcito.<\/p>\n<p>Finalmente, otras cuatro piezas de la citada colecci\u00f3n fueron entregadas voluntariamente por las monjas del Monasterio del Coraz\u00f3n de Jes\u00fas y San Jos\u00e9 de las Monjas Carmelitas Descalzas.<\/p>\n<p>Adem\u00e1s, durante la investigaci\u00f3n se descubri\u00f3 que el anticuario hab\u00eda vendido il\u00edcitamente otras siete obras de la colecci\u00f3n a personas desconocidas.<\/p>\n<p>Del convento al museo<\/p>\n<p>Todos estos bienes tienen la condici\u00f3n de bienes integrantes del patrimonio hist\u00f3rico espa\u00f1ol as\u00ed como del cultural de Castilla y Le\u00f3n, seg\u00fan disponen la Ley 16\/1985, de 25 de junio, del Patrimonio Hist\u00f3rico Espa\u00f1ol y la Ley 12\/2002, de 11 de julio, de Patrimonio Cultural de Castilla y Le\u00f3n.<\/p>\n<p>Las obras de arte recuperadas y las cedidas voluntariamente por las Monjas Carmelitas han sido depositadas en el Museo San Francisco de Medina de Rioseco. En este museo se encuentra la mayor\u00eda de la obras de la colecci\u00f3n de la que forman parte. E incluye esas dos cartas manuscritas aut\u00f3grafas e in\u00e9ditas de Santa Teresa de Jes\u00fas.<\/p>\n","protected":false},"excerpt":{"rendered":"<p>Halladas unas cartas manuscritas de Santa Teresa a su \u2018otro\u2019 amor La Guardia Civil encuentra parte de una correspondencia de la m\u00edstica con el fraile Jer\u00f3nimo Graci\u00e1n en el marco de una operaci\u00f3n de recuperaci\u00f3n de otras 19 obras de arte. &nbsp; PATRICIA ORTEGA DOLZ &nbsp; Santa Teresa de Jes\u00fas tuvo otro amor, aparte de [&hellip;]<\/p>\n","protected":false},"author":249,"featured_media":13246,"comment_status":"open","ping_status":"closed","sticky":false,"template":"","format":"standard","meta":{"footnotes":""},"categories":[1],"tags":[],"class_list":["post-13245","post","type-post","status-publish","format-standard","has-post-thumbnail","hentry","category-sin-categoria"],"_links":{"self":[{"href":"http:\/\/eloficiodehistoriar.com.mx\/index.php?rest_route=\/wp\/v2\/posts\/13245","targetHints":{"allow":["GET"]}}],"collection":[{"href":"http:\/\/eloficiodehistoriar.com.mx\/index.php?rest_route=\/wp\/v2\/posts"}],"about":[{"href":"http:\/\/eloficiodehistoriar.com.mx\/index.php?rest_route=\/wp\/v2\/types\/post"}],"author":[{"embeddable":true,"href":"http:\/\/eloficiodehistoriar.com.mx\/index.php?rest_route=\/wp\/v2\/users\/249"}],"replies":[{"embeddable":true,"href":"http:\/\/eloficiodehistoriar.com.mx\/index.php?rest_route=%2Fwp%2Fv2%2Fcomments&post=13245"}],"version-history":[{"count":1,"href":"http:\/\/eloficiodehistoriar.com.mx\/index.php?rest_route=\/wp\/v2\/posts\/13245\/revisions"}],"predecessor-version":[{"id":13247,"href":"http:\/\/eloficiodehistoriar.com.mx\/index.php?rest_route=\/wp\/v2\/posts\/13245\/revisions\/13247"}],"wp:featuredmedia":[{"embeddable":true,"href":"http:\/\/eloficiodehistoriar.com.mx\/index.php?rest_route=\/wp\/v2\/media\/13246"}],"wp:attachment":[{"href":"http:\/\/eloficiodehistoriar.com.mx\/index.php?rest_route=%2Fwp%2Fv2%2Fmedia&parent=13245"}],"wp:term":[{"taxonomy":"category","embeddable":true,"href":"http:\/\/eloficiodehistoriar.com.mx\/index.php?rest_route=%2Fwp%2Fv2%2Fcategories&post=13245"},{"taxonomy":"post_tag","embeddable":true,"href":"http:\/\/eloficiodehistoriar.com.mx\/index.php?rest_route=%2Fwp%2Fv2%2Ftags&post=13245"}],"curies":[{"name":"wp","href":"https:\/\/api.w.org\/{rel}","templated":true}]}}