{"id":14915,"date":"2020-02-12T12:35:55","date_gmt":"2020-02-12T18:35:55","guid":{"rendered":"https:\/\/eloficiodehistoriar.com.mx\/?p=14915"},"modified":"2020-02-12T12:35:55","modified_gmt":"2020-02-12T18:35:55","slug":"la-literatura-boliviana-se-desmarca-asi-misma","status":"publish","type":"post","link":"http:\/\/eloficiodehistoriar.com.mx\/?p=14915","title":{"rendered":"La literatura boliviana se desmarca as\u00ed misma"},"content":{"rendered":"<p>El Pa\u00eds<\/p>\n<p>Jos\u00e9 Pablo Criales<\/p>\n<p>&nbsp;<\/p>\n<p>La literatura boliviana ha pasado los \u00faltimos 10 a\u00f1os desmarc\u00e1ndose de s\u00ed misma. Si durante el siglo XX se distingui\u00f3 por su realismo y compromiso social \u2013como se refleja en las novelas escogidas como obras esenciales por el proyecto Biblioteca del Bicentenario\u2013, los escritores que han emergido en los \u00faltimos a\u00f1os le dieron la espalda a esa tradici\u00f3n. Sin embargo, escogiendo g\u00e9neros desde lo fant\u00e1stico, el relato generacional, la cr\u00f3nica y la poes\u00eda, autores como Alexis Arg\u00fcello, Maximiliano Barrientos, Paola Senseve, o Rodrigo Hasb\u00fan han descubierto que las heridas actuales del pa\u00eds se abrieron mucho antes de su crisis pol\u00edtica. El racismo y la divisi\u00f3n regional, el machismo y el caudillismo, al igual que la incomprensi\u00f3n entre clases sociales que sorprendieron tras el final del Gobierno de Evo Morales, estuvieron presentes desde antes en sus obras, a\u00fan sin la intenci\u00f3n expl\u00edcita de hacerlo.<\/p>\n<p>M\u00c1S INFORMACI\u00d3N<br \/>\nLos libros que explican el derrocamiento de Evo Morales<br \/>\nAlexis Arg\u00fcello Sandoval, nacido en 1986 en El Alto, es editor y librero independiente. Su ciudad de origen, una urbe de 850.000 habitantes, surgi\u00f3 como ciudad-dormitorio para los campesinos de todo el pa\u00eds que migraban al cintur\u00f3n metropolitano de la capital, La Paz, para trabajar. \u201cEn El Alto no se vive, se sobrevive\u201d, dice el editor. Aunque asegura que muchas cosas han cambiado.<\/p>\n<p>En No me jodas, no te jodo (Sobras Selectas, 2018), Arg\u00fcello selecciona 17 cr\u00f3nicas sobre la ciudad que siempre fue reconocida como un basti\u00f3n ind\u00edgena y estereotipada por su frialdad y criminalidad. Para el editor, \u201cEl Alto es v\u00edctima de un imaginario colectivo que se construy\u00f3 desde fuera, sin la posibilidad de que se haga desde adentro\u201d. En el libro se cuentan historias de equipos de f\u00fatbol secuestrados, la toma de los \u00edconos de la arquitectura ind\u00edgena por j\u00f3venes adinerados que organizan fiestas electr\u00f3nicas, y hasta la historia de un ping\u00fcino que se escapa del tr\u00e1fico ilegal de mascotas. \u201cPara el pace\u00f1o, El Alto se reduce en la pirater\u00eda, el crimen y la prostituci\u00f3n\u201d, resume. \u201cEs todo eso, pero tambi\u00e9n es un lugar de j\u00f3venes inquietos por prepararse y conocer su historia, y que saben que pueden conseguir mucho m\u00e1s que sus padres\u201d.<\/p>\n<p>El Alto jug\u00f3 un papel fundamental en el derrocamiento de Gonzalo S\u00e1nchez de Lozada, el \u00faltimo presidente electo antes de Evo Morales, en 2003. El a\u00f1o pasado, fue escenario de la muerte de 10 de las 34 personas fallecidas durante los dos meses de protestas durante la crisis pol\u00edtica. \u201cMe molesta esa visi\u00f3n de El Alto. Siempre se la consider\u00f3 la carta final de los conflictos del pa\u00eds. Aqu\u00ed se ponen hasta los muertos. Se levanta su nombre en vano, porque despu\u00e9s ni siquiera se le dan las condiciones m\u00ednimas de desarrollo estructural\u201d.<\/p>\n<p>Hijo de dos comerciantes de libros usados e impresiones piratas que comenzaron en la Feria 16 de julio, el mercado informal m\u00e1s grande de Latinoam\u00e9rica, Arg\u00fcello toma su vocaci\u00f3n de editor como \u201cuna necesidad y una responsabilidad\u201d ante la urgencia de que la ciudad empiece a contarse a s\u00ed misma.<\/p>\n","protected":false},"excerpt":{"rendered":"<p>El Pa\u00eds Jos\u00e9 Pablo Criales &nbsp; La literatura boliviana ha pasado los \u00faltimos 10 a\u00f1os desmarc\u00e1ndose de s\u00ed misma. Si durante el siglo XX se distingui\u00f3 por su realismo y compromiso social \u2013como se refleja en las novelas escogidas como obras esenciales por el proyecto Biblioteca del Bicentenario\u2013, los escritores que han emergido en los [&hellip;]<\/p>\n","protected":false},"author":249,"featured_media":14916,"comment_status":"open","ping_status":"closed","sticky":false,"template":"","format":"standard","meta":{"footnotes":""},"categories":[26],"tags":[],"class_list":["post-14915","post","type-post","status-publish","format-standard","has-post-thumbnail","hentry","category-mundo"],"_links":{"self":[{"href":"http:\/\/eloficiodehistoriar.com.mx\/index.php?rest_route=\/wp\/v2\/posts\/14915","targetHints":{"allow":["GET"]}}],"collection":[{"href":"http:\/\/eloficiodehistoriar.com.mx\/index.php?rest_route=\/wp\/v2\/posts"}],"about":[{"href":"http:\/\/eloficiodehistoriar.com.mx\/index.php?rest_route=\/wp\/v2\/types\/post"}],"author":[{"embeddable":true,"href":"http:\/\/eloficiodehistoriar.com.mx\/index.php?rest_route=\/wp\/v2\/users\/249"}],"replies":[{"embeddable":true,"href":"http:\/\/eloficiodehistoriar.com.mx\/index.php?rest_route=%2Fwp%2Fv2%2Fcomments&post=14915"}],"version-history":[{"count":1,"href":"http:\/\/eloficiodehistoriar.com.mx\/index.php?rest_route=\/wp\/v2\/posts\/14915\/revisions"}],"predecessor-version":[{"id":14917,"href":"http:\/\/eloficiodehistoriar.com.mx\/index.php?rest_route=\/wp\/v2\/posts\/14915\/revisions\/14917"}],"wp:featuredmedia":[{"embeddable":true,"href":"http:\/\/eloficiodehistoriar.com.mx\/index.php?rest_route=\/wp\/v2\/media\/14916"}],"wp:attachment":[{"href":"http:\/\/eloficiodehistoriar.com.mx\/index.php?rest_route=%2Fwp%2Fv2%2Fmedia&parent=14915"}],"wp:term":[{"taxonomy":"category","embeddable":true,"href":"http:\/\/eloficiodehistoriar.com.mx\/index.php?rest_route=%2Fwp%2Fv2%2Fcategories&post=14915"},{"taxonomy":"post_tag","embeddable":true,"href":"http:\/\/eloficiodehistoriar.com.mx\/index.php?rest_route=%2Fwp%2Fv2%2Ftags&post=14915"}],"curies":[{"name":"wp","href":"https:\/\/api.w.org\/{rel}","templated":true}]}}