{"id":14922,"date":"2020-02-13T10:27:22","date_gmt":"2020-02-13T16:27:22","guid":{"rendered":"https:\/\/eloficiodehistoriar.com.mx\/?p=14922"},"modified":"2020-02-13T10:27:22","modified_gmt":"2020-02-13T16:27:22","slug":"la-escritura-como-plan-b-keret","status":"publish","type":"post","link":"http:\/\/eloficiodehistoriar.com.mx\/?p=14922","title":{"rendered":"La escritura como plan B: Keret"},"content":{"rendered":"<p>La Jornada<\/p>\n<p>El escritor israel\u00ed Etgar Keret, quien imparti\u00f3 ayer martes la conferencia \u00abLa escritura como plan B\u00bb, coment\u00f3 que el valor que tienen las historias es abogar por nosotros, por la especie humana.<\/p>\n<p>En la librer\u00eda Mauricio Achar, Keret comparti\u00f3 que su primer contacto con la literatura fueron los cuentos que le narraban sus padres antes de dormir, pero los relatos de su pap\u00e1 le gustaban m\u00e1s porque hab\u00eda situaciones violentas con personajes siniestros y jodidos.<\/p>\n<p>\u201cMi padre siempre hac\u00eda un esfuerzo por encontrar un v\u00ednculo de empat\u00eda con los personajes, por tratar de comprenderlos. Fue ah\u00ed donde entend\u00ed que el valor de las historias es abogar por nosotros, abogar por la especie humana.<\/p>\n<p>\u201cSi en alg\u00fan momento hubiera una especie de invasi\u00f3n de alguien y vinieran a tratar de aniquilarnos por ser una especie sin remedio quiz\u00e1 s\u00ed le cont\u00e1ramos nuestras historias podr\u00edamos encontrar puntos de encuentro con ellos y de aproximar un poco nuestras diferencias\u201d.<\/p>\n<p>El autor de Extra\u00f1ando a Kissinger record\u00f3 c\u00f3mo desde peque\u00f1o surgi\u00f3 su gusto por la lectura y las historias, ya que sus padres, ambos supervivientes del Holocausto, le narraban cuentos.<\/p>\n<p>Esa experiencia con las historias le acompa\u00f1\u00f3 toda su juventud. \u201cCada vez que me encontraba en una situaci\u00f3n que ten\u00eda como resentimiento o rabia contra otro ni\u00f1o, otro maestro, me tomaba un momento y trataba de construir otra historia que abogara por ellos, y est\u00e1 necesidad de contar historias se volvi\u00f3 dram\u00e1ticamente urgente cuando entr\u00e9 al servicio militar en Israel\u201d.<\/p>\n<p>Coment\u00f3 que la escritura le ayud\u00f3 a sobrevivir emocionalmente durante los tres a\u00f1os de servicio militar. En esa etapa su primer lector fue su hermano y record\u00f3 la an\u00e9cdota cuando le llev\u00f3 su primer cuento y c\u00f3mo en el que lo escribi\u00f3 sirvi\u00f3 para limpiar los excrementos de un perro.<\/p>\n<p>Con ese hecho Keret se percat\u00f3 que \u201cel valor de las historias no est\u00e1 en papel si no verdaderamente en donde viven es en la mente y en el coraz\u00f3n de los lectores\u201d.<\/p>\n<p>El escritor, quien disfruta del contacto con sus lectores, indic\u00f3 que el acto de escribir est\u00e1 totalmente ligado con la honestidad.<\/p>\n<p>\u201cEscribir es como una especie de confesionario cat\u00f3lico literario y para ser honesto uno tiene que decir las cosas que son m\u00e1s importantes\u201d.<\/p>\n<p>Consider\u00f3 que los relatos son una parte integral de nuestras vidas y a manera de ejemplo mencion\u00f3 que cuando vamos tarde al trabajo construimos una historia para explicar al jefe porque vamos tarde. \u201cA mi me gustar\u00eda que las historias fueran m\u00e1s parte de la vida cotidiana\u201d, a\u00f1adi\u00f3.<\/p>\n<p>El escritor antes de finalizar su conferencia coment\u00f3 tambi\u00e9n que normalmente trata de autocensurarse en la vida para no lastimar las emociones de las personas a su alrededor. Sin embargo asegur\u00f3 que \u201cla escritura es un territorio donde nadie hace lo contrario, de total honestidad, de manera que si encuentro algo que para mi se asemeja a un tipo de verdad la voy a publicar aunque me meta en problemas\u201d.<\/p>\n","protected":false},"excerpt":{"rendered":"<p>La Jornada El escritor israel\u00ed Etgar Keret, quien imparti\u00f3 ayer martes la conferencia \u00abLa escritura como plan B\u00bb, coment\u00f3 que el valor que tienen las historias es abogar por nosotros, por la especie humana. En la librer\u00eda Mauricio Achar, Keret comparti\u00f3 que su primer contacto con la literatura fueron los cuentos que le narraban sus [&hellip;]<\/p>\n","protected":false},"author":249,"featured_media":14923,"comment_status":"open","ping_status":"closed","sticky":false,"template":"","format":"standard","meta":{"footnotes":""},"categories":[26],"tags":[],"class_list":["post-14922","post","type-post","status-publish","format-standard","has-post-thumbnail","hentry","category-mundo"],"_links":{"self":[{"href":"http:\/\/eloficiodehistoriar.com.mx\/index.php?rest_route=\/wp\/v2\/posts\/14922","targetHints":{"allow":["GET"]}}],"collection":[{"href":"http:\/\/eloficiodehistoriar.com.mx\/index.php?rest_route=\/wp\/v2\/posts"}],"about":[{"href":"http:\/\/eloficiodehistoriar.com.mx\/index.php?rest_route=\/wp\/v2\/types\/post"}],"author":[{"embeddable":true,"href":"http:\/\/eloficiodehistoriar.com.mx\/index.php?rest_route=\/wp\/v2\/users\/249"}],"replies":[{"embeddable":true,"href":"http:\/\/eloficiodehistoriar.com.mx\/index.php?rest_route=%2Fwp%2Fv2%2Fcomments&post=14922"}],"version-history":[{"count":1,"href":"http:\/\/eloficiodehistoriar.com.mx\/index.php?rest_route=\/wp\/v2\/posts\/14922\/revisions"}],"predecessor-version":[{"id":14924,"href":"http:\/\/eloficiodehistoriar.com.mx\/index.php?rest_route=\/wp\/v2\/posts\/14922\/revisions\/14924"}],"wp:featuredmedia":[{"embeddable":true,"href":"http:\/\/eloficiodehistoriar.com.mx\/index.php?rest_route=\/wp\/v2\/media\/14923"}],"wp:attachment":[{"href":"http:\/\/eloficiodehistoriar.com.mx\/index.php?rest_route=%2Fwp%2Fv2%2Fmedia&parent=14922"}],"wp:term":[{"taxonomy":"category","embeddable":true,"href":"http:\/\/eloficiodehistoriar.com.mx\/index.php?rest_route=%2Fwp%2Fv2%2Fcategories&post=14922"},{"taxonomy":"post_tag","embeddable":true,"href":"http:\/\/eloficiodehistoriar.com.mx\/index.php?rest_route=%2Fwp%2Fv2%2Ftags&post=14922"}],"curies":[{"name":"wp","href":"https:\/\/api.w.org\/{rel}","templated":true}]}}