{"id":14939,"date":"2020-02-15T13:12:46","date_gmt":"2020-02-15T19:12:46","guid":{"rendered":"https:\/\/eloficiodehistoriar.com.mx\/?p=14939"},"modified":"2020-02-15T13:12:46","modified_gmt":"2020-02-15T19:12:46","slug":"un-anciano-y-su-violin","status":"publish","type":"post","link":"http:\/\/eloficiodehistoriar.com.mx\/?p=14939","title":{"rendered":"Un anciano y su viol\u00edn"},"content":{"rendered":"<p>Proceso<\/p>\n<p>TOLUCA, Edomex.<\/p>\n<p>(apro).-<\/p>\n<p>Tras un a\u00f1o de permanecer recluido en el penal de Chiconautla, este viernes fue liberado Lucio Y\u00e1\u00f1ez, de 75 a\u00f1os de edad, sentenciado a dos a\u00f1os de prisi\u00f3n por atacar con arma blanca a un sujeto que intent\u00f3 robarle el viol\u00edn que utilizaba para ganarse la vida en las calles.<\/p>\n<p>El m\u00fasico otom\u00ed fue detenido el 13 de febrero de 2019. Ese d\u00eda sali\u00f3 de su domicilio, ubicado en el municipio de Ecatepec, y un hombre intent\u00f3 despojarlo de su instrumento musical.<\/p>\n<p>Don Lucio se rehus\u00f3 y fue amenazado con un arma, adem\u00e1s de que recibi\u00f3 un cachazo que le revent\u00f3 el o\u00eddo. En defensa propia, la v\u00edctima hiri\u00f3 al asaltante con una navaja.<\/p>\n<p>Luego de su detenci\u00f3n, Y\u00e1\u00f1ez fue procesado por lesiones, y aunque la sentencia de dos a\u00f1os de prisi\u00f3n en el penal de Chiconautla le daba el derecho a salir bajo fianza, no pudo cubrirla por carecer de recursos.<\/p>\n<p>Tanto gobierno del Estado de M\u00e9xico como el grupo parlamentario de Morena en la Legislatura local se atribuyeron las facilidades para lograr la excarcelaci\u00f3n.<\/p>\n<p>Pasadas las 17 horas de este viernes, autoridades mexiquenses aseguraron que el gobernador Alfredo Del Mazo instruy\u00f3 a la Secretar\u00eda de Seguridad a trabajar en la excarcelaci\u00f3n del hombre.<\/p>\n<p>Por su parte, la bancada morenista en el Congreso local precis\u00f3 que el diputado por Ecatepec, Faustino de la Cruz, gestion\u00f3 la libertad del hombre ante el fiscal general del estado, Alejandro G\u00f3mez, y se coordin\u00f3 con la Uni\u00f3n de Mariachis y Norte\u00f1os de esa demarcaci\u00f3n para atender la defensa del \u201cPreso del Viol\u00edn\u201d, como se le conoc\u00eda en el interior del penal.<\/p>\n<p>El legislador celebr\u00f3 la libertad de don Lucio, pero lament\u00f3 que el caso se atendiera hasta que fue noticia nacional y se hiciera presi\u00f3n para llevar el tema al Congreso local, \u201cpues es evidente que no hay justicia para los m\u00e1s pobres\u201d.<\/p>\n<p>Y cuestion\u00f3; \u201c\u00bfPor qu\u00e9 no atendieron antes el caso para liberarlo, sino hasta que un legislador interviene para que se haga justicia a un adulto mayor, indigente y sin recursos, que s\u00f3lo defendi\u00f3 su fuente de trabajo?\u201d.<\/p>\n<p>En tanto, Jaqueline Priego, asignada al caso por parte de la Legislatura, indic\u00f3 que De La Cruz P\u00e9rez se coordin\u00f3 con la Fiscal\u00eda Regional de Justicia para cubrir los procesos correspondientes y, de ser necesario, la fianza.<\/p>\n<p>El grupo parlamentario de Morena indic\u00f3 que dar\u00e1 seguimiento a la situaci\u00f3n de don Lucio para que las autoridades le otorguen medidas de protecci\u00f3n como adulto mayor.<\/p>\n<p>\u201cVamos a solicitar se den las medidas de protecci\u00f3n necesarias, toda vez que esta situaci\u00f3n, adem\u00e1s de ser medi\u00e1tica, lo pone en cierta vulnerabilidad. Vamos a pedir medidas de protecci\u00f3n por medio de la Fiscal\u00eda\u201d, expuso Priego.<\/p>\n<p>De igual manera, la litigante destac\u00f3 que intentar\u00e1n el restablecimiento de todos los derechos fundamentales a don Lucio para que obtenga los beneficios propios de adulto mayor, y se buscar\u00e1 un albergue donde est\u00e9 bajo resguardo.<\/p>\n","protected":false},"excerpt":{"rendered":"<p>Proceso TOLUCA, Edomex. (apro).- Tras un a\u00f1o de permanecer recluido en el penal de Chiconautla, este viernes fue liberado Lucio Y\u00e1\u00f1ez, de 75 a\u00f1os de edad, sentenciado a dos a\u00f1os de prisi\u00f3n por atacar con arma blanca a un sujeto que intent\u00f3 robarle el viol\u00edn que utilizaba para ganarse la vida en las calles. El [&hellip;]<\/p>\n","protected":false},"author":249,"featured_media":14940,"comment_status":"open","ping_status":"closed","sticky":false,"template":"","format":"standard","meta":{"footnotes":""},"categories":[26],"tags":[],"class_list":["post-14939","post","type-post","status-publish","format-standard","has-post-thumbnail","hentry","category-mundo"],"_links":{"self":[{"href":"http:\/\/eloficiodehistoriar.com.mx\/index.php?rest_route=\/wp\/v2\/posts\/14939","targetHints":{"allow":["GET"]}}],"collection":[{"href":"http:\/\/eloficiodehistoriar.com.mx\/index.php?rest_route=\/wp\/v2\/posts"}],"about":[{"href":"http:\/\/eloficiodehistoriar.com.mx\/index.php?rest_route=\/wp\/v2\/types\/post"}],"author":[{"embeddable":true,"href":"http:\/\/eloficiodehistoriar.com.mx\/index.php?rest_route=\/wp\/v2\/users\/249"}],"replies":[{"embeddable":true,"href":"http:\/\/eloficiodehistoriar.com.mx\/index.php?rest_route=%2Fwp%2Fv2%2Fcomments&post=14939"}],"version-history":[{"count":1,"href":"http:\/\/eloficiodehistoriar.com.mx\/index.php?rest_route=\/wp\/v2\/posts\/14939\/revisions"}],"predecessor-version":[{"id":14941,"href":"http:\/\/eloficiodehistoriar.com.mx\/index.php?rest_route=\/wp\/v2\/posts\/14939\/revisions\/14941"}],"wp:featuredmedia":[{"embeddable":true,"href":"http:\/\/eloficiodehistoriar.com.mx\/index.php?rest_route=\/wp\/v2\/media\/14940"}],"wp:attachment":[{"href":"http:\/\/eloficiodehistoriar.com.mx\/index.php?rest_route=%2Fwp%2Fv2%2Fmedia&parent=14939"}],"wp:term":[{"taxonomy":"category","embeddable":true,"href":"http:\/\/eloficiodehistoriar.com.mx\/index.php?rest_route=%2Fwp%2Fv2%2Fcategories&post=14939"},{"taxonomy":"post_tag","embeddable":true,"href":"http:\/\/eloficiodehistoriar.com.mx\/index.php?rest_route=%2Fwp%2Fv2%2Ftags&post=14939"}],"curies":[{"name":"wp","href":"https:\/\/api.w.org\/{rel}","templated":true}]}}