{"id":14942,"date":"2020-02-16T11:36:59","date_gmt":"2020-02-16T17:36:59","guid":{"rendered":"https:\/\/eloficiodehistoriar.com.mx\/?p=14942"},"modified":"2020-02-16T11:36:59","modified_gmt":"2020-02-16T17:36:59","slug":"la-alfareria-en-ixtltepec","status":"publish","type":"post","link":"http:\/\/eloficiodehistoriar.com.mx\/?p=14942","title":{"rendered":"La alfarer\u00eda en Ixtltepec"},"content":{"rendered":"<p>La Jornada<\/p>\n<p>Juchit\u00e1n, Oaxaca.-<\/p>\n<p>Mientras con su pie hace girar el torno de pedal, con sus manos toca la arcilla y comienza a elaborar un florero, Germ\u00e1n Jim\u00e9nez Santos lleva m\u00e1s de cincuenta a\u00f1os practicando la alfarer\u00eda, un oficio artesanal que vive por la practica diaria de los abuelos zapotecas de Asunci\u00f3n Ixtaltepec.<\/p>\n<p>El Barrio de Santa Rita es icono de la alfarer\u00eda de esta localidad ubicada en el Istmo de Tehuantepec, qui\u00e9n lo visita puede observar desde sus calles la variedad de modelos y tama\u00f1os de las ollas algunas en tono natural y otros dise\u00f1ados con alegres colores.<\/p>\n<p>El artesano Germ\u00e1n Jim\u00e9nez Santos tiene 62 a\u00f1os de edad, recuerda que aprendi\u00f3 el oficio de su padre y de su abuelo y lo mejor es qu\u00e9 lo hizo \u201cobservando\u201d cuando ellos realizaban distintas figuras de barro en el torno.<\/p>\n<p>No tiene un taller propio por la falta de ingresos econ\u00f3micos, pero labora en el \u201cTaller de Alfarer\u00eda \u00c1lvaro\u201d propiedad de Luisa Toledo S\u00e1nchez y \u00c1lvaro Cabrera Santiago, en donde todos los d\u00edas moldea la arcilla para conseguir elaborar unas 50 piezas de jarrones, qu\u00e9 es su especialidad.<\/p>\n<p>Mientras sus compa\u00f1eros logran la textura ideal de la arcilla, \u00e9l gira el torno simulando una ruleta est\u00e1tica donde logra diversas formas y figuras que despu\u00e9s pasan a un proceso de cocci\u00f3n en un horno tradicional y finalmente algunos son coloreados en el taller de dise\u00f1o.<\/p>\n<p>Del cien por ciento de artesanos que son aproximadamente unas 250 personas, el ochenta son adultos mayores que a\u00fan tienen fuerzas en sus pies y brazos y son los guardianes de esta artesan\u00eda.<\/p>\n<p>\u201cAhora los j\u00f3venes no quieren aprender, no quieren mancharse las manos, pero a nosotros nos trajo primero la necesidad de obtener recursos para nuestras familias, adem\u00e1s es algo que sabemos, con el cual nacimos, entonces es imposible no compartir y mientras podamos, trabajaremos\u201d.<\/p>\n<p>Recuerda que a la edad de los 11 a\u00f1os elabor\u00f3 por vez primera su jarr\u00f3n y desde entonces anda de taller en taller compartiendo sus conocimientos y mostrando su habilidades, \u00e9l cobra por las piezas que realiza diariamente.<\/p>\n<p>\u201cAqu\u00ed no tenemos un horario fijo de trabajo, elabor\u00f3 entre 4 y 5 docenas al d\u00eda, un jarr\u00f3n lo tengo listo en aproximadamente 2 a 3 minutos, est\u00e1 herencia ya lo traigo de antes, pero ahora las nuevas generaciones no quieren saber nada de barro y mucho menos algo que los haga ensuciarse de las manos, si supieran que en el barro uno deja un pedazo de su coraz\u00f3n\u201d.<\/p>\n<p>Este taller como el resto de los que existen en esta localidad sufrieron da\u00f1os por los sismos de septiembre del 2017, por lo que toda la infraestructura es nueva y requiere de mucha producci\u00f3n para lograr recuperarse, por que el \u00fanico apoyo recibido de las autoridades federales fue para la rehabilitaci\u00f3n del horno.<\/p>\n<p>El trabajo no es nada sencillo explica \u00c1lvaro Cabrera Santiago, due\u00f1o del taller y qui\u00e9n tambi\u00e9n por herencia de su padre elabora todos los d\u00edas las artesan\u00edas de barro, mientras su esposa Luisa, tambi\u00e9n artesana se dedica al dise\u00f1o y darle color a cada una de las piezas.<\/p>\n<p>*Pinceladas de colores<\/p>\n<p>En el \u00e1rea de dise\u00f1o y color, adem\u00e1s de Luisa laboran dos mujeres trans Kristal y Leylani Nicole, quienes llevan dos a\u00f1os embelleciendo cada una de las figuras de barro que se usan principalmente en las bodas cuando se danza un baile tradicional llamado \u201cEl son de los cantaritos\u201d.<\/p>\n<p>Cada una se encarga de darle color a las piezas de barro y convertirlas en verdaderas obras de arte, en cada pieza explican van impl\u00edcitas los sentimientos y la pasi\u00f3n porque de eso depende que los clientes vuelvan y los recomienden.<\/p>\n<p>Sostener un taller de alfarer\u00eda es dif\u00edcil explica Luisa, qui\u00e9n adem\u00e1s es ama de casa y madre de familia y diariamente da color a decenas de piezas de barro.<\/p>\n<p>\u201cA veces quisiera cerrar el taller porque es complicado mantenerlo, los apoyos de gobierno para nosotros los artesanos no los hay, aqu\u00ed todo ha sido inversi\u00f3n nuestra, pero ha valido la pena, tengo a cinco personas trabajando y es sumamente dif\u00edcil pero seguimos en este caminar por conservar la identidad de nuestro pueblo\u201d.<\/p>\n<p>Luisa junto con Nicole y Kristal pasan largas horas dando color a las piezas, mientras pintan se cuentan sus vidas, escuchan m\u00fasica y hasta r\u00eden, la alfarer\u00eda se ha convertido en un alivio para ellas porque dialogan, hablan y se escuchan.<\/p>\n<p>\u201cLa Alfarer\u00eda nos da la identidad como pueblo y vemos qu\u00e9 siguen siendo los abuelos los que la conservan, aqu\u00ed llegan personas de todos los puntos de la rep\u00fablica a comprarnos, nos traen modelos y los elaboramos, es una lucha diaria la que hacemos por conservar lo nuestro y creemos que ha valido la pena todo, este taller ha hecho historia y tiene muchos a\u00f1os de haberse fundado\u201d.<\/p>\n<p>Mientras reflexionan de lo importante que es conservar esta tradici\u00f3n muy significativa de Ixtaltepec, no dejan de mover las manos, toman su brocha y la cubren de la variedad de pinturas que usan para darle dise\u00f1o a cada una de las piezas, con total cuido van rotulando hasta concluir entre 100 y 150 artesan\u00edas todos los d\u00edas.<\/p>\n","protected":false},"excerpt":{"rendered":"<p>La Jornada Juchit\u00e1n, Oaxaca.- Mientras con su pie hace girar el torno de pedal, con sus manos toca la arcilla y comienza a elaborar un florero, Germ\u00e1n Jim\u00e9nez Santos lleva m\u00e1s de cincuenta a\u00f1os practicando la alfarer\u00eda, un oficio artesanal que vive por la practica diaria de los abuelos zapotecas de Asunci\u00f3n Ixtaltepec. El Barrio [&hellip;]<\/p>\n","protected":false},"author":249,"featured_media":14943,"comment_status":"open","ping_status":"closed","sticky":false,"template":"","format":"standard","meta":{"footnotes":""},"categories":[26],"tags":[],"class_list":["post-14942","post","type-post","status-publish","format-standard","has-post-thumbnail","hentry","category-mundo"],"_links":{"self":[{"href":"http:\/\/eloficiodehistoriar.com.mx\/index.php?rest_route=\/wp\/v2\/posts\/14942","targetHints":{"allow":["GET"]}}],"collection":[{"href":"http:\/\/eloficiodehistoriar.com.mx\/index.php?rest_route=\/wp\/v2\/posts"}],"about":[{"href":"http:\/\/eloficiodehistoriar.com.mx\/index.php?rest_route=\/wp\/v2\/types\/post"}],"author":[{"embeddable":true,"href":"http:\/\/eloficiodehistoriar.com.mx\/index.php?rest_route=\/wp\/v2\/users\/249"}],"replies":[{"embeddable":true,"href":"http:\/\/eloficiodehistoriar.com.mx\/index.php?rest_route=%2Fwp%2Fv2%2Fcomments&post=14942"}],"version-history":[{"count":1,"href":"http:\/\/eloficiodehistoriar.com.mx\/index.php?rest_route=\/wp\/v2\/posts\/14942\/revisions"}],"predecessor-version":[{"id":14944,"href":"http:\/\/eloficiodehistoriar.com.mx\/index.php?rest_route=\/wp\/v2\/posts\/14942\/revisions\/14944"}],"wp:featuredmedia":[{"embeddable":true,"href":"http:\/\/eloficiodehistoriar.com.mx\/index.php?rest_route=\/wp\/v2\/media\/14943"}],"wp:attachment":[{"href":"http:\/\/eloficiodehistoriar.com.mx\/index.php?rest_route=%2Fwp%2Fv2%2Fmedia&parent=14942"}],"wp:term":[{"taxonomy":"category","embeddable":true,"href":"http:\/\/eloficiodehistoriar.com.mx\/index.php?rest_route=%2Fwp%2Fv2%2Fcategories&post=14942"},{"taxonomy":"post_tag","embeddable":true,"href":"http:\/\/eloficiodehistoriar.com.mx\/index.php?rest_route=%2Fwp%2Fv2%2Ftags&post=14942"}],"curies":[{"name":"wp","href":"https:\/\/api.w.org\/{rel}","templated":true}]}}