{"id":14948,"date":"2020-02-16T11:49:47","date_gmt":"2020-02-16T17:49:47","guid":{"rendered":"https:\/\/eloficiodehistoriar.com.mx\/?p=14948"},"modified":"2020-02-16T11:49:47","modified_gmt":"2020-02-16T17:49:47","slug":"porque-se-antenta-contra-los-libros","status":"publish","type":"post","link":"http:\/\/eloficiodehistoriar.com.mx\/?p=14948","title":{"rendered":"\u00bfPorqu\u00e9 se antenta contra los libros?"},"content":{"rendered":"<p>Elena Poniatowska<\/p>\n<p>&nbsp;<\/p>\n<p>El jueves 6 de febrero, a las 10 de la ma\u00f1ana, el jefe de V\u00eda P\u00fablica lleg\u00f3 a la esquina de avenida de la Paz e Insurgentes a levantar ocho puestos que vend\u00edan libros desde 2007.<\/p>\n<p>A un costado del edificio de la Secretar\u00eda de Cultura el espacio es muy grande y poco transitado, los puestos se ven limpios, ordenados y no estorban a nadie. Abiertos durante el d\u00eda, al atardecer no dejan basura. Al pasar pensaba yo: \u00a1Qu\u00e9 bueno y bonito ver libros!, y de noche los imaginaba envueltos como reci\u00e9n nacidos en frazadas. Al pasar, sent\u00eda yo que entraba a pie a un espacio moral, un tri\u00e1ngulo espiritual conformado por libros al aire libre y resguardados en la noche bajo una lona protectora.<\/p>\n<p>El parque San Luis Potos\u00ed, casi esquina con Insurgentes, frente al de La Bombilla, fue un obsequio del gobierno de San Luis Potos\u00ed a la Ciudad de M\u00e9xico, me informan Fernando Gonz\u00e1lez V\u00e1zquez y Laura Salgado Leite, due\u00f1os de uno de los puestos.<\/p>\n<p>\u00a1A levantar todo! \u00a1A desmantelarlo todo! Diez personas en cuatro camionetas azuzaron a Luis Hern\u00e1ndez Olvera, el velador nocturno.<\/p>\n<p>\u201cNo tenemos camiones, no hay quien nos haga el flete. Por eso, en tres d\u00edas, desde la madrugada hasta la noche, llevamos los libros del parque San Luis Potos\u00ed hasta Iztapalapa, delante de la avenida Guelatao, donde nos rentaron un local y metimos todo en cajas. Hicimos 11 viajes en una camionetita prestada. Cada uno de nosotros vive d\u00eda a d\u00eda y depende de su puesto.<\/p>\n<p>\u201c\u2018Lo siento mucho, pero te tienes que levantar. No puedes estar aqu\u00ed, si no levantas, te levantan mis muchachos en dos horas\u2019, nos dijeron. No tuvimos m\u00e1s opci\u00f3n que irnos.<\/p>\n<p>\u201cEl jueves 6 de febrero, a las 11 de la ma\u00f1ana, los de V\u00eda P\u00fablica decidieron sacarnos antes de la llegada de Claudia Sheinbaum, jefa de gobierno de la Ciudad de M\u00e9xico.<\/p>\n<p>\u201cCuando se hizo el acto de inauguraci\u00f3n de unidades del Metrob\u00fas, en el que la doctora Claudia Sheinbaum dio el banderazo para siete unidades del Metrob\u00fas, los de V\u00eda P\u00fablica nos sacaron dos horas antes de la llegada de la doctora. Para nosotros fue muy dif\u00edcil desmantelar 50 metros lineales de feria en dos horas, tantas carpas, tantos libros.<\/p>\n<p>\u201c\u2018Si no se quitan, nosotros los quitamos, echamos todo en la camioneta y lo llevamos a la delegaci\u00f3n\u2019.<\/p>\n<p>\u201cArgumentamos que necesit\u00e1bamos m\u00e1s tiempo.<\/p>\n<p>\u201c\u2018Si no limpian en dos horas, nos llevamos todo\u2019.\u201d<\/p>\n<p>Les aseguro a Fernando y a Laura que la doctora Claudia Sheinbaum, universitaria, de estar enterada jam\u00e1s habr\u00eda permitido este maltrato. Claudia ama a los libros.<\/p>\n<p>\u201cSe cometi\u00f3 una arbitrariedad, no merec\u00edamos que nos trataran en esa forma. Fuimos a la alcald\u00eda \u00c1lvaro Obreg\u00f3n para ver a Laura Ornelas, representante de cultura, y no nos atendi\u00f3, pero denunciamos la violencia que usaron en contra nuestra.<\/p>\n<p>\u201cLos libros no son algo que se venda mucho\u2026\u201d, alegan Fernando y Laura. \u201cAl principio \u00e9ramos 12 personas que se redujeron al paso de los a\u00f1os porque las ventas no eran buenas. Nos quedamos porque vimos la compra y venta de libros como un proyecto a futuro, en vista de un corredor cultural. En todas las alcald\u00edas propusimos hacer corredores culturales para que haya m\u00e1s lectores.<\/p>\n<p>\u201cAlgunos particulares llegan a vender sus libros en carro, otros los traen en una bolsa, alegan que ya no tienen espacio, que ya los leyeron y quieren comprar otros. Muchos nos avisan: \u2018Quiero vender mi biblioteca personal; ya no la necesito\u2019 y se la compramos. En el puesto, vendemos los libros a mucho menos de la mitad de precio, a un 80 por ciento de su valor original porque son usados. Desde hace seis meses ten\u00edamos una oferta de 50 por ciento de descuento porque no tuvimos buena venta. Llegan muchachos de Ciudad Universitaria, porque estamos muy cerca de escuelas particulares, frente a la Alianza Francesa, y tenemos libros en franc\u00e9s, en ingl\u00e9s, en alem\u00e1n, que abarcan hasta literatura para ni\u00f1os.<\/p>\n<p>\u201cEn su inicio, nuestra feria era itinerante. Nos decidimos por un corredor cultural y escogimos La Bombilla. De un d\u00eda para otro y sin decir ni agua va, las autoridades nos dijeron: \u2018Largo de aqu\u00ed\u2019.<\/p>\n<p>\u201cEn el parque San Luis Potos\u00ed todav\u00eda hay menos afluencia de gente que en el de la Bombilla. A nuestro proyecto, como difusores de lectura, nunca le dieron importancia. En La Bombilla, hicimos actos culturales; tuvimos un cineclub. Como somos un colectivo, nos cooperamos, compramos el proyector, una bocina y la pantalla y pas\u00e1bamos pel\u00edculas a la ca\u00edda del Sol. Las pel\u00edculas originales las prestaba una casa de cine del Centro Hist\u00f3rico. Bautizamos nuestro cine club San Luis Potos\u00ed. En la alcald\u00eda nos dijeron que no nos pod\u00edan apoyar con nada, pero que nos daban permiso. Todav\u00eda conservamos el proyector y la pantalla.<\/p>\n<p>\u201cLos que vendemos libros de viejo sabemos qui\u00e9nes somos, pero no tenemos ning\u00fan v\u00edncu-lo con las librer\u00edas de viejo de Miguel \u00c1ngel de Quevedo, de Donceles, de Tres Cruces, ning\u00fan parentesco, nada.<\/p>\n<p>\u201cEl 21 de mayo de 2007 nos dieron el permiso, aqu\u00ed tenemos el documento. Hicimos ferias itinerantes, una de ellas en el parque Tagle, frente a la Gandhi. Estuvimos ah\u00ed 10 d\u00edas, despu\u00e9s en el parque San Jacinto, el de los pintores.<\/p>\n<p>\u201cEn M\u00e9xico no hay mucho amor al libro. Los j\u00f3venes se enfocan en las redes sociales, en el celular, en el libro electr\u00f3nico. Hace 10 a\u00f1os a\u00fan consider\u00e1bamos buena la venta de libros, pero baj\u00f3 por el Facebook y las redes sociales. Logramos hacer un n\u00famero muy peque\u00f1o de lectores j\u00f3venes, porque la mayor\u00eda compra libros en l\u00ednea y ya casi no podemos hacer lectores nuevos. Nuestros clientes son personas mayores acostumbradas a leer libros f\u00edsicos; nuestro c\u00edrculo de lectores era de 40 a\u00f1os para arriba.<\/p>\n<p>Las autoridades no tienen amor por los libros. A la secci\u00f3n de Cultura de las delegaciones no les interesa los libros. Nos ignoran, nos levantan como si vendi\u00e9ramos pirater\u00eda, fritanga, quesadillas, tacos; no nos conceden el valor de promotores de lectura, aunque leemos casi todo el tiempo, asegura Fernando.<\/p>\n<p>Leo cr\u00f3nicas de la ciudad de M\u00e9xico. En mi juventud le\u00ed ciencia ficci\u00f3n. Ahora leo historia de la Ciudad de M\u00e9xico. Yo soy muy variada, contin\u00faa Laura Salgado.<\/p>\n<p>\u201cMe encantan \u00c1ngeles Mastretta, Laura Esquivel y los rusos Dostoievski, Tolstoi, pero siento que la gente se interesa cada vez m\u00e1s por los celulares, las redes sociales, diversi\u00f3n adictiva y sin esfuerzo, porque todo es visual.<\/p>\n<p>\u201cDurante los ocho a\u00f1os que tuvimos el puesto de libros, \u00edbamos al ba\u00f1o al Sanborn\u2019s, en la esquina de avenida de La Paz e Insurgentes. Primero pedimos permiso al Ministerio de Cultura para las mujeres, pero no nos lo dieron. El \u00fanico fue Sanborn\u2019s. Cinco pesos por cada entrada.<\/p>\n<p>\u201cHubo m\u00e1s sensibilidad de ese gerente de Sanborn\u2019s que de la Secretar\u00eda de Cultura\u201d, concluye Salgado.<\/p>\n","protected":false},"excerpt":{"rendered":"<p>Elena Poniatowska &nbsp; El jueves 6 de febrero, a las 10 de la ma\u00f1ana, el jefe de V\u00eda P\u00fablica lleg\u00f3 a la esquina de avenida de la Paz e Insurgentes a levantar ocho puestos que vend\u00edan libros desde 2007. A un costado del edificio de la Secretar\u00eda de Cultura el espacio es muy grande y [&hellip;]<\/p>\n","protected":false},"author":249,"featured_media":14949,"comment_status":"open","ping_status":"closed","sticky":false,"template":"","format":"standard","meta":{"footnotes":""},"categories":[26],"tags":[],"class_list":["post-14948","post","type-post","status-publish","format-standard","has-post-thumbnail","hentry","category-mundo"],"_links":{"self":[{"href":"http:\/\/eloficiodehistoriar.com.mx\/index.php?rest_route=\/wp\/v2\/posts\/14948","targetHints":{"allow":["GET"]}}],"collection":[{"href":"http:\/\/eloficiodehistoriar.com.mx\/index.php?rest_route=\/wp\/v2\/posts"}],"about":[{"href":"http:\/\/eloficiodehistoriar.com.mx\/index.php?rest_route=\/wp\/v2\/types\/post"}],"author":[{"embeddable":true,"href":"http:\/\/eloficiodehistoriar.com.mx\/index.php?rest_route=\/wp\/v2\/users\/249"}],"replies":[{"embeddable":true,"href":"http:\/\/eloficiodehistoriar.com.mx\/index.php?rest_route=%2Fwp%2Fv2%2Fcomments&post=14948"}],"version-history":[{"count":1,"href":"http:\/\/eloficiodehistoriar.com.mx\/index.php?rest_route=\/wp\/v2\/posts\/14948\/revisions"}],"predecessor-version":[{"id":14950,"href":"http:\/\/eloficiodehistoriar.com.mx\/index.php?rest_route=\/wp\/v2\/posts\/14948\/revisions\/14950"}],"wp:featuredmedia":[{"embeddable":true,"href":"http:\/\/eloficiodehistoriar.com.mx\/index.php?rest_route=\/wp\/v2\/media\/14949"}],"wp:attachment":[{"href":"http:\/\/eloficiodehistoriar.com.mx\/index.php?rest_route=%2Fwp%2Fv2%2Fmedia&parent=14948"}],"wp:term":[{"taxonomy":"category","embeddable":true,"href":"http:\/\/eloficiodehistoriar.com.mx\/index.php?rest_route=%2Fwp%2Fv2%2Fcategories&post=14948"},{"taxonomy":"post_tag","embeddable":true,"href":"http:\/\/eloficiodehistoriar.com.mx\/index.php?rest_route=%2Fwp%2Fv2%2Ftags&post=14948"}],"curies":[{"name":"wp","href":"https:\/\/api.w.org\/{rel}","templated":true}]}}