{"id":14952,"date":"2020-02-17T11:55:06","date_gmt":"2020-02-17T17:55:06","guid":{"rendered":"https:\/\/eloficiodehistoriar.com.mx\/?p=14952"},"modified":"2020-02-17T11:55:06","modified_gmt":"2020-02-17T17:55:06","slug":"unidos-por-la-emocion","status":"publish","type":"post","link":"http:\/\/eloficiodehistoriar.com.mx\/?p=14952","title":{"rendered":"\u00abUnidos por la emoci\u00f3n\u00bb"},"content":{"rendered":"<p>La Jornada<\/p>\n<p>Tokio. \u00abUnidos por la emoci\u00f3n\u00bb ser\u00e1 el lema de los Juegos Ol\u00edmpicos y Paral\u00edmpicos de Tokio 2020, revel\u00f3 el lunes el comit\u00e9 organizador, en un intento por transmitir un mensaje de diversidad e inclusi\u00f3n.<\/p>\n<p>La tenista Naomi Osaka, nacida en Jap\u00f3n de padre haitiano y madre japonesa pero criada en Estados Unidos, present\u00f3 el lema a trav\u00e9s de un video promocional.<\/p>\n<p>\u00abTodos somos diferentes, y todos somos iguales\u00bb, dice Osaka en el video, que la muestra entrando al nuevo estadio ol\u00edmpico rodeada de un grupo diverso de seguidores.<\/p>\n<p>Jap\u00f3n, que durante mucho tiempo se enorgulleci\u00f3 de ser homog\u00e9neo, se est\u00e1 volviendo cada vez un pa\u00eds m\u00e1s diverso \u00e9tnicamente y Osaka, actualmente en el d\u00e9cimo puesto en el ranking mundial, a menudo es mostrada como el rostro de estos tiempos cambiantes.<\/p>\n<p>\u00abDiversos grupos de personas, al compartir sus emociones, se convertir\u00e1n en una\u00bb, dijo el presidente ejecutivo de Tokio 2020, Toshiro Muto, durante el anuncio. \u00abEse es el tipo de Juegos que queremos que sea Tokio 2020\u00bb.<\/p>\n<p>Unos 10.000 atletas de m\u00e1s de 200 pa\u00edses se reunir\u00e1n en Tokio para participar en los Juegos Ol\u00edmpicos, que se celebrar\u00e1n del 24 de julio al 9 de agosto.<\/p>\n","protected":false},"excerpt":{"rendered":"<p>La Jornada Tokio. \u00abUnidos por la emoci\u00f3n\u00bb ser\u00e1 el lema de los Juegos Ol\u00edmpicos y Paral\u00edmpicos de Tokio 2020, revel\u00f3 el lunes el comit\u00e9 organizador, en un intento por transmitir un mensaje de diversidad e inclusi\u00f3n. La tenista Naomi Osaka, nacida en Jap\u00f3n de padre haitiano y madre japonesa pero criada en Estados Unidos, present\u00f3 [&hellip;]<\/p>\n","protected":false},"author":249,"featured_media":14953,"comment_status":"open","ping_status":"closed","sticky":false,"template":"","format":"standard","meta":{"footnotes":""},"categories":[26],"tags":[],"class_list":["post-14952","post","type-post","status-publish","format-standard","has-post-thumbnail","hentry","category-mundo"],"_links":{"self":[{"href":"http:\/\/eloficiodehistoriar.com.mx\/index.php?rest_route=\/wp\/v2\/posts\/14952","targetHints":{"allow":["GET"]}}],"collection":[{"href":"http:\/\/eloficiodehistoriar.com.mx\/index.php?rest_route=\/wp\/v2\/posts"}],"about":[{"href":"http:\/\/eloficiodehistoriar.com.mx\/index.php?rest_route=\/wp\/v2\/types\/post"}],"author":[{"embeddable":true,"href":"http:\/\/eloficiodehistoriar.com.mx\/index.php?rest_route=\/wp\/v2\/users\/249"}],"replies":[{"embeddable":true,"href":"http:\/\/eloficiodehistoriar.com.mx\/index.php?rest_route=%2Fwp%2Fv2%2Fcomments&post=14952"}],"version-history":[{"count":1,"href":"http:\/\/eloficiodehistoriar.com.mx\/index.php?rest_route=\/wp\/v2\/posts\/14952\/revisions"}],"predecessor-version":[{"id":14954,"href":"http:\/\/eloficiodehistoriar.com.mx\/index.php?rest_route=\/wp\/v2\/posts\/14952\/revisions\/14954"}],"wp:featuredmedia":[{"embeddable":true,"href":"http:\/\/eloficiodehistoriar.com.mx\/index.php?rest_route=\/wp\/v2\/media\/14953"}],"wp:attachment":[{"href":"http:\/\/eloficiodehistoriar.com.mx\/index.php?rest_route=%2Fwp%2Fv2%2Fmedia&parent=14952"}],"wp:term":[{"taxonomy":"category","embeddable":true,"href":"http:\/\/eloficiodehistoriar.com.mx\/index.php?rest_route=%2Fwp%2Fv2%2Fcategories&post=14952"},{"taxonomy":"post_tag","embeddable":true,"href":"http:\/\/eloficiodehistoriar.com.mx\/index.php?rest_route=%2Fwp%2Fv2%2Ftags&post=14952"}],"curies":[{"name":"wp","href":"https:\/\/api.w.org\/{rel}","templated":true}]}}