{"id":14962,"date":"2020-02-18T08:16:55","date_gmt":"2020-02-18T14:16:55","guid":{"rendered":"https:\/\/eloficiodehistoriar.com.mx\/?p=14962"},"modified":"2020-02-18T08:16:55","modified_gmt":"2020-02-18T14:16:55","slug":"senales-artificiales-en-el-cosmos-expertos","status":"publish","type":"post","link":"http:\/\/eloficiodehistoriar.com.mx\/?p=14962","title":{"rendered":"Se\u00f1ales artificiales en el cosmos: Expertos"},"content":{"rendered":"<p>Artificial, posible origen de ciertas se\u00f1ales c\u00f3smicas, considera experto<br \/>\nEuropa Press<\/p>\n<p>La Jornada<\/p>\n<p>Madrid. Una posibilidad para explicar las primeras se\u00f1ales c\u00f3smicas FRB (r\u00e1fagas r\u00e1pidas de radio) repetitivas, detectadas a 500 millones de a\u00f1os luz con una cadencia de 16 d\u00edas, es que su origen sea artificial.<\/p>\n<p>As\u00ed lo manifest\u00f3 Avi Loeb, presidente del departamento de astronom\u00eda de la Universidad Harvard, que si bien admite que estas novedosas se\u00f1ales FRB reci\u00e9n descubiertas por astr\u00f3nomos canadienses, podr\u00edan ser generadas tambi\u00e9n por j\u00f3venes estrellas de neutrones llamadas magnetares, o por otro fen\u00f3meno natural a\u00fan no descubierto.<\/p>\n<p>Pero por el momento no tenemos una pistola humeante que indique claramente la naturaleza de los FRB, escribi\u00f3 en un correo electr\u00f3nico remitido a la revista en l\u00ednea Futurism. Por tanto, deben considerarse todas las posibilidades, incluido un origen artificial.<\/p>\n<p>Se\u00f1al\u00f3 que una posibilidad concreta es una civilizaci\u00f3n extraterrestre que utiliza un haz de energ\u00eda para impulsar cargas a trav\u00e9s del espacio, y que los investigadores canadienses captan la radiaci\u00f3n que se escapa de ella.<\/p>\n<p>Sin embargo, Loeb sostuvo que previamente examin\u00f3 ese concepto en un art\u00edculo de 2017, y descubri\u00f3 que la fuerza requerida para mover cargas con haces de energ\u00eda ser\u00eda absolutamente asombrosa. De hecho, precis\u00f3, tal rayo requerir\u00eda tanta energ\u00eda como la totalidad de la luz solar que llega a la Tierra.<\/p>\n<p>Esto necesitar\u00eda un gran proyecto de ingenier\u00eda, mucho m\u00e1s ambicioso que el que tenemos en la Tierra, escribi\u00f3. Por tanto, el principal desaf\u00edo tecnol\u00f3gico est\u00e1 en la enorme potencia que el haz de radio necesita para transportar.<\/p>\n<p>Esta no es la primera vez en la que Loeb alude a or\u00edgenes artificiales en relaci\u00f3n con descubrimientos en el espacio. En 2018 sugiri\u00f3 que el objeto interestelar Oumuama podr\u00eda ser el desecho de una nave alien\u00edgena.<\/p>\n","protected":false},"excerpt":{"rendered":"<p>Artificial, posible origen de ciertas se\u00f1ales c\u00f3smicas, considera experto Europa Press La Jornada Madrid. Una posibilidad para explicar las primeras se\u00f1ales c\u00f3smicas FRB (r\u00e1fagas r\u00e1pidas de radio) repetitivas, detectadas a 500 millones de a\u00f1os luz con una cadencia de 16 d\u00edas, es que su origen sea artificial. As\u00ed lo manifest\u00f3 Avi Loeb, presidente del departamento [&hellip;]<\/p>\n","protected":false},"author":249,"featured_media":14963,"comment_status":"open","ping_status":"closed","sticky":false,"template":"","format":"standard","meta":{"footnotes":""},"categories":[26],"tags":[],"class_list":["post-14962","post","type-post","status-publish","format-standard","has-post-thumbnail","hentry","category-mundo"],"_links":{"self":[{"href":"http:\/\/eloficiodehistoriar.com.mx\/index.php?rest_route=\/wp\/v2\/posts\/14962","targetHints":{"allow":["GET"]}}],"collection":[{"href":"http:\/\/eloficiodehistoriar.com.mx\/index.php?rest_route=\/wp\/v2\/posts"}],"about":[{"href":"http:\/\/eloficiodehistoriar.com.mx\/index.php?rest_route=\/wp\/v2\/types\/post"}],"author":[{"embeddable":true,"href":"http:\/\/eloficiodehistoriar.com.mx\/index.php?rest_route=\/wp\/v2\/users\/249"}],"replies":[{"embeddable":true,"href":"http:\/\/eloficiodehistoriar.com.mx\/index.php?rest_route=%2Fwp%2Fv2%2Fcomments&post=14962"}],"version-history":[{"count":1,"href":"http:\/\/eloficiodehistoriar.com.mx\/index.php?rest_route=\/wp\/v2\/posts\/14962\/revisions"}],"predecessor-version":[{"id":14964,"href":"http:\/\/eloficiodehistoriar.com.mx\/index.php?rest_route=\/wp\/v2\/posts\/14962\/revisions\/14964"}],"wp:featuredmedia":[{"embeddable":true,"href":"http:\/\/eloficiodehistoriar.com.mx\/index.php?rest_route=\/wp\/v2\/media\/14963"}],"wp:attachment":[{"href":"http:\/\/eloficiodehistoriar.com.mx\/index.php?rest_route=%2Fwp%2Fv2%2Fmedia&parent=14962"}],"wp:term":[{"taxonomy":"category","embeddable":true,"href":"http:\/\/eloficiodehistoriar.com.mx\/index.php?rest_route=%2Fwp%2Fv2%2Fcategories&post=14962"},{"taxonomy":"post_tag","embeddable":true,"href":"http:\/\/eloficiodehistoriar.com.mx\/index.php?rest_route=%2Fwp%2Fv2%2Ftags&post=14962"}],"curies":[{"name":"wp","href":"https:\/\/api.w.org\/{rel}","templated":true}]}}