{"id":14965,"date":"2020-02-18T08:20:33","date_gmt":"2020-02-18T14:20:33","guid":{"rendered":"https:\/\/eloficiodehistoriar.com.mx\/?p=14965"},"modified":"2020-02-18T08:20:33","modified_gmt":"2020-02-18T14:20:33","slug":"a-20-grdos-celsus-la-antartida","status":"publish","type":"post","link":"http:\/\/eloficiodehistoriar.com.mx\/?p=14965","title":{"rendered":"A 20 grdos celsus La Antartida"},"content":{"rendered":"<p>La Ant\u00e1rtida registr\u00f3 este mes temperaturas superiores a 20 grados Celsius, algo nunca visto en el continente blanco, inform\u00f3 el cient\u00edfico brasile\u00f1o Carlos Schaefer, quien realiz\u00f3 sus mediciones en la isla Marambio (o Seymour). El dato no permite anticipar cambios clim\u00e1ticos. Es un apunte en una investigaci\u00f3n, pero nunca se vio en la Ant\u00e1rtida un registro de ese tipo, subray\u00f3. Es s\u00f3lo una se\u00f1al de que algo diferente est\u00e1 sucediendo en esa zona, precis\u00f3 el especialista en permafrost. Las im\u00e1genes fueron captadas en el puerto de Orne, en las islas Shetland del Sur. Los ping\u00fcinos son ejemplares de barbijo (Pygoscelis antarcticus).<\/p>\n","protected":false},"excerpt":{"rendered":"<p>La Ant\u00e1rtida registr\u00f3 este mes temperaturas superiores a 20 grados Celsius, algo nunca visto en el continente blanco, inform\u00f3 el cient\u00edfico brasile\u00f1o Carlos Schaefer, quien realiz\u00f3 sus mediciones en la isla Marambio (o Seymour). El dato no permite anticipar cambios clim\u00e1ticos. Es un apunte en una investigaci\u00f3n, pero nunca se vio en la Ant\u00e1rtida un [&hellip;]<\/p>\n","protected":false},"author":249,"featured_media":14966,"comment_status":"open","ping_status":"closed","sticky":false,"template":"","format":"standard","meta":{"footnotes":""},"categories":[26],"tags":[],"class_list":["post-14965","post","type-post","status-publish","format-standard","has-post-thumbnail","hentry","category-mundo"],"_links":{"self":[{"href":"http:\/\/eloficiodehistoriar.com.mx\/index.php?rest_route=\/wp\/v2\/posts\/14965","targetHints":{"allow":["GET"]}}],"collection":[{"href":"http:\/\/eloficiodehistoriar.com.mx\/index.php?rest_route=\/wp\/v2\/posts"}],"about":[{"href":"http:\/\/eloficiodehistoriar.com.mx\/index.php?rest_route=\/wp\/v2\/types\/post"}],"author":[{"embeddable":true,"href":"http:\/\/eloficiodehistoriar.com.mx\/index.php?rest_route=\/wp\/v2\/users\/249"}],"replies":[{"embeddable":true,"href":"http:\/\/eloficiodehistoriar.com.mx\/index.php?rest_route=%2Fwp%2Fv2%2Fcomments&post=14965"}],"version-history":[{"count":1,"href":"http:\/\/eloficiodehistoriar.com.mx\/index.php?rest_route=\/wp\/v2\/posts\/14965\/revisions"}],"predecessor-version":[{"id":14967,"href":"http:\/\/eloficiodehistoriar.com.mx\/index.php?rest_route=\/wp\/v2\/posts\/14965\/revisions\/14967"}],"wp:featuredmedia":[{"embeddable":true,"href":"http:\/\/eloficiodehistoriar.com.mx\/index.php?rest_route=\/wp\/v2\/media\/14966"}],"wp:attachment":[{"href":"http:\/\/eloficiodehistoriar.com.mx\/index.php?rest_route=%2Fwp%2Fv2%2Fmedia&parent=14965"}],"wp:term":[{"taxonomy":"category","embeddable":true,"href":"http:\/\/eloficiodehistoriar.com.mx\/index.php?rest_route=%2Fwp%2Fv2%2Fcategories&post=14965"},{"taxonomy":"post_tag","embeddable":true,"href":"http:\/\/eloficiodehistoriar.com.mx\/index.php?rest_route=%2Fwp%2Fv2%2Ftags&post=14965"}],"curies":[{"name":"wp","href":"https:\/\/api.w.org\/{rel}","templated":true}]}}