{"id":14968,"date":"2020-02-18T08:30:27","date_gmt":"2020-02-18T14:30:27","guid":{"rendered":"https:\/\/eloficiodehistoriar.com.mx\/?p=14968"},"modified":"2020-02-18T08:30:27","modified_gmt":"2020-02-18T14:30:27","slug":"gloria-contreras-bailarina","status":"publish","type":"post","link":"http:\/\/eloficiodehistoriar.com.mx\/?p=14968","title":{"rendered":"Gloria Contreras; Bailarina"},"content":{"rendered":"<p>(apro).-<\/p>\n<p>Diego V\u00e1zquez, el director del Taller Coreogr\u00e1fico de la UNAM ha programado para la temporada que celebra los 50 a\u00f1os del grupo fundado por Gloria Contreras, dos obras emblem\u00e1ticas de la maestra, Danza para mujeres y Rapsodia en azul.<\/p>\n<p>El programa, asimismo, \u201ces realmente un balance entre las nuevas coreograf\u00edas y el repertorio de la maestra\u201d, seg\u00fan evalu\u00f3 la int\u00e9rprete y profesora Karina Ter\u00e1n, al se\u00f1alar que \u201cel joven director, Diego Vazquez, presenta una de sus composiciones y tambi\u00e9n Olga Rodr\u00edguez, una de las bailarinas m\u00e1s consagradas por su larga trayectoria dentro del TCUNAM, muestra su creaci\u00f3n coreogr\u00e1fica\u201d.<\/p>\n<p>Este \u201cprograma balanceado\u201d entre el acervo de Contreras y el estilo de los artistas mencionados, \u201ces un reconocimiento al legado coreogr\u00e1fico de Contreras e historia del TCUNAM\u201d, refiri\u00f3 a esta agencia la tambi\u00e9n critica de danza de la revista Proceso.<\/p>\n<p>Con m\u00fasica de Pergolessi<br \/>\nEn Danza para mujeres, con m\u00fasica de Pergolessi, que se presentar\u00e1 el pr\u00f3ximo fin de semana \u201cla maestra Contreras demuestra su conocimiento musical para articular y enfatizar los pasos que crea de acuerdo a la personalidad de cada mujer. Son cuatro las f\u00e9minas que Contreras ubic\u00f3: infantil, guerrera, po\u00e9tica y soberana. Todas muy arquet\u00edpicas. O quiz\u00e1 tambi\u00e9n para ella, esos arquetipos pudieran existir en una sola mujer\u201d, dice Ter\u00e1n, quien form\u00f3 parte del hist\u00f3rico Seminario del taller en vida de Contreras.<\/p>\n<p>Por otra parte, Rapsodia en azul \u201ces un divertimento fabuloso que recuerda la vida nocturna, el jazz, el blues (g\u00e9neros afroamericanos de Nueva York) de primera mitad del siglo XX, en la cual la maestra se arriesg\u00f3 a descomponer los pasos, haci\u00e9ndolos m\u00e1s libres y menos estrictos en la forma para dar un car\u00e1cter de fiesta en la noche, lo cual es muy contrastante con Danza para mujeres, donde ella defini\u00f3 m\u00e1s los tipos y el movimiento\u201d.<\/p>\n<p>Las coreograf\u00edas de Rodr\u00edguez y V\u00e1zquez son, respectivamente, Desd\u00e9emona y Ana duerme.<\/p>\n<p>El programa de la temporada 103 \u2013que durar\u00e1 cuatro meses, febrero a junio\u2013 se llevar\u00e1 a cabo los d\u00edas viernes 21 y domingos 23 de febrero, a las 12:30 horas. La primera funci\u00f3n, en el Teatro Arq. Carlos Lazo de la Facultad de Arquitectura, y la segunda en la Sala Covarrubias del Centro Cultural Universitario.<\/p>\n<p>Te puede interesar: UNAM instala su \u201cC\u00e1tedra Extraordinaria Gloria Contreras\u201d<\/p>\n","protected":false},"excerpt":{"rendered":"<p>(apro).- Diego V\u00e1zquez, el director del Taller Coreogr\u00e1fico de la UNAM ha programado para la temporada que celebra los 50 a\u00f1os del grupo fundado por Gloria Contreras, dos obras emblem\u00e1ticas de la maestra, Danza para mujeres y Rapsodia en azul. El programa, asimismo, \u201ces realmente un balance entre las nuevas coreograf\u00edas y el repertorio de [&hellip;]<\/p>\n","protected":false},"author":249,"featured_media":14969,"comment_status":"open","ping_status":"closed","sticky":false,"template":"","format":"standard","meta":{"footnotes":""},"categories":[26],"tags":[],"class_list":["post-14968","post","type-post","status-publish","format-standard","has-post-thumbnail","hentry","category-mundo"],"_links":{"self":[{"href":"http:\/\/eloficiodehistoriar.com.mx\/index.php?rest_route=\/wp\/v2\/posts\/14968","targetHints":{"allow":["GET"]}}],"collection":[{"href":"http:\/\/eloficiodehistoriar.com.mx\/index.php?rest_route=\/wp\/v2\/posts"}],"about":[{"href":"http:\/\/eloficiodehistoriar.com.mx\/index.php?rest_route=\/wp\/v2\/types\/post"}],"author":[{"embeddable":true,"href":"http:\/\/eloficiodehistoriar.com.mx\/index.php?rest_route=\/wp\/v2\/users\/249"}],"replies":[{"embeddable":true,"href":"http:\/\/eloficiodehistoriar.com.mx\/index.php?rest_route=%2Fwp%2Fv2%2Fcomments&post=14968"}],"version-history":[{"count":1,"href":"http:\/\/eloficiodehistoriar.com.mx\/index.php?rest_route=\/wp\/v2\/posts\/14968\/revisions"}],"predecessor-version":[{"id":14970,"href":"http:\/\/eloficiodehistoriar.com.mx\/index.php?rest_route=\/wp\/v2\/posts\/14968\/revisions\/14970"}],"wp:featuredmedia":[{"embeddable":true,"href":"http:\/\/eloficiodehistoriar.com.mx\/index.php?rest_route=\/wp\/v2\/media\/14969"}],"wp:attachment":[{"href":"http:\/\/eloficiodehistoriar.com.mx\/index.php?rest_route=%2Fwp%2Fv2%2Fmedia&parent=14968"}],"wp:term":[{"taxonomy":"category","embeddable":true,"href":"http:\/\/eloficiodehistoriar.com.mx\/index.php?rest_route=%2Fwp%2Fv2%2Fcategories&post=14968"},{"taxonomy":"post_tag","embeddable":true,"href":"http:\/\/eloficiodehistoriar.com.mx\/index.php?rest_route=%2Fwp%2Fv2%2Ftags&post=14968"}],"curies":[{"name":"wp","href":"https:\/\/api.w.org\/{rel}","templated":true}]}}