{"id":23889,"date":"2021-09-14T09:28:07","date_gmt":"2021-09-14T15:28:07","guid":{"rendered":"https:\/\/eloficiodehistoriar.com.mx\/?p=23889"},"modified":"2021-09-15T08:15:34","modified_gmt":"2021-09-15T14:15:34","slug":"kenneth-branagh-presenta-belfast-una-carta-de-amor-a-su-ciudad-natal","status":"publish","type":"post","link":"http:\/\/eloficiodehistoriar.com.mx\/?p=23889","title":{"rendered":"Kenneth Branagh presenta\u00a0Belfast,\u00a0una carta de amor a su ciudad natal"},"content":{"rendered":"<div class=\"cabeza\">En Toronto, Kenneth Branagh presenta\u00a0<em>Belfast,<\/em>\u00a0una carta de amor a su ciudad natal<\/div>\n<div class=\"sumarios\"><\/div>\n<div id=\"article-text\" class=\"text\">\n<div class=\"foto\">\n<div class=\"pie-foto\">Afp<\/div>\n<\/div>\n<div class=\"col col1\">\n<div class=\"credito-titulo\"><\/div>\n<div class=\"hemero\">\n<p>La Jornada<\/p>\n<\/div>\n<p class=\"s-s\">Toronto.<\/p>\n<p class=\"s-s\">En momentos en que las tensiones han crecido en Irlanda del Norte, Kenneth Branagh present\u00f3 su pel\u00edcula\u00a0<em>Belfast,<\/em>\u00a0una carta de amor a su ciudad natal que conmovi\u00f3 a los espectadores en el festival de cine de Toronto.<\/p>\n<p>Inspirada en su historia personal, esta comedia dram\u00e1tica en blanco y negro, que se estrenar\u00e1 en noviembre en Estados Unidos y en diciembre en Latinoam\u00e9rica, relata el estallido de la violencia en la provincia brit\u00e1nica a fines de la d\u00e9cada de los 60 a trav\u00e9s de la mirada de Buddy, un ni\u00f1o de nueve a\u00f1os.<\/p>\n<p>Fue a esa edad que Branagh y su familia se trasladaron a Inglaterra para escapar de\u00a0<em>The Troubles<\/em>\u00a0<em>(Los problemas,<\/em>\u00a0como se denomin\u00f3 al conflicto norirland\u00e9s).<\/p>\n<p><q>Una historia como esta intenta mostrar que incluso en medio del caos y la violencia, esta ciudad tiene cualidades incre\u00edbles<\/q>, dijo a la Afp el actor y director en la alfombra roja del Festival Internacional de Cine de Toronto.<\/p>\n<p class=\"sumario\">El\u00a0<em>Brexit<\/em>\u00a0socav\u00f3 la paz<\/p>\n<p class=\"s-s\">Los habitantes de Belfast\u00a0<q>han superado una cantidad incre\u00edble de desaf\u00edos<\/q>\u00a0que contin\u00faan, agreg\u00f3.<\/p>\n<p>Irlanda del Norte se ha visto sacudida en los \u00faltimos meses por una violencia sin precedente en varios a\u00f1os despu\u00e9s de que el\u00a0<em>Brexit<\/em>\u00a0socavara una paz fr\u00e1gil.<\/p>\n<p>Los hechos de violencia han resucitado el fantasma del conflicto norirland\u00e9s y sus 3 mil 500 muertes, que durante tres sangrientas d\u00e9cadas enfrent\u00f3 a republicanos, principalmente cat\u00f3licos partidarios de la reunificaci\u00f3n con Irlanda, y sindicalistas protestantes, fervientes defensores de la pertenencia al Reino Unido.<\/p>\n<p>Desde la primera escena, el espectador se sumerge en la violencia de la \u00e9poca: en el verano de 1969, un grupo de protestantes atacan a familias cat\u00f3licas para obligarlas a abandonar las calles donde conviv\u00edan ambos grupos. Son desplegadas las tropas brit\u00e1nicas y el padre de Buddy se enfrenta a la dif\u00edcil decisi\u00f3n de emigrar con su familia.<\/p>\n<\/div>\n<div class=\"col col2\">\n<p><q>El miedo a las bombas cada fin de semana cuando intentamos encontrarnos con nuestros amigos en la ciudad. Ese tipo de cosas que se hab\u00edan vuelto tan normales parecen una locura en retrospectiva<\/q>, recuerda el actor Jamie Dornan, quien tambi\u00e9n creci\u00f3 en Belfast.<\/p>\n<p>\u201cLamentablemente, siempre estar\u00e1n presentes\u00a0<em>Los problemas<\/em>\u00a0en Irlanda del Norte\u201d, agrega el actor, conocido en particular por haber interpretado uno de los papeles protagonistas en el taquillero filme\u00a0<em>Cincuenta sombras de Grey.<\/em><\/p>\n<p>Pero en\u00a0<em>Belfast,<\/em>\u00a0la violencia est\u00e1 atenuada en parte por la mirada del ni\u00f1o (Jude Hill), que s\u00f3lo entiende parcialmente la gravedad de la situaci\u00f3n. La pel\u00edcula tambi\u00e9n relaja la tensi\u00f3n con el recurso del humor.<\/p>\n<p>El largometraje, ovacionado por el p\u00fablico de Toronto y visto por algunos cr\u00edticos como buen candidato a los \u00d3scar el pr\u00f3ximo a\u00f1o, tambi\u00e9n destaca por su elenco de estrellas: Jamie Dornan, Judi Dench, Caitriona Balfe y Ciaran Hinds.<\/p>\n<p>Branagh, cuya carrera ecl\u00e9ctica que abarca desde adaptaciones de Shakespeare hasta la cinta de superh\u00e9roes\u00a0<em>Thor,<\/em>\u00a0dice que hab\u00eda estado madurando\u00a0<em>Belfast<\/em>\u00a0durante d\u00e9cadas, pero fue el primer confinamiento pand\u00e9mico en Inglaterra lo que finalmente le dio la oportunidad de escribirla.<\/p>\n<p><q>La amenaza de este virus tan peligroso que nos encerr\u00f3, creo que nos hizo a todos muy introspectivos<\/q>, estim\u00f3 el realizador.<\/p>\n<p>Esta edici\u00f3n del festival cont\u00f3 con estrellas de Hollywood por primera vez desde hace dos a\u00f1os debido a la pandemia de Covid-19.<\/p>\n<\/div>\n<\/div>\n<div class=\"go gui\">\n<div class=\"go-up\"><\/div>\n<\/div>\n","protected":false},"excerpt":{"rendered":"<p>En Toronto, Kenneth Branagh presenta\u00a0Belfast,\u00a0una carta de amor a su ciudad natal Afp La Jornada Toronto. En momentos en que las tensiones han crecido en Irlanda del Norte, Kenneth Branagh present\u00f3 su pel\u00edcula\u00a0Belfast,\u00a0una carta de amor a su ciudad natal que conmovi\u00f3 a los espectadores en el festival de cine de Toronto. Inspirada en su [&hellip;]<\/p>\n","protected":false},"author":249,"featured_media":23917,"comment_status":"open","ping_status":"closed","sticky":false,"template":"","format":"standard","meta":{"footnotes":""},"categories":[26],"tags":[],"class_list":["post-23889","post","type-post","status-publish","format-standard","has-post-thumbnail","hentry","category-mundo"],"_links":{"self":[{"href":"http:\/\/eloficiodehistoriar.com.mx\/index.php?rest_route=\/wp\/v2\/posts\/23889","targetHints":{"allow":["GET"]}}],"collection":[{"href":"http:\/\/eloficiodehistoriar.com.mx\/index.php?rest_route=\/wp\/v2\/posts"}],"about":[{"href":"http:\/\/eloficiodehistoriar.com.mx\/index.php?rest_route=\/wp\/v2\/types\/post"}],"author":[{"embeddable":true,"href":"http:\/\/eloficiodehistoriar.com.mx\/index.php?rest_route=\/wp\/v2\/users\/249"}],"replies":[{"embeddable":true,"href":"http:\/\/eloficiodehistoriar.com.mx\/index.php?rest_route=%2Fwp%2Fv2%2Fcomments&post=23889"}],"version-history":[{"count":2,"href":"http:\/\/eloficiodehistoriar.com.mx\/index.php?rest_route=\/wp\/v2\/posts\/23889\/revisions"}],"predecessor-version":[{"id":23918,"href":"http:\/\/eloficiodehistoriar.com.mx\/index.php?rest_route=\/wp\/v2\/posts\/23889\/revisions\/23918"}],"wp:featuredmedia":[{"embeddable":true,"href":"http:\/\/eloficiodehistoriar.com.mx\/index.php?rest_route=\/wp\/v2\/media\/23917"}],"wp:attachment":[{"href":"http:\/\/eloficiodehistoriar.com.mx\/index.php?rest_route=%2Fwp%2Fv2%2Fmedia&parent=23889"}],"wp:term":[{"taxonomy":"category","embeddable":true,"href":"http:\/\/eloficiodehistoriar.com.mx\/index.php?rest_route=%2Fwp%2Fv2%2Fcategories&post=23889"},{"taxonomy":"post_tag","embeddable":true,"href":"http:\/\/eloficiodehistoriar.com.mx\/index.php?rest_route=%2Fwp%2Fv2%2Ftags&post=23889"}],"curies":[{"name":"wp","href":"https:\/\/api.w.org\/{rel}","templated":true}]}}